{"id":23015,"date":"2020-07-13T21:06:14","date_gmt":"2020-07-13T21:06:14","guid":{"rendered":"https:\/\/redsemlac.com\/semmexico\/?p=23015"},"modified":"2023-07-21T16:25:51","modified_gmt":"2023-07-21T21:25:51","slug":"reabrir-la-economia-de-mexico-en-medio-de-una-transmision-intensa-puede-acelerar-los-casos-de-covid-19","status":"publish","type":"post","link":"https:\/\/redsemlac.com\/semmexico\/reabrir-la-economia-de-mexico-en-medio-de-una-transmision-intensa-puede-acelerar-los-casos-de-covid-19\/","title":{"rendered":"Reabrir la econom\u00eda de M\u00e9xico en medio de una transmisi\u00f3n intensa puede acelerar los casos de COVID-19"},"content":{"rendered":"\n<ul class=\"wp-block-list\"><li><strong>M\u00e9xico debe encontrar la manera de balancear la aceleraci\u00f3n del COVID-19 y la reapertura de su econom\u00eda, advirti\u00f3 el director de emergencias de la\u00a0<a href=\"http:\/\/www.who.int\/es\/\">Organizaci\u00f3n Mundial de la Salud<\/a>\u00a0<\/strong><\/li><\/ul>\n\n\n\n<p class=\"wp-block-paragraph\"><strong>Alexis Aubin\/Foto: ONU Mexico<\/strong><\/p>\n\n\n\n<p class=\"wp-block-paragraph\">SemM\u00e9xico\/Noticias ONU. 13 de julio 2020.-  M\u00e9xico es actualmente el quinto pa\u00eds del mundo con m\u00e1s muertes por coronavirus. Una reapertura en medio de una alta transmisi\u00f3n comunitaria puede llevar a una aceleraci\u00f3n en los contagios, as\u00ed como a un posible colapso de los sistemas de salud, advirtieron los expertos de la agencia de la salud de la ONU.\u00a0<\/p>\n\n\n\n<p class=\"wp-block-paragraph\">M\u00e9xico debe encontrar la manera de balancear la aceleraci\u00f3n del COVID-19 y la reapertura de su econom\u00eda, advirti\u00f3 el director de emergencias de la&nbsp;<a href=\"http:\/\/www.who.int\/es\/\">Organizaci\u00f3n Mundial de la Salud<\/a>&nbsp;este viernes.<\/p>\n\n\n\n<p class=\"wp-block-paragraph\">Michael Ryan asegur\u00f3 que, aunque es dif\u00edcil predecir la trayectoria de la epidemia en cualquier pa\u00eds, M\u00e9xico es ahora mismo la quinta naci\u00f3n&nbsp;<strong>con m\u00e1s muertes por coronavirus,<\/strong>&nbsp;y ha tenido n\u00fameros de contagios diarios r\u00e9cord, cuyo total alcanza ya m\u00e1s de un cuarto de mill\u00f3n.<\/p>\n\n\n\n<p class=\"wp-block-paragraph\">\u201cM\u00e9xico est\u00e1 en el proceso de reapertura y en este periodo los casos han incrementado significativamente, se trata de un patr\u00f3n que hemos visto en un n\u00famero de pa\u00edses. Abrir la econom\u00eda en medio de una transmisi\u00f3n comunitaria intensa puede llevar a una aceleraci\u00f3n de los contagios\u201d, asegur\u00f3 el experto durante la conferencia de prensa habitual de la Organizaci\u00f3n.<\/p>\n\n\n\n<p class=\"wp-block-paragraph\">Ryan expres\u00f3 que es necesario mirar al nivel subnacional e<strong>&nbsp;identificar donde el virus est\u00e9 bajo control&nbsp;<\/strong>y as\u00ed decidir d\u00f3nde se puede comenzar a reabrir.<\/p>\n\n\n\n<p class=\"wp-block-paragraph\">\u201cEntender cu\u00e1les son las zonas con mayor transmisi\u00f3n y donde tal vez se necesite revertir o ralentizar la reapertura. Esto debe estar acompa\u00f1ado de vigilancia de salud p\u00fablica y de comunicaci\u00f3n con las comunidades. Hasta cierto punto esto depende de la confianza. Debe haber mensajes claros y consistentes sobre los riesgos por parte de las autoridades y los l\u00edderes, tenemos que ser honestos con las comunidades sobre el nivel de la epidemia\u201d, a\u00f1adi\u00f3.<\/p>\n\n\n\n<p class=\"wp-block-paragraph\">El director de emergencias adem\u00e1s explic\u00f3 que si las comunidades regresan a su actividad normal y la vigilancia de salud publica es d\u00e9bil&nbsp;<strong>para identificar y rastrear casos r\u00e1pido<\/strong>, se podr\u00eda llegar a un nivel donde el n\u00famero de contagios exceda la capacidad del sistema sanitario.<\/p>\n\n\n\n<p class=\"wp-block-paragraph\">\u201cNo queremos volver a la situaci\u00f3n que ve\u00edamos (en algunos pa\u00edses) al comienzo en febrero y marzo donde los sistemas de salud fallaron ante la cantidad de infectados. Tenemos que intentar evitar esto a toda costa\u201d, expres\u00f3.<\/p>\n\n\n\n<p class=\"wp-block-paragraph\">Ryan dijo adem\u00e1s que entiende la situaci\u00f3n de muchas familias en M\u00e9xico y otros pa\u00edses, que dependen del d\u00eda a d\u00eda para sobrevivir y alimentar a los suyos, y el reto que esto representa para los Gobiernos.<\/p>\n\n\n\n<p class=\"wp-block-paragraph\">\u201cPero tenemos que encontrar una manera de balancear la aceleraci\u00f3n del COVID-19 con la reapertura de la econom\u00eda, porque est\u00e1 claro que abrir en esas condiciones puede revertir el progreso del pa\u00eds entero. Una reapertura a \u2018ciegas\u2019, que no est\u00e9 asociada a pasos progresivos basados en los datos llevar\u00e1 a los pa\u00edses a donde nadie quiere estar,&nbsp;<strong>M\u00e9xico incluido<\/strong>\u201d, recalc\u00f3.<\/p>\n","protected":false},"excerpt":{"rendered":"<p>M\u00e9xico debe encontrar la manera de balancear la aceleraci\u00f3n del COVID-19 y la reapertura de su econom\u00eda, advirti\u00f3 el director de emergencias de la Organizaci\u00f3n Mundial de la Salud <\/p>\n","protected":false},"author":3,"featured_media":23016,"comment_status":"open","ping_status":"open","sticky":false,"template":"","format":"standard","meta":{"_monsterinsights_skip_tracking":false,"footnotes":""},"categories":[691,135],"tags":[],"class_list":["post-23015","post","type-post","status-publish","format-standard","has-post-thumbnail","category-691","category-emergencia-sanitaria-covid-19"],"_links":{"self":[{"href":"https:\/\/redsemlac.com\/semmexico\/wp-json\/wp\/v2\/posts\/23015","targetHints":{"allow":["GET"]}}],"collection":[{"href":"https:\/\/redsemlac.com\/semmexico\/wp-json\/wp\/v2\/posts"}],"about":[{"href":"https:\/\/redsemlac.com\/semmexico\/wp-json\/wp\/v2\/types\/post"}],"author":[{"embeddable":true,"href":"https:\/\/redsemlac.com\/semmexico\/wp-json\/wp\/v2\/users\/3"}],"replies":[{"embeddable":true,"href":"https:\/\/redsemlac.com\/semmexico\/wp-json\/wp\/v2\/comments?post=23015"}],"version-history":[{"count":0,"href":"https:\/\/redsemlac.com\/semmexico\/wp-json\/wp\/v2\/posts\/23015\/revisions"}],"wp:featuredmedia":[{"embeddable":true,"href":"https:\/\/redsemlac.com\/semmexico\/wp-json\/wp\/v2\/media\/23016"}],"wp:attachment":[{"href":"https:\/\/redsemlac.com\/semmexico\/wp-json\/wp\/v2\/media?parent=23015"}],"wp:term":[{"taxonomy":"category","embeddable":true,"href":"https:\/\/redsemlac.com\/semmexico\/wp-json\/wp\/v2\/categories?post=23015"},{"taxonomy":"post_tag","embeddable":true,"href":"https:\/\/redsemlac.com\/semmexico\/wp-json\/wp\/v2\/tags?post=23015"}],"curies":[{"name":"wp","href":"https:\/\/api.w.org\/{rel}","templated":true}]}}