{"id":23012,"date":"2020-07-13T20:24:18","date_gmt":"2020-07-13T20:24:18","guid":{"rendered":"https:\/\/redsemlac.com\/semmexico\/?p=23012"},"modified":"2023-07-21T16:25:51","modified_gmt":"2023-07-21T21:25:51","slug":"rafaga-24","status":"publish","type":"post","link":"https:\/\/redsemlac.com\/semmexico\/rafaga-24\/","title":{"rendered":"R\u00e1faga"},"content":{"rendered":"\n<h2 class=\"wp-block-heading\">Siguen en apogeo inseguridad y violencia<\/h2>\n\n\n\n<p class=\"wp-block-paragraph\">*<strong>Como dijo don Alejandro Mart\u00ed: S\u00ed no pueden, \u00a1Renuncien!<\/strong><\/p>\n\n\n\n<p class=\"wp-block-paragraph\"><strong>Jorge Herrera Valenzuela<\/strong><\/p>\n\n\n\n<p class=\"wp-block-paragraph\">SemM\u00e9xico, 13 de julio, 2020.- Las hojas del calendario siguen desprendi\u00e9ndose desde hace 20 meses, a partir del 1 de diciembre de 2018, y el pa\u00eds mantiene un clima de inseguridad a nivel nacional. La violencia es cotidiana en algunas entidades del pa\u00eds. Nada frena a los narcotraficantes que pelean espacios territoriales, tampoco se liquida a los ladrones de combustible, los huachicoleros. Los asaltos en las carreteras no cesan. La delincuencia no organizada, los rateros, en las zonas urbanas, operan sin mayor riesgo.<\/p>\n\n\n\n<p class=\"wp-block-paragraph\">Frente a este panorama, adem\u00e1s de confrontar la incontrolable pandemia y los problemas sociales y econ\u00f3micos derivados de ese mismo mal, la ciudadan\u00eda no entiende c\u00f3mo la delincuencia organizada se hace un armamento sofisticado y de alto poder tra\u00eddo del extranjero. Despu\u00e9s del atentado contra el jefe polic\u00edaco de la Ciudad de M\u00e9xico, se inform\u00f3 del arsenal que pose\u00edan los sicarios, pero nadie explica qui\u00e9n deja paso libre en las aduanas fronterizas y mar\u00edtimas.<\/p>\n\n\n\n<p class=\"wp-block-paragraph\">Tras la ineficacia de la Guardia Nacional, creada originalmente para frenar a la delincuencia y pacificar en todos los rincones de la Rep\u00fablica, se decret\u00f3 presidencialmente que, los soldados y los marinos volver\u00edan a las calles para, coordinadamente con la GN, trabajar en cada una de las entidades. Ni los miembros del Ej\u00e9rcito y la Armada est\u00e1n preparados para labores polic\u00edacas, ni los polic\u00edas tuvieron preparaci\u00f3n castrense.<\/p>\n\n\n\n<p class=\"wp-block-paragraph\"><strong>Reto dif\u00edcil para A. Durazo<\/strong><\/p>\n\n\n\n<p class=\"wp-block-paragraph\">Desde antes de iniciarse el actual sexenio, fue anunciado que la dependencia encargada de la seguridad nacional estar\u00eda a cargo de Francisco Alfonso Durazo Monta\u00f1o, la pregunta popular fue, \u00bfy qui\u00e9n es ese se\u00f1or?, seguida de otra interrogante, \u00bfha sido polic\u00eda? No hubo respuesta alguna, pero seguramente que ni el sonorense que el 11 de este mes cumplir\u00e1 66 a\u00f1os, imagin\u00f3 la tarea que se le avecinaba, aunque te\u00f3ricamente y en el papel tuviera planes, programas y tal vez hasta estrategias.<\/p>\n\n\n\n<p class=\"wp-block-paragraph\">Manejar la Secretaria de Seguridad y Protecci\u00f3n Ciudadana, como se denomina la instituci\u00f3n, requiere de personal experimentado, capacitado, con trayectoria en la investigaci\u00f3n, contar con conocimientos de un servicio de inteligencia. Durazo Monta\u00f1o, originario de Bavispe, Sonora, tiene licenciatura, maestr\u00eda y doctorado, en ingeniera civil, en Derecho y en otras materias, pero nada relacionado con la materia de seguridad o de trabajo polic\u00edaco. Diputado federal y actual senador con licencia.<\/p>\n\n\n\n<p class=\"wp-block-paragraph\">El hombre tiene antecedentes como secretario particular del priista Luis Donaldo Colosio y del panista Vicente Fox Quesada, inclusive fue su vocero oficial. Otro brinco y se convirti\u00f3 en colaborador de confianza del mandatario en turno. Tres camisetas diferentes, hoy orgullosamente luce la de Morena. Podr\u00eda tener resultados positivos si llama a hombres con \u201ccancha polic\u00edaca\u201d y cumplir con lo ofrecido por su jefe, poner fin a la inseguridad en los primeros seis meses del gobierno o cuando menos disminuirla.<\/p>\n\n\n\n<p class=\"wp-block-paragraph\">Hoy no quieren saber nada del pasado. Anhelan borrar todo indicio del neoliberalismo, atacar de ra\u00edz la corrupci\u00f3n y eliminar la impunidad. Sin embargo se olvidan que la Rep\u00fablica Mexicana y su Ciudad Capital, hasta hace quince a\u00f1os manten\u00edan los climas de paz, de tranquilidad, de ambiente cordial. Doce a\u00f1os, seis panistas y otros tanto priistas, pusieron fin a esa \u00e9poca. El hartazgo de la ciudadan\u00eda y las promesas que escucharon en la campa\u00f1a pol\u00edtico-electoral, eligieron Presidente de M\u00e9xico que nos devolver\u00eda a una vida sin zozobras, pero no fue as\u00ed.<\/p>\n\n\n\n<p class=\"wp-block-paragraph\">Los narcos entraron el pasado 23 de junio a la Ciudad de M\u00e9xico, a la Capital del Pa\u00eds, al coraz\u00f3n de la Patria. Pretendieron asesinar al Secretario de Protecci\u00f3n Ciudadana. Los sicarios fueron identificados como enviados por el C\u00e1rtel Jalisco Nueva Generaci\u00f3n. Diecinueve est\u00e1n bajo proceso por varios delitos y \u201cEl Mencho\u201d sigue en el confinamiento hogare\u00f1o, dirigiendo su expansi\u00f3n delincuencial hasta territorio norteamericano.<\/p>\n\n\n\n<p class=\"wp-block-paragraph\">No incluyo en mi comentario las estad\u00edsticas de los cientos de miles de homicidios dolosos, porque son conocidos en toda la Naci\u00f3n. Es muy lamentable que las noticias de Guanajuato, de Guerrero, de Michoac\u00e1n, de la misma Ciudad de M\u00e9xico, sean de asesinatos, de \u201cajuste de cuentas entre criminales\u201d, ya sean tan comunes que no conmueven ni a los que leen los reportes ni a quienes los escuchan.<\/p>\n\n\n\n<p class=\"wp-block-paragraph\">Como recuerdo a los polic\u00edas del siglo pasado. No eran universitarios, sino autodidactas. Su intuici\u00f3n era uno de los factores para capturar a los autores de homicidios, a los asaltantes de sucursales bancarias (el primer asalto, en febrero de 1961, qued\u00f3 resuelto con detenidos y recuperado el bot\u00edn, en menos de 48 horas), ten\u00edan control de los hampones urbanos. No se escapaba un solo homicida y las averiguaciones judiciales eran bien elaboradas, los jueces penales no \u201csoltaban\u201d a los presuntos.<\/p>\n\n\n\n<p class=\"wp-block-paragraph\">\u00bfNombres? Coronel Manuel Mendoza Dom\u00ednguez, jefe del Servicio Secreto, con sus comandantes Jorge Obreg\u00f3n Lima, Jorge Udave Gonz\u00e1lez, Jos\u00e9 Salom\u00f3n Tan\u00fas, Manuel Bahena Camargo, Arturo Fern\u00e1ndez Porras, Jes\u00fas Gracia Jim\u00e9nez y en la Polic\u00eda Judicial del Distrito Federal, el capit\u00e1n Rosalino Ram\u00edrez Faz. En la Procuradur\u00eda General de la Rep\u00fablica, el general Ra\u00fal Mendiola Zerecero y H\u00e9ctor Hern\u00e1ndez Tello. Tambi\u00e9n menciono al jurista y catedr\u00e1tico universitario Eduardo Estrada Ojeda, quien comand\u00f3 a los detectives del Servicio Secreto.<\/p>\n\n\n\n<p class=\"wp-block-paragraph\">Pregunta para meditar: \u00bfSer\u00e1 verdad que Durazo Monta\u00f1o est\u00e1 en campa\u00f1a para ser candidato de Morena y llegar a gobernador de Sonora?<br>jherrerav@live.com.mx<\/p>\n","protected":false},"excerpt":{"rendered":"<p>Siguen en apogeo inseguridad y violencia<\/p>\n","protected":false},"author":3,"featured_media":23013,"comment_status":"open","ping_status":"open","sticky":false,"template":"","format":"standard","meta":{"_monsterinsights_skip_tracking":false,"footnotes":""},"categories":[691,94,107],"tags":[],"class_list":["post-23012","post","type-post","status-publish","format-standard","has-post-thumbnail","category-691","category-jorge-herrera-valenzuela","category-rafaga"],"_links":{"self":[{"href":"https:\/\/redsemlac.com\/semmexico\/wp-json\/wp\/v2\/posts\/23012","targetHints":{"allow":["GET"]}}],"collection":[{"href":"https:\/\/redsemlac.com\/semmexico\/wp-json\/wp\/v2\/posts"}],"about":[{"href":"https:\/\/redsemlac.com\/semmexico\/wp-json\/wp\/v2\/types\/post"}],"author":[{"embeddable":true,"href":"https:\/\/redsemlac.com\/semmexico\/wp-json\/wp\/v2\/users\/3"}],"replies":[{"embeddable":true,"href":"https:\/\/redsemlac.com\/semmexico\/wp-json\/wp\/v2\/comments?post=23012"}],"version-history":[{"count":0,"href":"https:\/\/redsemlac.com\/semmexico\/wp-json\/wp\/v2\/posts\/23012\/revisions"}],"wp:featuredmedia":[{"embeddable":true,"href":"https:\/\/redsemlac.com\/semmexico\/wp-json\/wp\/v2\/media\/23013"}],"wp:attachment":[{"href":"https:\/\/redsemlac.com\/semmexico\/wp-json\/wp\/v2\/media?parent=23012"}],"wp:term":[{"taxonomy":"category","embeddable":true,"href":"https:\/\/redsemlac.com\/semmexico\/wp-json\/wp\/v2\/categories?post=23012"},{"taxonomy":"post_tag","embeddable":true,"href":"https:\/\/redsemlac.com\/semmexico\/wp-json\/wp\/v2\/tags?post=23012"}],"curies":[{"name":"wp","href":"https:\/\/api.w.org\/{rel}","templated":true}]}}