{"id":23008,"date":"2020-07-13T20:19:29","date_gmt":"2020-07-13T20:19:29","guid":{"rendered":"https:\/\/redsemlac.com\/semmexico\/?p=23008"},"modified":"2023-07-21T16:25:51","modified_gmt":"2023-07-21T21:25:51","slug":"mujer-y-poder-49","status":"publish","type":"post","link":"https:\/\/redsemlac.com\/semmexico\/mujer-y-poder-49\/","title":{"rendered":"Mujer y Poder"},"content":{"rendered":"\n<h2 class=\"wp-block-heading\">Una Persona Virtuosa para el INE<\/h2>\n\n\n\n<p class=\"wp-block-paragraph\"><strong>Natalia Vidales Rodr\u00edguez<\/strong><br>SemM\u00e9xico, 13 de Julio, 2020.- Junto con el reinicio del proceso de selecci\u00f3n de los cuatro consejeros o consejeras, suspendido desde el 18 de marzo debido a la contingencia sanitaria, inicia tambi\u00e9n la actividad pol\u00edtica de la sociedad civil, preocupada -y ocupada ya- por que la elecci\u00f3n se de en forma imparcial y atendiendo a los mejores perfiles donde se asegure, en primer t\u00e9rmino, la independencia de las y los consejeros.<\/p>\n\n\n\n<p class=\"wp-block-paragraph\">Cuatro terminaron su cargo y habr\u00e1 que relevarlos para seleccionar a dos mujeres y dos hombres, encomienda que tienen los legisladores una vez hayan aprobado la evaluaci\u00f3n del Comit\u00e9 designado para ello.<\/p>\n\n\n\n<p class=\"wp-block-paragraph\">\u00bfQu\u00e9 dice el INE al respecto? El Instituto establece que hay que evaluar habilidades y conocimientos a quien aspire a ocupar el cargo de Consejero o Consejera, pero entre los requisitos no se incluye por ning\u00fan lado que la persona que ocupe el cargo deba de tener trayectoria human\u00edstica y\/o virtudes morales que le permitir\u00edan, por supuesto, un desempe\u00f1o intachable.<\/p>\n\n\n\n<p class=\"wp-block-paragraph\">Una persona virtuosa es garant\u00eda de honorabilidad, independientemente de la profesi\u00f3n que profese y ojal\u00e1 que, a\u00fan cuando no est\u00e9 estipulado as\u00ed en la ley, las integrantes del Comit\u00e9 de Selecci\u00f3n del INE -primero- y las y los legisladores -despu\u00e9s- tomen en cuenta el perfil \u00e9tico y moral de quienes aspiran a tan delicado e importante cargo.<\/p>\n\n\n\n<p class=\"wp-block-paragraph\">Dejar de lado las virtudes universales con que cuenta toda persona de bien es lo que ha llevado a nuestro pa\u00eds al caos que actualmente prevalece, con gobernantes y representantes ausentes de virtudes tan importantes como la honestidad, fortaleza, valent\u00eda, responsabilidad, tolerancia y justicia, entre otras muchas m\u00e1s que deber\u00edan tomarse en cuenta para cualquier cargo de elecci\u00f3n popular.<\/p>\n\n\n\n<p class=\"wp-block-paragraph\">El 22 de este mes ser\u00e1 la votaci\u00f3n en el Congreso. Hay tiempo para averiguar c\u00f3mo ha sido la vida de quienes pretenden defender nuestra democracia.<br>Las credenciales acad\u00e9micas no son, sin duda, suficientes para asegurar un buen desempe\u00f1o. Lo hemos visto en el pasado y lo vemos en el presente.<\/p>\n","protected":false},"excerpt":{"rendered":"<p>Una Persona Virtuosa para el INE<\/p>\n","protected":false},"author":3,"featured_media":23009,"comment_status":"open","ping_status":"open","sticky":false,"template":"","format":"standard","meta":{"_monsterinsights_skip_tracking":false,"footnotes":""},"categories":[691,100,72],"tags":[],"class_list":["post-23008","post","type-post","status-publish","format-standard","has-post-thumbnail","category-691","category-mujer-y-poder","category-natalia-vidales"],"_links":{"self":[{"href":"https:\/\/redsemlac.com\/semmexico\/wp-json\/wp\/v2\/posts\/23008","targetHints":{"allow":["GET"]}}],"collection":[{"href":"https:\/\/redsemlac.com\/semmexico\/wp-json\/wp\/v2\/posts"}],"about":[{"href":"https:\/\/redsemlac.com\/semmexico\/wp-json\/wp\/v2\/types\/post"}],"author":[{"embeddable":true,"href":"https:\/\/redsemlac.com\/semmexico\/wp-json\/wp\/v2\/users\/3"}],"replies":[{"embeddable":true,"href":"https:\/\/redsemlac.com\/semmexico\/wp-json\/wp\/v2\/comments?post=23008"}],"version-history":[{"count":0,"href":"https:\/\/redsemlac.com\/semmexico\/wp-json\/wp\/v2\/posts\/23008\/revisions"}],"wp:featuredmedia":[{"embeddable":true,"href":"https:\/\/redsemlac.com\/semmexico\/wp-json\/wp\/v2\/media\/23009"}],"wp:attachment":[{"href":"https:\/\/redsemlac.com\/semmexico\/wp-json\/wp\/v2\/media?parent=23008"}],"wp:term":[{"taxonomy":"category","embeddable":true,"href":"https:\/\/redsemlac.com\/semmexico\/wp-json\/wp\/v2\/categories?post=23008"},{"taxonomy":"post_tag","embeddable":true,"href":"https:\/\/redsemlac.com\/semmexico\/wp-json\/wp\/v2\/tags?post=23008"}],"curies":[{"name":"wp","href":"https:\/\/api.w.org\/{rel}","templated":true}]}}