{"id":23005,"date":"2020-07-13T20:13:44","date_gmt":"2020-07-13T20:13:44","guid":{"rendered":"https:\/\/redsemlac.com\/semmexico\/?p=23005"},"modified":"2023-07-21T16:25:51","modified_gmt":"2023-07-21T21:25:51","slug":"tras-la-pandemia-estarian-en-riesgo-derechos-de-las-mujeres","status":"publish","type":"post","link":"https:\/\/redsemlac.com\/semmexico\/tras-la-pandemia-estarian-en-riesgo-derechos-de-las-mujeres\/","title":{"rendered":"Tras la pandemia, estar\u00edan en riesgo derechos de las mujeres"},"content":{"rendered":"\n<ul class=\"wp-block-list\"><li><strong>Es tiempo de poner sobre la mesa un nuevo contrato social<\/strong><\/li><li><strong>Necesarias l\u00edneas de acci\u00f3n enfocadas a las mujeres<\/strong><\/li><\/ul>\n\n\n\n<p class=\"wp-block-paragraph\"><strong>Elda Montiel<\/strong><br>SemM\u00e9xico, Cd. de M\u00e9xico, 13 de julio, 2020.- Rebeca Grysnpan, titular de la Secretar\u00eda General Iberoamericana (SEGIB) afirm\u00f3 que hay una revalorizaci\u00f3n de las labores de las mujeres, pero advirti\u00f3 que el \u201cqu\u00e9date en casa\u201d puede convertirse en un \u201cqu\u00e9date en casa para siempre\u201d.<\/p>\n\n\n\n<p class=\"wp-block-paragraph\">Durante la segunda sesi\u00f3n de \u201cPensar juntas la recuperaci\u00f3n\u201d de la serie webinar \u201cNueva normalidad: m\u00e1s solidaria, justa, feminista, local e igualitaria\u201d, organizada por el Instituto Nacional de las Mujeres (INMUJERES) la especialista dijo que es m\u00e1s probable que sean ellas las que m\u00e1s renuncien a los empleos cuando se trate de volver a una cierta normalidad y asegur\u00f3 que todav\u00eda no se tiene la infraestructura adecuada de los cuidados.<\/p>\n\n\n\n<p class=\"wp-block-paragraph\">Es alarmante que el 70 por ciento del personal en salud, cuidados y servicios est\u00e1 compuesto por mujeres, pues record\u00f3 que 70 por ciento de los contagios entre el personal sanitario ocurre entre mujeres.<\/p>\n\n\n\n<p class=\"wp-block-paragraph\">Gryspan propuso promover el di\u00e1logo entre el mercado, la sociedad y el gobierno, y poner en la mesa de las decisiones un nuevo contrato social donde el tema de g\u00e9nero y la equidad sea el centro de la discusi\u00f3n.<\/p>\n\n\n\n<p class=\"wp-block-paragraph\">Al respecto, Nadine Gasman, titular de INMUJERES, planteo que es fundamental para la recuperaci\u00f3n de esta crisis la corresponsabilidad en las labores de cuidado: \u201cdebemos conciliar la vida laboral y la vida familiar en los espacios de trabajo.<\/p>\n\n\n\n<p class=\"wp-block-paragraph\">\u201cSi contamos con estrategias y acciones concretas para promover el involucramiento y participaci\u00f3n de forma equilibrada, tanto de hombres como de mujeres, estaremos dando un paso indispensable, no solo en t\u00e9rminos productivos y crecimiento econ\u00f3mico, sino tambi\u00e9n para generar condiciones para una vida digna\u201d.<\/p>\n\n\n\n<p class=\"wp-block-paragraph\">Ante la situaci\u00f3n de desempleo que est\u00e1 afrontando el mundo y especialmente Am\u00e9rica Latina, Helmut Schwarzer, encargado de la Oficina de la Organizaci\u00f3n Internacional del Trabajo (OIT) para M\u00e9xico y Cuba advirti\u00f3 la crisis de desempleo y propuso crear pol\u00edticas activas no pasivas que apuesten a que \u201ccaiga del cielo una recuperaci\u00f3n, eso no va a ocurrir. Va a ser necesario tener l\u00edneas de acci\u00f3n enfocadas a las mujeres que se ven afectadas de manera desproporcionada por esta crisis\u201d.<\/p>\n\n\n\n<p class=\"wp-block-paragraph\">Precis\u00f3 que la crisis laboral no se desat\u00f3 por la pandemia, viene de d\u00e9cadas atr\u00e1s, donde las mujeres se han visto afectadas por pr\u00e1cticas desiguales, como el menor pago a mujeres por el mismo trabajo que realizan los hombres, as\u00ed como una brecha en la calidad, seguridad y participaci\u00f3n en el empleo. El riego es que esta crisis solo aumente estas desigualdades.<\/p>\n\n\n\n<p class=\"wp-block-paragraph\">La senadora Martha Luc\u00eda M\u00edcher Camarena dijo que realizar el tele-trabajo y los trabajos de cuidados en el mismo espacio ampl\u00edan las brechas de desigualdad, ya profundas dentro del hogar.<\/p>\n\n\n\n<p class=\"wp-block-paragraph\">Llam\u00f3 a repensar esta recuperaci\u00f3n y analizar si lo vivido en estos meses por el confinamiento sanitario dejar\u00e1 de ser una situaci\u00f3n excepcional o corremos el riesgo que esto se convierta en lo \u201cnormal\u201d, que amenazar\u00edan revertir los logros de las mujeres en materia de igualdad.<\/p>\n\n\n\n<p class=\"wp-block-paragraph\">La senadora Patricia Mercado afirm\u00f3 que \u201cla pandemia ha puesto en el centro la agenda feminista, sobre todo la agenda de cuidados y depende de nosotras crear alianzas nacionales e internacionales, p\u00fablicas y privadas, para que sea la oportunidad de plantear condiciones de mayor igualdad y crear un sistema de cuidados adecuado para las mujeres\u201d.<\/p>\n\n\n\n<p class=\"wp-block-paragraph\">\u201cEs el momento oportuno de crear alianzas para cambiar las reglas del juego y lograr la igualdad\u201d, precis\u00f3.<\/p>\n\n\n\n<p class=\"wp-block-paragraph\">El pr\u00f3ximo di\u00e1logo, inform\u00f3 INMUJERES se llevar\u00e1 a cabo el 23 de julio de 2020 con el tema \u201cFuturo post-Covid: oportunidad de transformaci\u00f3n.<\/p>\n\n\n\n<p class=\"wp-block-paragraph\">El primer di\u00e1logo de esta serie \u201cNuevos pactos nuevas miradas: hacia un futuro igualitario\u201d en el que participaron la condecorada soci\u00f3loga Mar\u00eda \u00c1ngeles Dur\u00e1n de las Heras, experta en trabajo no remunerado, cuidados, uso del tiempo, desigualdad y urbanismo; las investigadoras Edith Pacheco G\u00f3mez Mu\u00f1oz, del Centro de Estudios Demogr\u00e1ficos, Urbanos y Ambientales de Colmex y Mercedes Pedrero Nieto del Centro Regional de Investigaciones Multidisciplinarias de la UNAM puede verse en: https:\/\/bit.ly\/2BLlz4t<\/p>\n\n\n\n<p class=\"wp-block-paragraph\">SEM\/em\/sj<\/p>\n","protected":false},"excerpt":{"rendered":"<p>Necesarias l\u00edneas de acci\u00f3n enfocadas a las mujeres<\/p>\n","protected":false},"author":3,"featured_media":23006,"comment_status":"open","ping_status":"open","sticky":false,"template":"","format":"standard","meta":{"_monsterinsights_skip_tracking":false,"footnotes":""},"categories":[691,51],"tags":[],"class_list":["post-23005","post","type-post","status-publish","format-standard","has-post-thumbnail","category-691","category-ejecutivo"],"_links":{"self":[{"href":"https:\/\/redsemlac.com\/semmexico\/wp-json\/wp\/v2\/posts\/23005","targetHints":{"allow":["GET"]}}],"collection":[{"href":"https:\/\/redsemlac.com\/semmexico\/wp-json\/wp\/v2\/posts"}],"about":[{"href":"https:\/\/redsemlac.com\/semmexico\/wp-json\/wp\/v2\/types\/post"}],"author":[{"embeddable":true,"href":"https:\/\/redsemlac.com\/semmexico\/wp-json\/wp\/v2\/users\/3"}],"replies":[{"embeddable":true,"href":"https:\/\/redsemlac.com\/semmexico\/wp-json\/wp\/v2\/comments?post=23005"}],"version-history":[{"count":0,"href":"https:\/\/redsemlac.com\/semmexico\/wp-json\/wp\/v2\/posts\/23005\/revisions"}],"wp:featuredmedia":[{"embeddable":true,"href":"https:\/\/redsemlac.com\/semmexico\/wp-json\/wp\/v2\/media\/23006"}],"wp:attachment":[{"href":"https:\/\/redsemlac.com\/semmexico\/wp-json\/wp\/v2\/media?parent=23005"}],"wp:term":[{"taxonomy":"category","embeddable":true,"href":"https:\/\/redsemlac.com\/semmexico\/wp-json\/wp\/v2\/categories?post=23005"},{"taxonomy":"post_tag","embeddable":true,"href":"https:\/\/redsemlac.com\/semmexico\/wp-json\/wp\/v2\/tags?post=23005"}],"curies":[{"name":"wp","href":"https:\/\/api.w.org\/{rel}","templated":true}]}}