{"id":23002,"date":"2020-07-13T19:04:51","date_gmt":"2020-07-13T19:04:51","guid":{"rendered":"https:\/\/redsemlac.com\/semmexico\/?p=23002"},"modified":"2023-07-21T16:25:52","modified_gmt":"2023-07-21T21:25:52","slug":"cndh-llama-a-proteger-los-derechos-de-la-infancia-ante-iniciativa-pin-parental","status":"publish","type":"post","link":"https:\/\/redsemlac.com\/semmexico\/cndh-llama-a-proteger-los-derechos-de-la-infancia-ante-iniciativa-pin-parental\/","title":{"rendered":"CNDH llama a proteger los derechos de la infancia, ante iniciativa Pin Parental"},"content":{"rendered":"\n<ul class=\"wp-block-list\"><li><strong>Pide a las 32 legislaturas rechazar la iniciativa y recuerda que los derechos humanos no se consultan<\/strong><\/li><\/ul>\n\n\n\n<ul class=\"wp-block-list\"><li><strong>SCJN derecho a la salud incluye informaci\u00f3n, educaci\u00f3n, sensibilizaci\u00f3n y di\u00e1logo<\/strong><\/li><\/ul>\n\n\n\n<p class=\"wp-block-paragraph\"><strong>Elda Montiel<\/strong><\/p>\n\n\n\n<p class=\"wp-block-paragraph\">SemM\u00e9xico, Cd. de M\u00e9xico, 13 de julio, 2020.- La Comisi\u00f3n Nacional de los Derechos Humanos (CNDH) llama a los poderes legislativos de las 32 entidades federativas a proteger los derechos de la ni\u00f1ez y las adolescencias frente a las iniciativas de incluir el \u201cPin Parental\u201d en sus leyes estatales.<\/p>\n\n\n\n<p class=\"wp-block-paragraph\">El organismo aut\u00f3nomo rechaza las iniciativas de \u201cPin Parental\u201d que pretende que la educaci\u00f3n sobre sexualidad, salud sexual y reproductiva de las ni\u00f1as, ni\u00f1os y adolescentes est\u00e9n condicionados a la autorizaci\u00f3n de las madres, padres y personas que ejercen la tutela para que puedan recibir esos contenidos en las escuelas, y le recuerda a las legisladoras y legisladores que los derechos humanos no pueden ser sometidos a consulta.<\/p>\n\n\n\n<p class=\"wp-block-paragraph\">Precisa que estas iniciativas han sido presentadas en los estados como Aguascalientes, Nuevo Le\u00f3n, donde ya fue rechazada, as\u00ed como en Chihuahua, Quer\u00e9taro y Veracruz en el que las madres y padres argumentan que tienen el derecho a elegir el tipo de educaci\u00f3n que pueden recibir sus hijas e hijos, de acuerdo a sus convicciones y creencias.<\/p>\n\n\n\n<p class=\"wp-block-paragraph\">Por lo que consideran que la impartici\u00f3n de los contenidos sobre sexualidad es una facultad exclusiva de las familias. Aunado a ello, varias de ellas mencionan que los contenidos educativos contienen elementos de \u201cideolog\u00eda de g\u00e9nero\u201d, al abordar temas como la diversidad sexual.<\/p>\n\n\n\n<p class=\"wp-block-paragraph\">La Suprema Corte de Justicia de la Naci\u00f3n ha reconocido que el derecho humano al m\u00e1s alto nivel posible de salud para la ni\u00f1ez y las adolescencias incluye informaci\u00f3n, educaci\u00f3n, sensibilizaci\u00f3n y di\u00e1logo en servicios de salud sexual y reproductiva, y el acceso a los m\u00e9todos anticonceptivos.<\/p>\n\n\n\n<p class=\"wp-block-paragraph\">Ha considerado en diversas sentencias que la ni\u00f1ez y las adolescencias necesitan informaci\u00f3n y educaci\u00f3n sobre todos los aspectos de la salud para poder adoptar decisiones fundamentales en relaci\u00f3n con su estilo de vida y el acceso a los servicios sanitarios, y que si bien los padres tienen el derecho de educar a sus hijas, hijes e hijos conforme a sus convicciones, lo cierto es que el ejercicio de la patria potestad se encuentra constre\u00f1ido a la observancia de los derechos de la ni\u00f1ez y adolescencia a fin de atender a su inter\u00e9s superior.<\/p>\n\n\n\n<p class=\"wp-block-paragraph\">As\u00ed como el art\u00edculo 3\u00ba de la Constituci\u00f3n Pol\u00edtica de los Estados Unidos Mexicanos garantiza que los planes y programas de estudio tendr\u00e1n perspectiva de g\u00e9nero y una orientaci\u00f3n integral, que incluir\u00e1 la promoci\u00f3n de estilos de vida saludables y la educaci\u00f3n sexual y reproductiva, con lo cual se garantiza el derecho al libre desarrollo de la personalidad.<\/p>\n\n\n\n<p class=\"wp-block-paragraph\">Las iniciativas de \u201cPin Parental \u201comiten considerar las disposiciones de la Convenci\u00f3n sobre los Derechos del Ni\u00f1o, la ley general de la materia y las leyes estatales de los Derechos de Ni\u00f1as, Ni\u00f1os y Adolescentes que reconocen a las personas menores de 18 a\u00f1os como sujetos de derechos cuya autonom\u00eda progresiva les permite ejercer por s\u00ed mismas sus derechos, conforme a su edad y grado de madurez.<\/p>\n\n\n\n<p class=\"wp-block-paragraph\">La Ley General de los Derechos de Ni\u00f1as, Ni\u00f1os y Adolescentes reconoce que las madres, padres y familias tienen no solo el derecho, sino la obligaci\u00f3n de proporcionarles a sus hijas, hijes e hijos, orientaci\u00f3n y direcci\u00f3n apropiadas, e inculcarles el respeto hacia todas las personas; prerrogativa que no puede utilizarse para justificar limitaci\u00f3n, vulneraci\u00f3n o restricci\u00f3n alguna al ejercicio de los derechos.<\/p>\n\n\n\n<p class=\"wp-block-paragraph\">El organismo aut\u00f3nomo hace \u00e9nfasis en la Observaci\u00f3n General n\u00famero 3 del Comit\u00e9 de los Derechos del Ni\u00f1os que pone de manifiesto&nbsp; la necesidad de que se preste una atenci\u00f3n especial a las cuestiones relacionadas con la sexualidad, as\u00ed como a los tipos de comportamiento y estilos de vida de la ni\u00f1ez y las adolescencias, aun cuando no sean conformes con lo que la sociedad considera aceptable seg\u00fan las normas culturales imperantes en un determinado grupo de edad; ello con base en el alarmante n\u00famero de personas menores de 18 a\u00f1os que sufren las consecuencias del abuso sexual; matrimonio infantil, trata de personas, transmisi\u00f3n de VIH, embarazos a temprana edad y la discriminaci\u00f3n contra las personas que integran la comunidad LGBTTIQ+, por mencionar algunas.<\/p>\n\n\n\n<p class=\"wp-block-paragraph\">El organismo aut\u00f3nomo tambi\u00e9n llama a los Sistemas Estatales de Protecci\u00f3n Integral de Ni\u00f1as, Ni\u00f1os y Adolescentes, como rectores de las pol\u00edticas p\u00fablicas en materia de ni\u00f1ez, a proteger y garantizar esos derechos ante las acciones que pretendan su negaci\u00f3n o limitaci\u00f3n, adoptando decisiones correspondan a su inter\u00e9s superior.<\/p>\n\n\n\n<p class=\"wp-block-paragraph\">Reitera que todas las personas servidoras p\u00fablicas est\u00e1n obligadas a cumplir con el mandato constitucional de promover, respetar, proteger y garantizar los derechos humanos de conformidad con los principios de universalidad, interdependencia, indivisibilidad y progresividad.<\/p>\n\n\n\n<p class=\"wp-block-paragraph\">SEM\/em\/sj<\/p>\n","protected":false},"excerpt":{"rendered":"<p>SCJN derecho a la salud incluye informaci\u00f3n, educaci\u00f3n, sensibilizaci\u00f3n y di\u00e1logo<\/p>\n","protected":false},"author":3,"featured_media":23003,"comment_status":"open","ping_status":"open","sticky":false,"template":"","format":"standard","meta":{"_monsterinsights_skip_tracking":false,"footnotes":""},"categories":[691,51],"tags":[],"class_list":["post-23002","post","type-post","status-publish","format-standard","has-post-thumbnail","category-691","category-ejecutivo"],"_links":{"self":[{"href":"https:\/\/redsemlac.com\/semmexico\/wp-json\/wp\/v2\/posts\/23002","targetHints":{"allow":["GET"]}}],"collection":[{"href":"https:\/\/redsemlac.com\/semmexico\/wp-json\/wp\/v2\/posts"}],"about":[{"href":"https:\/\/redsemlac.com\/semmexico\/wp-json\/wp\/v2\/types\/post"}],"author":[{"embeddable":true,"href":"https:\/\/redsemlac.com\/semmexico\/wp-json\/wp\/v2\/users\/3"}],"replies":[{"embeddable":true,"href":"https:\/\/redsemlac.com\/semmexico\/wp-json\/wp\/v2\/comments?post=23002"}],"version-history":[{"count":0,"href":"https:\/\/redsemlac.com\/semmexico\/wp-json\/wp\/v2\/posts\/23002\/revisions"}],"wp:featuredmedia":[{"embeddable":true,"href":"https:\/\/redsemlac.com\/semmexico\/wp-json\/wp\/v2\/media\/23003"}],"wp:attachment":[{"href":"https:\/\/redsemlac.com\/semmexico\/wp-json\/wp\/v2\/media?parent=23002"}],"wp:term":[{"taxonomy":"category","embeddable":true,"href":"https:\/\/redsemlac.com\/semmexico\/wp-json\/wp\/v2\/categories?post=23002"},{"taxonomy":"post_tag","embeddable":true,"href":"https:\/\/redsemlac.com\/semmexico\/wp-json\/wp\/v2\/tags?post=23002"}],"curies":[{"name":"wp","href":"https:\/\/api.w.org\/{rel}","templated":true}]}}