{"id":22998,"date":"2020-07-13T18:54:56","date_gmt":"2020-07-13T18:54:56","guid":{"rendered":"https:\/\/redsemlac.com\/semmexico\/?p=22998"},"modified":"2023-07-21T16:25:52","modified_gmt":"2023-07-21T21:25:52","slug":"murio-sola-en-su-casa-20-horas-despues-recogen-el-cadaver","status":"publish","type":"post","link":"https:\/\/redsemlac.com\/semmexico\/murio-sola-en-su-casa-20-horas-despues-recogen-el-cadaver\/","title":{"rendered":"Muri\u00f3 sola en su casa, 20 horas despu\u00e9s recogen el cad\u00e1ver"},"content":{"rendered":"\n<ul class=\"wp-block-list\"><li><strong>Mar\u00eda falleci\u00f3 por probable COVID 19<\/strong><\/li><\/ul>\n\n\n\n<ul class=\"wp-block-list\"><li><strong>Municipios ampl\u00edan sus camposantos<\/strong><\/li><\/ul>\n\n\n\n<p class=\"wp-block-paragraph\"><strong>Patricia Brise\u00f1o<\/strong><\/p>\n\n\n\n<p class=\"wp-block-paragraph\">SemM\u00e9xico, Oaxaca, 13 de julio, 2020.- Veinte horas despu\u00e9s de su fallecimiento por probable COVID 19, el DIF Estatal decidi\u00f3 hacer el levantamiento del cad\u00e1ver de Mar\u00eda, de 70 a\u00f1os de edad, en la agencia de la capital oaxaque\u00f1a, San Mart\u00edn Mexicapan.<\/p>\n\n\n\n<p class=\"wp-block-paragraph\">En rueda de prensa, la tarde del pasado viernes, vecinas y vecinos de Mar\u00eda denunciaron que Mar\u00eda ten\u00eda m\u00e1s de 10 horas de haber fallecido, que hab\u00edan dado aviso a las autoridades de la Fiscal\u00eda General del Estado de Oaxaca y al Ayuntamiento de esta capital sin recibir ninguna respuesta. La primera asegurando que no \u201chab\u00eda delito que perseguir\u201d, en tanto el gobierno municipal se\u00f1al\u00f3 que no contaba con medios para extraer el cad\u00e1ver.<\/p>\n\n\n\n<p class=\"wp-block-paragraph\">Dijeron que el esposo de Mar\u00eda, tambi\u00e9n adulto mayor, muri\u00f3 de coronavirus hace menos de 15 d\u00edas; ella, alcanz\u00f3 a llevarlo con vida a su comunidad, donde falleci\u00f3 y lo enterraron, sin embargo, Mar\u00eda regres\u00f3 enferma.<\/p>\n\n\n\n<p class=\"wp-block-paragraph\">\u201cAl enterarnos de su padecimiento avisamos telef\u00f3nicamente a la Secretar\u00eda de Salud, pero se negaron a venir a examinarla a la vivienda, nos dijeron que alquil\u00e1ramos una ambulancia equipada, por eso ella muri\u00f3 aqu\u00ed, sola\u201d.<\/p>\n\n\n\n<p class=\"wp-block-paragraph\">Las y los vecinos refirieron que se dieron cuenta de su fallecimiento porque no recogi\u00f3 los alimentos que a diario le llevaban, por lo que llamaron a Fiscal\u00eda y al municipio de Oaxaca sin recibir respuesta alguna.<\/p>\n\n\n\n<p class=\"wp-block-paragraph\">La ciudadan\u00eda al conocer la noticia, se volc\u00f3 en redes sociales para difundir la no actuaci\u00f3n de las autoridades. Fue hasta las 02.00 horas del s\u00e1bado cuando personal del velatorio del DIF Estatal se present\u00f3 a recoger el cad\u00e1ver de la se\u00f1ora Mar\u00eda.<\/p>\n\n\n\n<p class=\"wp-block-paragraph\">La Defensor\u00eda de los Derechos Humanos del Pueblo de Oaxaca (DDHPO) dijo que ante esta situaci\u00f3n abri\u00f3 un cuaderno de antecedentes.<\/p>\n\n\n\n<p class=\"wp-block-paragraph\"><strong>M\u00e1s fosas en Juchit\u00e1n y Loma Bonita<\/strong><\/p>\n\n\n\n<p class=\"wp-block-paragraph\">Por otra parte, los municipios de Juchit\u00e1n de Zaragoza y de Loma Bonita enfrentan problemas derivado del n\u00famero de fallecimientos de personas por el nuevo coronavirus.<\/p>\n\n\n\n<p class=\"wp-block-paragraph\">En Juchit\u00e1n de Zaragoza el regidor de Panteones, Jorge Valdivieso Luis, dijo que se tuvieron que abrir 60 sepulturas en los camposantos de \u201cDomingo de Ramos\u201d (ampliaci\u00f3n) y \u201cLunes Santo\u201d y no descart\u00f3 hacer nuevas excavaciones. Tan solo en lo que va de julio 40 personas han fallecido, presuntamente por COVID 19.<\/p>\n\n\n\n<p class=\"wp-block-paragraph\">Cuando las personas, generalmente adultas mayores, mueren en sus casas, las familias se encargan de los tr\u00e1mites, es com\u00fan que se nieguen a que los cuerpos sean puestos en bolsas selladas o sean incinerados, tambi\u00e9n esto sucede porque las funerarias no cuentan ni con personal ni carrozas para acudir a recoger los cad\u00e1veres.<\/p>\n\n\n\n<p class=\"wp-block-paragraph\">Incluso, dijo el regidor de Panteones, las familias carecen del certificado de defunci\u00f3n, a pesar de eso se realizan las inhumaciones, con la promesa de que despu\u00e9s llevar\u00e1n el certificado.<\/p>\n\n\n\n<p class=\"wp-block-paragraph\">Valdivieso Luis dijo que a pesar de todo y la gravedad del problema, muchas personas contin\u00faa sin tomar en cuenta las medidas de protecci\u00f3n, lo que tambi\u00e9n fue confirmado por Gonzalo Sebasti\u00e1n Cruz Antonio, jefe de la Jurisdicci\u00f3n Sanitaria del Istmo de Tehuantepec, quien afirm\u00f3 que la situaci\u00f3n \u201cest\u00e1 fuera de control\u201d.<\/p>\n\n\n\n<p class=\"wp-block-paragraph\">Se\u00f1al\u00f3 que la \u201cb\u00fasqueda intencional de casos de COVID 19\u201d confirm\u00f3 que 117 trabajadores de la salud del hospital regional \u201cMacedonio Ben\u00edtez Fuentes\u201d dieran positivo, por lo que se tom\u00f3 la medida de activar la cuarentena en el hospital, \u201cel personal se encuentra estable\u201d.<\/p>\n\n\n\n<p class=\"wp-block-paragraph\">Por otra parte, el presidente municipal de Loma Bonita, Raymundo Rivera Hern\u00e1ndez, anunci\u00f3 que abrir\u00e1n un nuevo cementerio de 3.5 hect\u00e1reas, ya que el actual camposanto resulta insuficiente derivado de las muertes por COVID 19, dijo que en los primeros d\u00edas de julio, se reportaron 22 fallecimientos.<\/p>\n\n\n\n<p class=\"wp-block-paragraph\">La Defensor\u00eda de los Derechos Humanos del Pueblo de Oaxaca (DDHPO) contabiliza 89 quejas y 43 cuadernos de antecedentes por abusos de autoridades estatales y municipales, retenci\u00f3n de personal sanitario, as\u00ed como la exhibici\u00f3n p\u00fablica de personas supuestamente contagiadas por el coronavirus, y contra los servicios de salud.<\/p>\n","protected":false},"excerpt":{"rendered":"<p>Denunciaron que Mar\u00eda ten\u00eda m\u00e1s de 10 horas de haber fallecido, que hab\u00edan dado aviso a las autoridades de la Fiscal\u00eda General del Estado de Oaxaca y al Ayuntamiento de esta capital sin recibir ninguna respuesta. <\/p>\n","protected":false},"author":3,"featured_media":22999,"comment_status":"open","ping_status":"open","sticky":false,"template":"","format":"standard","meta":{"_monsterinsights_skip_tracking":false,"footnotes":""},"categories":[691,135],"tags":[],"class_list":["post-22998","post","type-post","status-publish","format-standard","has-post-thumbnail","category-691","category-emergencia-sanitaria-covid-19"],"_links":{"self":[{"href":"https:\/\/redsemlac.com\/semmexico\/wp-json\/wp\/v2\/posts\/22998","targetHints":{"allow":["GET"]}}],"collection":[{"href":"https:\/\/redsemlac.com\/semmexico\/wp-json\/wp\/v2\/posts"}],"about":[{"href":"https:\/\/redsemlac.com\/semmexico\/wp-json\/wp\/v2\/types\/post"}],"author":[{"embeddable":true,"href":"https:\/\/redsemlac.com\/semmexico\/wp-json\/wp\/v2\/users\/3"}],"replies":[{"embeddable":true,"href":"https:\/\/redsemlac.com\/semmexico\/wp-json\/wp\/v2\/comments?post=22998"}],"version-history":[{"count":0,"href":"https:\/\/redsemlac.com\/semmexico\/wp-json\/wp\/v2\/posts\/22998\/revisions"}],"wp:featuredmedia":[{"embeddable":true,"href":"https:\/\/redsemlac.com\/semmexico\/wp-json\/wp\/v2\/media\/22999"}],"wp:attachment":[{"href":"https:\/\/redsemlac.com\/semmexico\/wp-json\/wp\/v2\/media?parent=22998"}],"wp:term":[{"taxonomy":"category","embeddable":true,"href":"https:\/\/redsemlac.com\/semmexico\/wp-json\/wp\/v2\/categories?post=22998"},{"taxonomy":"post_tag","embeddable":true,"href":"https:\/\/redsemlac.com\/semmexico\/wp-json\/wp\/v2\/tags?post=22998"}],"curies":[{"name":"wp","href":"https:\/\/api.w.org\/{rel}","templated":true}]}}