{"id":22994,"date":"2020-07-13T17:28:03","date_gmt":"2020-07-13T17:28:03","guid":{"rendered":"https:\/\/redsemlac.com\/semmexico\/?p=22994"},"modified":"2023-07-21T16:25:52","modified_gmt":"2023-07-21T21:25:52","slug":"miradas-de-reportero-42","status":"publish","type":"post","link":"https:\/\/redsemlac.com\/semmexico\/miradas-de-reportero-42\/","title":{"rendered":"Miradas de reportero"},"content":{"rendered":"\n<h2 class=\"wp-block-heading\">Advierten Gobernaci\u00f3n y Art\u00edculo 19 otros quebrantos a la paz social<\/h2>\n\n\n\n<p class=\"wp-block-paragraph\"><strong>Rogelio Hern\u00e1ndez L\u00f3pez<\/strong><\/p>\n\n\n\n<p class=\"wp-block-paragraph\">SemM\u00e9xico, 13 de julio, 2020.- Son dos novedades y una sola alerta de otros efectos preocupantes de la pandemia en M\u00e9xico.<\/p>\n\n\n\n<p class=\"wp-block-paragraph\">Es noticia, por inusual, que la Subsecretar\u00eda de Derechos Humanos Poblaci\u00f3n y Migraci\u00f3n de la Secretar\u00eda de Gobernaci\u00f3n (Segob) hiciera p\u00fablico su segundo reporte de rupturas en los equilibrios de libertades y derechos individuales de mexicanos. Tambi\u00e9n es novedoso que esta instancia del Ejecutivo federal coincidiera con la organizaci\u00f3n internacional, Art\u00edculo 19, en el sentido de exhibir lesiones \u201cpreocupantes\u201d a los derechos humanos.<\/p>\n\n\n\n<p class=\"wp-block-paragraph\">Ambos reportes documentan por qui\u00e9nes, d\u00f3nde y c\u00f3mo se ha alterado m\u00e1s la concordia social. Configuran una misma alerta que no debe desestimarse.<\/p>\n\n\n\n<p class=\"wp-block-paragraph\">La Subsecretar\u00eda de la Segob reporta \u201csanciones desproporcionales de gobernadores y alcaldes tales como cierre de fronteras, caminos y carreteras, toques de queda, retenes y otras medidas restrictivas al libre tr\u00e1nsito; recuenta agresiones injustificadas contra personal de salud, multiplicaci\u00f3n de actos discriminatorios, persistencia de agresiones y asesinatos de personas defensoras de derechos humanos y periodistas, desaparici\u00f3n de personas y maltratos a presos y refugiados.<\/p>\n\n\n\n<p class=\"wp-block-paragraph\">Art\u00edculo 19, por su lado asegura que \u201cla pandemia ha puesto en evidencia la precariedad de los mecanismos institucionales para garantizar el derecho a la informaci\u00f3n\u201d de poblaciones espec\u00edficas como las ind\u00edgenas; documenta \u201cuso y abuso de mecanismos, legales o f\u00e1cticos, de censura directa e indirecta, cuya expresi\u00f3n m\u00e1s alarmante es el recrudecimiento de la violencia contra la prensa,\u201d Y coincide con el \u201cavance de pr\u00e1cticas autoritarias que ponen en riesgo la vigencia de los derechos humanos.\u201d<\/p>\n\n\n\n<p class=\"wp-block-paragraph\">Los soci\u00f3logos definen la paz a nivel social o personal, el estado en el cual se encuentran en equilibrio y estabilidad sus partes, como la ausencia de inquietud, violencia o guerra. \u201cLa pandemia de COVID-19 ha trastocado todos los \u00e1mbitos de la sociedad\u201d advierte Art\u00edculo 19.<\/p>\n\n\n\n<p class=\"wp-block-paragraph\"><strong>Los datos de la Segob<\/strong><\/p>\n\n\n\n<p class=\"wp-block-paragraph\">La Subsecretar\u00eda de Derechos Humanos a cargo de Alejandro Encinas difundi\u00f3 el 2 de julio, la segunda parte de sus \u201cObservaciones sobre Violaciones a Derechos Humanos cometidas durante la Contingencia Sanitaria por COVID-19\u201d con \u201cun llamado a las autoridades de todos los niveles a no bajar la guardia y recordar que, en este contexto de emergencia, la salvaguarda de los derechos es m\u00e1s importante que nunca.\u201d<\/p>\n\n\n\n<p class=\"wp-block-paragraph\">Reporta que \u201ca nivel nacional, los estados y municipios emitieron 428 medidas restrictivas: reducci\u00f3n de movilidad (17.29%), filtros sanitarios (17.29%), uso obligatorio de cubrebocas (15.42%), toques de queda (12.62%), acceso restringido (10.98%), restricci\u00f3n de movilidad (6.78%), cierre de acceso (4.67%) y otras (14.95%).<\/p>\n\n\n\n<p class=\"wp-block-paragraph\">Las restricciones registradas fueron en Quintana Roo, Campeche, Coahuila, Durango, Jalisco, Michoac\u00e1n, Nayarit y Sonora. \u201cEn algunos de estos estados se han documentado abusos de autoridad o uso excesivo de la fuerza\u201d.<\/p>\n\n\n\n<p class=\"wp-block-paragraph\">De agravios a personal de salud anota: \u201cque entre los meses de abril y mayo se registraron 103 agresiones en 29 estados. Los estados de mayor n\u00famero son la Ciudad de M\u00e9xico (19) y Jalisco (15).<\/p>\n\n\n\n<p class=\"wp-block-paragraph\">Por separado, el Instituto Mexicano del Seguro Social (IMSS) registr\u00f3 55 agresiones al personal de enfermer\u00eda en 14 entidades durante mayo: Veracruz (12), Jalisco (10), Estado de M\u00e9xico (9), Ciudad de M\u00e9xico (5), San Luis Potos\u00ed (5), Tamaulipas (4), Yucat\u00e1n (4), Sinaloa (3), Durango (1), Hidalgo (1) Morelos (1), Nuevo Le\u00f3n (1), Tabasco (1), Zacatecas (1).<\/p>\n\n\n\n<p class=\"wp-block-paragraph\">Tambi\u00e9n se informa, con detalles, de 341 actos discriminatorios, acentuados en el periodo: contra mujeres 179 y a hombres 162.<\/p>\n\n\n\n<p class=\"wp-block-paragraph\"><strong>Siguen los acosos a defensores y periodistas<\/strong><\/p>\n\n\n\n<p class=\"wp-block-paragraph\">\u201cDe enero a mayo de 2020 el Mecanismo para la Protecci\u00f3n de esta Subsecretar\u00eda registr\u00f3 128 agresiones contra personas defensoras de derechos humanos (63 hombres, 52 mujeres, una persona transg\u00e9nero y 12 colectivos).\u201d<\/p>\n\n\n\n<p class=\"wp-block-paragraph\">De agresiones a periodistas, aunque los datos de Segob contrastan con los de organismos no gubernamentales en todos los casos reflejan la persistencia de reacciones violentas a su trabajo considerado como esencial con o sin epidemias:<\/p>\n\n\n\n<p class=\"wp-block-paragraph\">Seg\u00fan el Mecanismo, los agravios fueron de 30.5 mensual en promedio (de enero a mayo registr\u00f3 122 agresiones, 88 contra hombres, 34 a mujeres y 4 a colectivos);<\/p>\n\n\n\n<p class=\"wp-block-paragraph\">Art\u00edculo 19, por su lado document\u00f3 60 agresiones en promedio mensual (120 entre el 12 de marzo al 16 de mayo).<\/p>\n\n\n\n<p class=\"wp-block-paragraph\">Y el agrupamiento Periodistas de a pie registr\u00f3 un promedio mensual de 23.5 (141 de enero a junio).<\/p>\n\n\n\n<p class=\"wp-block-paragraph\">La Subsecretar\u00eda reporta tambi\u00e9n la desaparici\u00f3n de personas de marzo a mayo. Sostiene que la Comisi\u00f3n Nacional de B\u00fasqueda de Personas (CNB) registr\u00f3 1,260 desapariciones, de las cuales 754 son hombres y 506 mujeres. Precisa que fueron localizadas 551 personas (43.7%)<\/p>\n\n\n\n<p class=\"wp-block-paragraph\">Su reporte incluye datos precisos de restricciones que tambi\u00e9n impuso la delincuencia organizada, la situaci\u00f3n de presos y refugiados durante la epidemia. Ver <a href=\"https:\/\/www.gob.mx\/segob\/documentos\/observaciones-sobre-violaciones-a-derechos-humanos-cometidas-durante-la-contingencia-sanitaria-por-covid-19?state=published\">https:\/\/www.gob.mx\/segob\/documentos\/observaciones-sobre-violaciones-a-derechos-humanos-cometidas-durante-la-contingencia-sanitaria-por-covid-19?state=published<\/a><\/p>\n\n\n\n<p class=\"wp-block-paragraph\"><strong>Los datos de Art\u00edculo 19<\/strong><\/p>\n\n\n\n<p class=\"wp-block-paragraph\">El organismo de origen ingl\u00e9s, Art\u00edculo 19, investig\u00f3 violaciones de derechos espec\u00edficos en M\u00e9xico y Centroam\u00e9rica. En todos los casos antepone las referencias de convenios internacionales y leyes en cada pa\u00eds. Dedica amplio espacio a la vulneraci\u00f3n de los derechos a la informaci\u00f3n y trato discriminatorio a poblaciones ind\u00edgenas, a periodistas y a los excesos de gobernantes sobre todo en los estados y municipios.<\/p>\n\n\n\n<p class=\"wp-block-paragraph\">De estos \u00faltimos sostiene: \u201cPor su parte, en M\u00e9xico, las respuestas a nivel subnacional han sido severas en algunas entidades federativas y municipios, pretendiendo dictar medidas de excepci\u00f3n que abiertamente obstaculizan la movilidad o las reuniones, por ejemplo, por fuera del marco constitucional, arrog\u00e1ndose las autoridades locales, de manera ilegal e ileg\u00edtima, facultades extraordinarias para usar la fuerza p\u00fablica.\u201d<\/p>\n\n\n\n<p class=\"wp-block-paragraph\">Denuncia tambi\u00e9n \u201cuna falta evidente de comunicaci\u00f3n oportuna y adecuada a las comunidades ind\u00edgenas\u201d.<\/p>\n\n\n\n<p class=\"wp-block-paragraph\">\u201cEn M\u00e9xico, seg\u00fan datos de 2019 del Instituto Nacional de Estad\u00edstica y Geograf\u00eda (INEGI), alrededor del 29.9% de la poblaci\u00f3n de seis a\u00f1os o m\u00e1s de edad no es usuaria de internet.35 De acuerdo con la misma fuente, esta cifra sube a 52.3% en el caso de zonas rurales.<\/p>\n\n\n\n<p class=\"wp-block-paragraph\">\u201cla falta de acceso a la informaci\u00f3n, debido a los obst\u00e1culos estructurales que emanan desde las pol\u00edticas p\u00fablicas en la materia para que puedan acceder a informaci\u00f3n de calidad, con pertinencia cultural, oportunidad y en sus propias lenguas\u2026<\/p>\n\n\n\n<p class=\"wp-block-paragraph\">\u201cno existe como tal una estrategia integral de comunicaci\u00f3n dirigida a los pueblos ind\u00edgenas, en la que trabajen de manera articulada autoridades federales, estatales, municipales y comunitarias. La denominada Estrategia de Acci\u00f3n Comunitaria se ha limitado a las traducciones mencionadas a s\u00f3lo 26 lenguas ind\u00edgenas \u2014de las 68 existentes en M\u00e9xico\u2014.<\/p>\n\n\n\n<p class=\"wp-block-paragraph\">Sobre el ejercicio period\u00edstico asegura que \u201cDesde los inicios de la pandemia se expuso la salud de los periodistas que cubr\u00edan zonas de alto riesgo de contagio y, en la mayor\u00eda de casos, sin el equipo de protecci\u00f3n adecuado.\u201d<\/p>\n\n\n\n<p class=\"wp-block-paragraph\">\u201cAnte un escenario de ausencia de protocolos preventivos, la protecci\u00f3n por cuenta propia se ha convertido en la alternativa para evitar contagios; los periodistas asumen la carga de tomar sus propias medidas con sus propios recursos ante la falta de medidas de las instituciones de gobierno y de los mismos medios para que ejerzan el periodismo con seguridad\u201d.<\/p>\n\n\n\n<p class=\"wp-block-paragraph\">Art\u00edculo 19 dedica su informe m\u00e1s reciente a las y los 27 periodistas que, \u201cen el ejercicio de su labor para brindar informaci\u00f3n sobre el desarrollo de la emergencia sanitaria, han fallecido a consecuencia del COVID-19\u201d. Inusualmente incorpora seis recomendaciones para empresas de medios.<\/p>\n\n\n\n<p class=\"wp-block-paragraph\">Antes de las recomendaciones que suela hacer en todos sus documentos, Art\u00edculo 19 advierte: \u201cLa pandemia de COVID-19 ha trastocado todos los \u00e1mbitos de la sociedad. Ver <a href=\"https:\/\/articulo19.org\/wp-content\/uploads\/2020\/07\/A19_InformeCovid_2020-V02.pdf\">https:\/\/articulo19.org\/wp-content\/uploads\/2020\/07\/A19_InformeCovid_2020-V02.pdf<\/a>&nbsp;<\/p>\n\n\n\n<p class=\"wp-block-paragraph\">En ambos reportes, como se puede observar, est\u00e1n los datos de otros trastornos y desequilibrios en los derechos de la sociedad mexicana y en sus relaciones que trastocan la paz social durante la epidemia.<\/p>\n\n\n\n<p class=\"wp-block-paragraph\"><strong>Periodistas fallecidos durante la epidemia<\/strong><\/p>\n\n\n\n<p class=\"wp-block-paragraph\">(Fuente: Art\u00edculo 19)<\/p>\n\n\n\n<ol class=\"wp-block-list\" type=\"1\"><li><em>Martha Caballero Colli. Reportera freelance y trabajadora en comunicaci\u00f3n del Ayuntamiento de Solidaridad, Q. Roo; Playa del Carmen, Quintana Roo.<\/em><\/li><li><em>Alejandro Cedillo. Reportero La Cr\u00f3nica de Hoy; Ciudad de M\u00e9xico.<\/em><\/li><li><em>Miguel \u00c1ngel Garc\u00eda. Freelance \/ reportero de comunicaci\u00f3n social en Cuernavaca; Morelos<\/em><\/li><li><em>Armando S\u00e1nchez D\u00edaz. Locutor del programa El Gallito de la Radio; Ciudad de M\u00e9xico.<\/em><\/li><li><em>Clemente Gonz\u00e1lez Garc\u00eda. Colaborador del Canal del Congreso; Ciudad de M\u00e9xico.<\/em><\/li><li><em>Jaime Montejo. Activista \/ agencia NotiCalle; Ciudad de M\u00e9xico.<\/em><\/li><li><em>David Alvarado \u201cPiti\u201d. Fotoperiodista P\u00e1sala; Ciudad de M\u00e9xico.<\/em><\/li><li><em>Mois\u00e9s M\u00e1rquez Villegas. Subdirector InfoBaja; Tijuana, BC.<\/em><\/li><li><em>Jonathan Arana Chan. Camar\u00f3grafo; Playa del Carmen, Quintana Roo.<\/em><\/li><li><em>Roberto Guti\u00e9rrez Rojas. Operador Grupo Imagen; Ciudad de M\u00e9xico.<\/em><\/li><li><em>Jorge Tamez de la Cabada. Exsubdirector de S\u00edntesis en C\u00e1mara de Diputados CDMX.<\/em><\/li><li><em>Reyes Ramos Rodr\u00edguez. Locutor Radio M\u00e9xico Noticias; Chihuahua.<\/em><\/li><li><em>Carlos Arturo Ram\u00edrez Castro. Fot\u00f3grafo comunicaci\u00f3n social Chimalhuac\u00e1n, Edomex.<\/em><\/li><li><em>Fabiola Bueno Cardiel. Atenci\u00f3n a medios del Instituto Electoral del Estado de M\u00e9xico; Edomex.<\/em><\/li><li><em>Ricardo Camacho. Corresponsal del diario 8 Columnas; Edomex.<\/em><\/li><li><em>Jos\u00e9 Luis Ceballos. Director y conductor de espacios informativos de la Z 97.7; Oaxaca.<\/em><\/li><li><em>Uriel Mart\u00ednez L\u00f3pez. Reportero TUDN MX (Televisa Deportes); sin dato.<\/em><\/li><li><em>Sonia Salom\u00e9 Copca Cano. Reportera y locutora; sin dato.<\/em><\/li><li><em>Manuel Alberto Villegas Su\u00e1rez. Fot\u00f3grafo Ayuntamiento de Centro, Tabasco; Centro, Tabasco.<\/em><\/li><li><em>Antonio Alvear Olea. Columnista y reportero del diario Despertar del Sur; Guerrero.<\/em><\/li><li><em>Rosendo Santos Merino. Director de El Sitio Informativo; Morelos.<\/em><\/li><li><em>Mario Manz\u00f3n. Fot\u00f3grafo de Comunicaci\u00f3n Social del Gobierno de Sonora; Hermosillo, Sonora.<\/em><\/li><li><em>Jos\u00e9 Roldan. TUDN MX (Televisa Deportes); sin dato.<\/em><\/li><li><em>Luis Gerardo Ram\u00edrez Franco. Trabajador del diario Reforma; Ciudad de M\u00e9xico.<\/em><\/li><li><em>Jos\u00e9 Manuel Velarde V\u00e1zquez. presidente de la Asociaci\u00f3n de Periodistas del Norte de Sonora.<\/em><\/li><li><em>Manuel Cano L\u00f3pez. Fundador y director de Diario Punto Cr\u00edtico; Juchit\u00e1n, Oaxaca.<\/em><\/li><li><em>Franklin Am\u00e9rico Rivero \u201cMeco\u201d. Fotoperiodista de la Asamblea Legislativa; El Salvador.<\/em><\/li><\/ol>\n","protected":false},"excerpt":{"rendered":"<p>Advierten Gobernaci\u00f3n y Art\u00edculo 19 otros quebrantos a la paz social<\/p>\n","protected":false},"author":3,"featured_media":8473,"comment_status":"open","ping_status":"open","sticky":false,"template":"","format":"standard","meta":{"_monsterinsights_skip_tracking":false,"footnotes":""},"categories":[691,106,85],"tags":[],"class_list":["post-22994","post","type-post","status-publish","format-standard","has-post-thumbnail","category-691","category-mirada-de-reportero","category-rogelio-hernandez-lopez"],"_links":{"self":[{"href":"https:\/\/redsemlac.com\/semmexico\/wp-json\/wp\/v2\/posts\/22994","targetHints":{"allow":["GET"]}}],"collection":[{"href":"https:\/\/redsemlac.com\/semmexico\/wp-json\/wp\/v2\/posts"}],"about":[{"href":"https:\/\/redsemlac.com\/semmexico\/wp-json\/wp\/v2\/types\/post"}],"author":[{"embeddable":true,"href":"https:\/\/redsemlac.com\/semmexico\/wp-json\/wp\/v2\/users\/3"}],"replies":[{"embeddable":true,"href":"https:\/\/redsemlac.com\/semmexico\/wp-json\/wp\/v2\/comments?post=22994"}],"version-history":[{"count":0,"href":"https:\/\/redsemlac.com\/semmexico\/wp-json\/wp\/v2\/posts\/22994\/revisions"}],"wp:featuredmedia":[{"embeddable":true,"href":"https:\/\/redsemlac.com\/semmexico\/wp-json\/wp\/v2\/media\/8473"}],"wp:attachment":[{"href":"https:\/\/redsemlac.com\/semmexico\/wp-json\/wp\/v2\/media?parent=22994"}],"wp:term":[{"taxonomy":"category","embeddable":true,"href":"https:\/\/redsemlac.com\/semmexico\/wp-json\/wp\/v2\/categories?post=22994"},{"taxonomy":"post_tag","embeddable":true,"href":"https:\/\/redsemlac.com\/semmexico\/wp-json\/wp\/v2\/tags?post=22994"}],"curies":[{"name":"wp","href":"https:\/\/api.w.org\/{rel}","templated":true}]}}