{"id":22982,"date":"2020-07-11T22:07:27","date_gmt":"2020-07-11T22:07:27","guid":{"rendered":"https:\/\/redsemlac.com\/semmexico\/?p=22982"},"modified":"2023-07-21T16:25:52","modified_gmt":"2023-07-21T21:25:52","slug":"amnistia-internacional-pide-a-putin-proteccion-para-la-periodista-elena-milachina","status":"publish","type":"post","link":"https:\/\/redsemlac.com\/semmexico\/amnistia-internacional-pide-a-putin-proteccion-para-la-periodista-elena-milachina\/","title":{"rendered":"Amnist\u00eda Internacional pide a Putin protecci\u00f3n para la periodista Elena Milachina"},"content":{"rendered":"\n<p class=\"wp-block-paragraph\"><strong>Por\u00a0Mercedes Arancibia<\/strong><\/p>\n\n\n\n<p class=\"wp-block-paragraph\">SemM\u00e9xico\/Periodistas en Espa\u00f1ol. 11 de julio 2020.-Amnist\u00eda Internacional ha puesto en marcha una recogida de firmas para pedir al presidente ruso, Vladimir Putin, que proteja a la periodista\u00a0<strong>Elena Milachina<\/strong>, del peri\u00f3dico bisemanal Novaya Gazeta, amenazada por el presidente checheno a causa de sus art\u00edculos sobre ese pa\u00eds.<\/p>\n\n\n\n<p class=\"wp-block-paragraph\">No es la primera vez que se producen estas amenazas. El pasado 6 de febrero de 2012, Elena Milachina y la abogada&nbsp;<strong>Marina Dubrovina<\/strong>&nbsp;fueron agredidas por un grupo de personas en un hotel de Grozny, la capital chechena. Se abri\u00f3 una investigaci\u00f3n sobre la agresi\u00f3n, pero en este momento se encuentra parada.<\/p>\n\n\n\n<p class=\"wp-block-paragraph\">El 12 de abril de este a\u00f1o, el peri\u00f3dico independiente Novaya Gazeta public\u00f3 un art\u00edculo de Elena Milachina a prop\u00f3sito de la pandemia de Covid-19 en Chechenia. El art\u00edculo provoc\u00f3 una reacci\u00f3n del presidente checheno,&nbsp;<strong>Ramzan Kadyrov<\/strong>, quien public\u00f3 en Instagram un v\u00eddeo en el que acusaba a Novaya Gazeta y a sus periodistas de \u201cpeleles de occidente\u201d y ped\u00eda directamente al gobierno ruso y al Servicio Federal de Seguridad (FSB, antigua KGB) que \u201cdetuvieran a estos no-humanos que escriben y provocan al pueblo\u201d. Tambi\u00e9n anunci\u00f3 que si las autoridades rusas no actuaban alguien en Chechenia tendr\u00eda que cometer un crimen para reducir a la periodista al silencio.<\/p>\n\n\n\n<p class=\"wp-block-paragraph\">Amnist\u00eda Internacional exige a las autoridades rusas que condenen p\u00fablicamente las amenazas de muerte contra Elena Milachina y adopten medidas para protegerla. \u00abRusia tiene que respetar el derecho de los periodistas a investigar y publicar el resultado de sus investigaciones sobre la gesti\u00f3n de la pandemia en Chechenia, y en las dem\u00e1s regiones de la Federaci\u00f3n de Rusia. Debe proteger el derecho a la libertad de expresi\u00f3n e informaci\u00f3n\u00bb.<\/p>\n\n\n\n<p class=\"wp-block-paragraph\">Elena Milachina, periodista rusa de 42 a\u00f1os, ha trabajo sobre el tr\u00e1fico de drogas, los ataques terroristas, las cat\u00e1strofes militares&nbsp; y tambi\u00e9n los asesinatos de periodistas en su pa\u00eds.<\/p>\n\n\n\n<p class=\"wp-block-paragraph\">Activista de los derechos humanos, tambi\u00e9n se ha ocupado de casos de secuestros extrajudiciales, torturas y violaciones de los derechos humanos en el C\u00e1ucaso, y es conocida por haber continuado algunas de las investigaciones iniciadas por su compa\u00f1era Anna Politkovskaya, asesinada el 7 de octubre de 2006 en la entrada de su domicilio en Mosc\u00fa.<\/p>\n\n\n\n<p class=\"wp-block-paragraph\">En 2009 recibi\u00f3 el premio Alison Des Forges de Human Rights Watch por su activismo y en 2013 el Premio Internacional de Mujer valiente que concede el Departamento de Estado, de Estados Unidos.<\/p>\n","protected":false},"excerpt":{"rendered":"<p>Amnist\u00eda Internacional ha puesto en marcha una recogida de firmas para pedir al presidente ruso, Vladimir Putin, que proteja a la periodista Elena Milachina, del peri\u00f3dico bisemanal Novaya Gazeta, amenazada por el presidente checheno a causa de sus art\u00edculos sobre ese pa\u00eds.<\/p>\n","protected":false},"author":3,"featured_media":22983,"comment_status":"open","ping_status":"open","sticky":false,"template":"","format":"standard","meta":{"_monsterinsights_skip_tracking":false,"footnotes":""},"categories":[691,53],"tags":[],"class_list":["post-22982","post","type-post","status-publish","format-standard","has-post-thumbnail","category-691","category-internacional"],"_links":{"self":[{"href":"https:\/\/redsemlac.com\/semmexico\/wp-json\/wp\/v2\/posts\/22982","targetHints":{"allow":["GET"]}}],"collection":[{"href":"https:\/\/redsemlac.com\/semmexico\/wp-json\/wp\/v2\/posts"}],"about":[{"href":"https:\/\/redsemlac.com\/semmexico\/wp-json\/wp\/v2\/types\/post"}],"author":[{"embeddable":true,"href":"https:\/\/redsemlac.com\/semmexico\/wp-json\/wp\/v2\/users\/3"}],"replies":[{"embeddable":true,"href":"https:\/\/redsemlac.com\/semmexico\/wp-json\/wp\/v2\/comments?post=22982"}],"version-history":[{"count":0,"href":"https:\/\/redsemlac.com\/semmexico\/wp-json\/wp\/v2\/posts\/22982\/revisions"}],"wp:featuredmedia":[{"embeddable":true,"href":"https:\/\/redsemlac.com\/semmexico\/wp-json\/wp\/v2\/media\/22983"}],"wp:attachment":[{"href":"https:\/\/redsemlac.com\/semmexico\/wp-json\/wp\/v2\/media?parent=22982"}],"wp:term":[{"taxonomy":"category","embeddable":true,"href":"https:\/\/redsemlac.com\/semmexico\/wp-json\/wp\/v2\/categories?post=22982"},{"taxonomy":"post_tag","embeddable":true,"href":"https:\/\/redsemlac.com\/semmexico\/wp-json\/wp\/v2\/tags?post=22982"}],"curies":[{"name":"wp","href":"https:\/\/api.w.org\/{rel}","templated":true}]}}