{"id":22973,"date":"2020-07-10T22:50:41","date_gmt":"2020-07-10T22:50:41","guid":{"rendered":"https:\/\/redsemlac.com\/semmexico\/?p=22973"},"modified":"2023-07-21T16:25:52","modified_gmt":"2023-07-21T21:25:52","slug":"en-michoacan-se-castigara-con-carcel-a-quienes-difundan-imagenes-de-las-victimas-de-algun-delito","status":"publish","type":"post","link":"https:\/\/redsemlac.com\/semmexico\/en-michoacan-se-castigara-con-carcel-a-quienes-difundan-imagenes-de-las-victimas-de-algun-delito\/","title":{"rendered":"En Michoac\u00e1n se castigar\u00e1 con c\u00e1rcel a quienes difundan im\u00e1genes de las v\u00edctimas de alg\u00fan delito"},"content":{"rendered":"\n<ul class=\"wp-block-list\"><li><strong>Las y los servidores p\u00fablicos que filtren informaci\u00f3n, im\u00e1genes o videos ir\u00e1n a la c\u00e1rcel<\/strong>.<\/li><\/ul>\n\n\n\n<p class=\"wp-block-paragraph\"><strong>Redacci\u00f3n<\/strong><\/p>\n\n\n\n<p class=\"wp-block-paragraph\">SemM\u00e9xico. Morelia, Michoac\u00e1n. 10 de julio 2020.- En Michoac\u00e1n se reforzar\u00e1 la legislaci\u00f3n local en protecci\u00f3n de las v\u00edctimas y se castigar\u00e1 a las y los servidores p\u00fablicos que filtren informaci\u00f3n, im\u00e1genes o videos desprotegiendo y revictimizando a las v\u00edctimas del delito, subray\u00f3 la diputada Araceli Saucedo Reyes.<\/p>\n\n\n\n<p class=\"wp-block-paragraph\">Durante la reuni\u00f3n de la Comisi\u00f3n de Justicia de la que es integrante, se dictamin\u00f3 la iniciativa de la diputada y del legislador Ernesto N\u00fa\u00f1ez, por la que se reforma el art\u00edculo 260 del C\u00f3digo Penal para el Estado y el art\u00edculo 57 bis a la Ley de Responsabilidades Administrativas para el Estado, en protecci\u00f3n de las v\u00edctimas.<\/p>\n\n\n\n<p class=\"wp-block-paragraph\">La diputada integrante del Grupo Parlamentario del PRD, en el Congreso de Michoac\u00e1n, dio a conocer que en la Comisi\u00f3n se estableci\u00f3 el dictamen que reforma al art\u00edculo 260 del C\u00f3digo Penal para el Estado, los delitos contra la administraci\u00f3n de justicia, cometidos por las y los servidores p\u00fablicos son el dar a conocer a quien no tenga derecho, documentos, constancias, informaci\u00f3n, fotograf\u00edas, videos o audios que obren en una carpeta de investigaci\u00f3n, en un proceso penal o sujetos a cadena de custodia y que por disposici\u00f3n de la ley o resoluci\u00f3n de la autoridad judicial, sean reservados o confidenciales.<\/p>\n\n\n\n<p class=\"wp-block-paragraph\">Saucedo Reyes puntualiz\u00f3 que se estableci\u00f3 que, si las im\u00e1genes, audios o videos son de cuerpos humanos deformados o mutilados correspondientes a una mujer o a menores de edad, se incrementar\u00e1 la sanci\u00f3n en una tercera parte.<\/p>\n\n\n\n<p class=\"wp-block-paragraph\">En lo que se refiere a la adici\u00f3n al art\u00edculo 57 bis a la Ley de Responsabilidades Administrativas para el Estado se especifica que la o el servidor p\u00fablico que incurra en filtrar, revelar o transmitir audios, videos, fotograf\u00edas o im\u00e1genes a cualquier persona que no tenga derecho a conocer o participar en la investigaci\u00f3n administrativa, ser\u00e1 responsable de los da\u00f1os que ello ocasione al Estado o a particulares, con independencia del delito que con ello comete.<\/p>\n\n\n\n<p class=\"wp-block-paragraph\">Por su parte en la Comisi\u00f3n de Justicia se coincidi\u00f3 que, el divulgar esta informaci\u00f3n podr\u00eda desvirtuar los elementos probatorios, violar el debido proceso y corromper una vinculaci\u00f3n a proceso. \u201cTenemos claro que como legisladoras y legisladores debemos legislar para combatir y acabar con este flagelo, ya que se vulnera a las v\u00edctimas, se fomenta la naturalizaci\u00f3n de la violencia e incrementa el miedo en la sociedad\u201d, resalt\u00f3 Saucedo Reyes.<\/p>\n\n\n\n<p class=\"wp-block-paragraph\">En ese contexto, dijo que, convencidos de que se deben tomar las medidas de protecci\u00f3n a la cadena de custodia, evitando la difusi\u00f3n ilegal de im\u00e1genes de las v\u00edctimas y procurar que se apliquen las debidas sanciones a quien resulte responsable de ello, lo anterior en aras de vigilar y promover directrices para la erradicaci\u00f3n de todos los tipos de violencia y fortalecer la dignidad y respeto, fue dictaminada a favor ambas iniciativas, de las que se turnar\u00e1 un dictamen para que se someta a consideraci\u00f3n del Pleno en la LXXIV Legislatura para su aprobaci\u00f3n.<\/p>\n\n\n\n<p class=\"wp-block-paragraph\">La legisladora perredista record\u00f3 que, con el objetivo de proteger a las v\u00edctimas, propuso reformar el C\u00f3digo Penal y la Ley de Responsabilidades Administrativas ambas del Estado, para castigar a las y los servidores p\u00fablicos que participen en la revictimizaci\u00f3n, al filtrar informaci\u00f3n, im\u00e1genes o v\u00eddeos e incrementar las penas.<\/p>\n\n\n\n<p class=\"wp-block-paragraph\">Su propuesta busca proteger la integridad de la v\u00edctima, as\u00ed de sus familiares, evitando un uso distinto de la informaci\u00f3n, el cual debe ser contenido exclusivo de la carpeta de investigaci\u00f3n.<\/p>\n\n\n\n<p class=\"wp-block-paragraph\">Ante los graves casos que se han registrado en el pa\u00eds, dijo que se debe fortalecer la legislaci\u00f3n, con el fin de sancionar a todo aquella servidora o servidor p\u00fablico que filtre im\u00e1genes de las v\u00edctimas; por lo que confi\u00f3 que existir\u00e1 respaldo de todos los que integran la actual legislatura para que se apruebe, con el fin de proteger a las v\u00edctimas y sancionar a quienes las vulneren, ya que las revictimizaciones ponen en riesgo no s\u00f3lo una investigaci\u00f3n, sino principalmente a las mujeres y tambi\u00e9n a sus familias.<\/p>\n\n\n\n<p class=\"wp-block-paragraph\">Cabe destacar que de aprobarse estas reformas, se armonizar\u00e1 la legislaci\u00f3n de la Ley de Atenci\u00f3n a V\u00edctimas para el Estado y la Ley por una Vida Libre de Violencia para las Mujeres en Michoac\u00e1n, ya que la primera establece la obligaci\u00f3n de la confidencialidad del uso de la informaci\u00f3n personal de la v\u00edctima y la segunda define que la violencia contra la mujer, es cualquier acci\u00f3n u omisi\u00f3n que, en raz\u00f3n del g\u00e9nero le cause da\u00f1o o sufrimiento psicol\u00f3gico, f\u00edsico, patrimonial, econ\u00f3mico, sexual o incluso la muerte, tanto en el \u00e1mbito privado como en el p\u00fablico, que se expresa en amenazas, agravios, maltrato, lesiones y da\u00f1os asociados a la exclusi\u00f3n, subordinaci\u00f3n, discriminaci\u00f3n, explotaci\u00f3n y opresi\u00f3n de g\u00e9nero en cualquiera de sus modalidades.<\/p>\n\n\n\n<p class=\"wp-block-paragraph\">SEM\/IL<\/p>\n","protected":false},"excerpt":{"rendered":"<p>Las y los servidores p\u00fablicos que filtren informaci\u00f3n, im\u00e1genes o videos ir\u00e1n a la c\u00e1rcel.<\/p>\n","protected":false},"author":3,"featured_media":22976,"comment_status":"open","ping_status":"open","sticky":false,"template":"","format":"standard","meta":{"_monsterinsights_skip_tracking":false,"footnotes":""},"categories":[691,50],"tags":[],"class_list":["post-22973","post","type-post","status-publish","format-standard","has-post-thumbnail","category-691","category-congreso"],"_links":{"self":[{"href":"https:\/\/redsemlac.com\/semmexico\/wp-json\/wp\/v2\/posts\/22973","targetHints":{"allow":["GET"]}}],"collection":[{"href":"https:\/\/redsemlac.com\/semmexico\/wp-json\/wp\/v2\/posts"}],"about":[{"href":"https:\/\/redsemlac.com\/semmexico\/wp-json\/wp\/v2\/types\/post"}],"author":[{"embeddable":true,"href":"https:\/\/redsemlac.com\/semmexico\/wp-json\/wp\/v2\/users\/3"}],"replies":[{"embeddable":true,"href":"https:\/\/redsemlac.com\/semmexico\/wp-json\/wp\/v2\/comments?post=22973"}],"version-history":[{"count":0,"href":"https:\/\/redsemlac.com\/semmexico\/wp-json\/wp\/v2\/posts\/22973\/revisions"}],"wp:featuredmedia":[{"embeddable":true,"href":"https:\/\/redsemlac.com\/semmexico\/wp-json\/wp\/v2\/media\/22976"}],"wp:attachment":[{"href":"https:\/\/redsemlac.com\/semmexico\/wp-json\/wp\/v2\/media?parent=22973"}],"wp:term":[{"taxonomy":"category","embeddable":true,"href":"https:\/\/redsemlac.com\/semmexico\/wp-json\/wp\/v2\/categories?post=22973"},{"taxonomy":"post_tag","embeddable":true,"href":"https:\/\/redsemlac.com\/semmexico\/wp-json\/wp\/v2\/tags?post=22973"}],"curies":[{"name":"wp","href":"https:\/\/api.w.org\/{rel}","templated":true}]}}