{"id":22819,"date":"2020-07-06T22:27:12","date_gmt":"2020-07-06T22:27:12","guid":{"rendered":"https:\/\/redsemlac.com\/semmexico\/?p=22819"},"modified":"2023-07-21T16:25:13","modified_gmt":"2023-07-21T21:25:13","slug":"no-cesa-y-aumenta-violencia-contra-las-mujeres-rectoras","status":"publish","type":"post","link":"https:\/\/redsemlac.com\/semmexico\/no-cesa-y-aumenta-violencia-contra-las-mujeres-rectoras\/","title":{"rendered":"No cesa y aumenta violencia contra las mujeres: rectoras"},"content":{"rendered":"\n<ul class=\"wp-block-list\"><li><strong>Entre las firmantes, Sara Ladr\u00f3n de Guevara, rectora de la Universidad Veracruzana<\/strong><\/li><\/ul>\n\n\n\n<p class=\"wp-block-paragraph\"><strong>Redacci\u00f3n Xalapa Hoy<\/strong><\/p>\n\n\n\n<p class=\"wp-block-paragraph\">SemM\u00e9xico\/Xalapa Hoy. Xalapa, Veracruz. 06 de julio 2020.- En un desplegado dirigido al presidente Andr\u00e9s Manuel L\u00f3pez Obrador, al poder Legislativo, al Poder Judicial, a las y los gobernadores de los estados, a las y los presidentes municipales y a la sociedad mexicana, siete rectoras de universidades del pa\u00eds \u2014entre ellas, Sara Ladr\u00f3n de Guevara, de la Universidad Veracruzana\u2014 manifiestan su \u201cindignaci\u00f3n y agravio por la violencia contra las mujeres que no cesa, sino que hoy aumenta\u201d.<\/p>\n\n\n\n<p class=\"wp-block-paragraph\">&nbsp;\u201cLlamamos a los tres poderes y a los tres \u00f3rdenes de gobierno, particularmente en los municipios y estados donde habi\u00e9ndose declarado alerta de g\u00e9nero hoy se reconoce un recrudecimiento de la violencia, a establecer pol\u00edticas que reviertan estos \u00edndices\u201d, indican.<\/p>\n\n\n\n<p class=\"wp-block-paragraph\">Se refieren, en particular, al reciente asesinato de la licenciada Guadalupe Mart\u00ednez Aguilar, en su centro de trabajo, en una instituci\u00f3n educativa en el municipio de Emiliano Zapata, Veracruz, lo cual \u201cvisibiliz\u00f3 la vulnerabilidad de los espacios educativos\u201d.<\/p>\n\n\n\n<p class=\"wp-block-paragraph\">&nbsp;\u201c\u00bfQu\u00e9 garant\u00edas tenemos las mujeres hoy en M\u00e9xico, si no existe un lugar en el espacio cotidiano en donde estemos seguras? \u00bfC\u00f3mo podemos hablar de que \u2018en M\u00e9xico la familia es fraterna\u2019, mientras sabemos que las ni\u00f1as y las mujeres seguimos viviendo violencia al interior de nuestros hogares, atrapadas por el confinamiento y la cultura que naturaliza la violencia?\u201d.<\/p>\n\n\n\n<p class=\"wp-block-paragraph\">&nbsp;\u201c\u00a1Detengamos la violencia! No queremos callarnos ni sumarnos al ego\u00edsmo ni a pol\u00edticas p\u00fablicas que se niegan a reconocer el aumento del grav\u00edsimo problema de la violencia de g\u00e9nero y de su expresi\u00f3n m\u00e1s cruda reflejada en el n\u00famero creciente de feminicidios\u201d.<\/p>\n\n\n\n<p class=\"wp-block-paragraph\">&nbsp;\u201cComo l\u00edderes de universidades asumimos que nuestra obligaci\u00f3n ante las mujeres de M\u00e9xico es la de repensar c\u00f3mo se forjan&nbsp; voluntades reales para conseguir cambios reales. En nuestras manos est\u00e1 la educaci\u00f3n de mujeres y hombres que ya forjan el futuro\u201d.<\/p>\n\n\n\n<p class=\"wp-block-paragraph\">&nbsp;\u201cExigimos un verdadero estado de Derecho que establezca mecanismos de defensa y apoyo de la sociedad civil&nbsp; y que propicie instituciones que impartan verdadera justicia\u201d, aseveran Ana Pricila Sosa Ferreira, de la Universidad del Caribe; Carmen L\u00f3pez-Portillo Romano, de la Universidad Claustro de Sor Juana; Silvia Elena Giorguli Saucedo, del Colegio de M\u00e9xico; Mar\u00eda Guadalupe Ibarra Cece\u00f1a, de la Universidad Aut\u00f3noma Ind\u00edgena de M\u00e9xico; Sylvia Paz D\u00edaz Camacho, de la Universidad Aut\u00f3noma de Occidente; Teresa Garc\u00eda Gasca, de la Universidad Aut\u00f3noma de Quer\u00e9taro y Sara Ladr\u00f3n de Guevara Gonz\u00e1lez, de la Universidad Veracruzana.<\/p>\n\n\n\n<figure class=\"wp-block-gallery columns-1 is-cropped wp-block-gallery-1 is-layout-flex wp-block-gallery-is-layout-flex\"><ul class=\"blocks-gallery-grid\"><li class=\"blocks-gallery-item\"><figure><img loading=\"lazy\" decoding=\"async\" width=\"750\" height=\"1024\" src=\"https:\/\/redsemlac.com\/semmexico\/wp-content\/uploads\/2020\/07\/rectoras-1.jpg\" alt=\"\" data-id=\"22821\" data-full-url=\"https:\/\/redsemlac.com\/semmexico\/wp-content\/uploads\/2020\/07\/rectoras-1.jpg\" data-link=\"https:\/\/redsemlac.com\/semmexico\/?attachment_id=22821\" class=\"wp-image-22821\"\/><\/figure><\/li><li class=\"blocks-gallery-item\"><figure><img loading=\"lazy\" decoding=\"async\" width=\"750\" height=\"1019\" src=\"https:\/\/redsemlac.com\/semmexico\/wp-content\/uploads\/2020\/07\/rectoras-2.jpg\" alt=\"\" data-id=\"22822\" data-full-url=\"https:\/\/redsemlac.com\/semmexico\/wp-content\/uploads\/2020\/07\/rectoras-2.jpg\" data-link=\"https:\/\/redsemlac.com\/semmexico\/?attachment_id=22822\" class=\"wp-image-22822\"\/><\/figure><\/li><\/ul><\/figure>\n\n\n\n<p class=\"wp-block-paragraph\">SEM\/Xalapa Hoy<\/p>\n","protected":false},"excerpt":{"rendered":"<p>Entre las firmantes, Sara Ladr\u00f3n de Guevara, rectora de la Universidad Veracruzana<\/p>\n","protected":false},"author":3,"featured_media":22820,"comment_status":"open","ping_status":"open","sticky":false,"template":"","format":"standard","meta":{"_monsterinsights_skip_tracking":false,"footnotes":""},"categories":[691,56],"tags":[],"class_list":["post-22819","post","type-post","status-publish","format-standard","has-post-thumbnail","category-691","category-redes"],"_links":{"self":[{"href":"https:\/\/redsemlac.com\/semmexico\/wp-json\/wp\/v2\/posts\/22819","targetHints":{"allow":["GET"]}}],"collection":[{"href":"https:\/\/redsemlac.com\/semmexico\/wp-json\/wp\/v2\/posts"}],"about":[{"href":"https:\/\/redsemlac.com\/semmexico\/wp-json\/wp\/v2\/types\/post"}],"author":[{"embeddable":true,"href":"https:\/\/redsemlac.com\/semmexico\/wp-json\/wp\/v2\/users\/3"}],"replies":[{"embeddable":true,"href":"https:\/\/redsemlac.com\/semmexico\/wp-json\/wp\/v2\/comments?post=22819"}],"version-history":[{"count":0,"href":"https:\/\/redsemlac.com\/semmexico\/wp-json\/wp\/v2\/posts\/22819\/revisions"}],"wp:featuredmedia":[{"embeddable":true,"href":"https:\/\/redsemlac.com\/semmexico\/wp-json\/wp\/v2\/media\/22820"}],"wp:attachment":[{"href":"https:\/\/redsemlac.com\/semmexico\/wp-json\/wp\/v2\/media?parent=22819"}],"wp:term":[{"taxonomy":"category","embeddable":true,"href":"https:\/\/redsemlac.com\/semmexico\/wp-json\/wp\/v2\/categories?post=22819"},{"taxonomy":"post_tag","embeddable":true,"href":"https:\/\/redsemlac.com\/semmexico\/wp-json\/wp\/v2\/tags?post=22819"}],"curies":[{"name":"wp","href":"https:\/\/api.w.org\/{rel}","templated":true}]}}