{"id":2281,"date":"2018-10-05T19:34:26","date_gmt":"2018-10-05T19:34:26","guid":{"rendered":"https:\/\/redsemlac.com\/semmexico\/?p=2281"},"modified":"2023-07-21T14:33:49","modified_gmt":"2023-07-21T19:33:49","slug":"comision-del-senado-senala-que-si-consideraran-la-paridad","status":"publish","type":"post","link":"https:\/\/redsemlac.com\/semmexico\/comision-del-senado-senala-que-si-consideraran-la-paridad\/","title":{"rendered":"Comisi\u00f3n del Senado se\u00f1ala que s\u00ed considerar\u00e1n la paridad."},"content":{"rendered":"\n<p class=\"wp-block-paragraph\"><a href=\"https:\/\/www.semmexico.com\/gallery-post.php?id=6040#\">Redacci\u00f3n<\/a><\/p>\n\n\n\n<p class=\"wp-block-paragraph\">Virgilio S\u00e1nchez Jim\u00e9nez Leyva<\/p>\n\n\n\n<p class=\"wp-block-paragraph\">SemM\u00e9xico, Oaxaca, 5 octubre 2018.- La Comisi\u00f3n de Justicia del Senado adelant\u00f3 que van a considerar la paridad de g\u00e9nero en la designaci\u00f3n de quienes ser\u00e1n las y los nuevos magistrados de los Tribunales Electorales de 12 estados, entre ellos, Oaxaca.<\/p>\n\n\n\n<p class=\"wp-block-paragraph\">Para el caso de Oaxaca, ocho de los 24 aspirantes a este cargo, son mujeres.<\/p>\n\n\n\n<p class=\"wp-block-paragraph\">El presidente de esta Comisi\u00f3n, el senador de Morena, Julio Ram\u00f3n Menchaca Salazar afirm\u00f3 que tomar\u00e1n en cuenta la conformaci\u00f3n actual de estos \u00f3rganos locales, para cumplir con la paridad de g\u00e9nero.<\/p>\n\n\n\n<p class=\"wp-block-paragraph\">\u00abIndependientemente de los aspirantes, el n\u00famero de mujeres y hombres a ocupar la magistratura, hay que tomar en cuenta c\u00f3mo est\u00e1 integrado en cada entidad federativa\u00bb, dijo, durante la sesi\u00f3n de Comisi\u00f3n.<\/p>\n\n\n\n<p class=\"wp-block-paragraph\">\u00abPodemos tener la mitad (de mujeres) y la mitad (de hombres) de solicitantes, pero en el Tribunal local puede no corresponder precisamente al n\u00famero que queremos, para que est\u00e9 en t\u00e9rminos de paridad\u00bb, agreg\u00f3.<\/p>\n\n\n\n<p class=\"wp-block-paragraph\">El TEEO est\u00e1 compuesto, actualmente, por tres magistrados hombres; de los cuales, V\u00edctor Manuel Jim\u00e9nez Viloria concluye su gesti\u00f3n en diciembre.<\/p>\n\n\n\n<p class=\"wp-block-paragraph\">A la convocatoria emitida por el Senado para elegir al suplente de Jim\u00e9nez Viloria se registraron en su mayor\u00eda bur\u00f3cratas electorales, es decir, consejeros de la Junta Local del Instituto Nacional Electoral (INE) y del Instituto Estatal Electoral y de Participaci\u00f3n Ciudadana de Oaxaca (IEEPCO); as\u00ed como directores de \u00e1reas al interior de ambos \u00f3rganos.<\/p>\n\n\n\n<p class=\"wp-block-paragraph\">En el grupo de aspirantes, hay ocho mujeres: Elizabeth Bautista Velasco y Rita Bell L\u00f3pez Vences; consejeras de la Junta Local del INE y del IEEPCO, respectivamente.<\/p>\n\n\n\n<p class=\"wp-block-paragraph\">Adem\u00e1s, la ex consejera electoral, Elvira Morales P\u00e9rez; Laura Elena Marcial Ch\u00e1vez, ex titular de Unidad de lo Contencioso Electoral del IEEPCO.<\/p>\n\n\n\n<p class=\"wp-block-paragraph\">Del Tribunal Superior de Justicia del Estado (TSJEO), destacan las inscripciones de: la Juez Sof\u00eda Altamirano Rueda; y Amparo Arias Rivas, Secretario de Estudio y Cuenta.<\/p>\n\n\n\n<p class=\"wp-block-paragraph\">Tambi\u00e9n, busca este cargo, Alfa Orqu\u00eddea Monterrubio Valencia, que funge como secretaria del Juzgado Quinto de Distrito del Poder Judicial de la Federaci\u00f3n (PJF); y Elvia Montesinos Jos\u00e9, que fungi\u00f3 como representante del PT en el distrito local de Oaxaca norte.<\/p>\n\n\n\n<p class=\"wp-block-paragraph\">Por otro lado, la Comisi\u00f3n de Justicia solicitar\u00e1 a la Junta de Coordinaci\u00f3n Pol\u00edtica del Senado, les conceda una ampliaci\u00f3n del plazo para la presentaci\u00f3n de los aspirantes id\u00f3neos a ocupar las 15 magistraturas en juego, en 12 estados del pa\u00eds.<\/p>\n\n\n\n<p class=\"wp-block-paragraph\">De acuerdo con la convocatoria, esta Comisi\u00f3n debe entregar, a m\u00e1s tardar, el 15 de octubre a la Junta de Coordinaci\u00f3n Pol\u00edtica, el listado con los aspirantes mejor calificados.<\/p>\n\n\n\n<p class=\"wp-block-paragraph\">Los senadores argumentaron que recibieron 253 solicitudes de aspirantes; por lo tanto, advirti\u00f3 falta de tiempo.<\/p>\n\n\n\n<p class=\"wp-block-paragraph\">En un principio, la Comisi\u00f3n propuso que se elegir\u00e1n por sorteo solo a 20 aspirantes por estado; para seguir en el proceso. Esta fue rechazada por mayor\u00eda.<\/p>\n\n\n\n<p class=\"wp-block-paragraph\">SEM\/vs<\/p>\n","protected":false},"excerpt":{"rendered":"<p>Redacci\u00f3n Virgilio S\u00e1nchez Jim\u00e9nez Leyva SemM\u00e9xico, Oaxaca, 5 octubre 2018.- La Comisi\u00f3n de Justicia del Senado adelant\u00f3 que van a considerar la paridad de g\u00e9nero en la designaci\u00f3n de quienes ser\u00e1n las y los nuevos magistrados de los Tribunales Electorales de 12 estados, entre ellos, Oaxaca. Para el caso de Oaxaca, ocho de los 24 [&hellip;]<\/p>\n","protected":false},"author":3,"featured_media":2282,"comment_status":"open","ping_status":"open","sticky":false,"template":"","format":"standard","meta":{"_monsterinsights_skip_tracking":false,"footnotes":""},"categories":[689,33],"tags":[],"class_list":["post-2281","post","type-post","status-publish","format-standard","has-post-thumbnail","category-689","category-elecciones-2018"],"_links":{"self":[{"href":"https:\/\/redsemlac.com\/semmexico\/wp-json\/wp\/v2\/posts\/2281","targetHints":{"allow":["GET"]}}],"collection":[{"href":"https:\/\/redsemlac.com\/semmexico\/wp-json\/wp\/v2\/posts"}],"about":[{"href":"https:\/\/redsemlac.com\/semmexico\/wp-json\/wp\/v2\/types\/post"}],"author":[{"embeddable":true,"href":"https:\/\/redsemlac.com\/semmexico\/wp-json\/wp\/v2\/users\/3"}],"replies":[{"embeddable":true,"href":"https:\/\/redsemlac.com\/semmexico\/wp-json\/wp\/v2\/comments?post=2281"}],"version-history":[{"count":0,"href":"https:\/\/redsemlac.com\/semmexico\/wp-json\/wp\/v2\/posts\/2281\/revisions"}],"wp:featuredmedia":[{"embeddable":true,"href":"https:\/\/redsemlac.com\/semmexico\/wp-json\/wp\/v2\/media\/2282"}],"wp:attachment":[{"href":"https:\/\/redsemlac.com\/semmexico\/wp-json\/wp\/v2\/media?parent=2281"}],"wp:term":[{"taxonomy":"category","embeddable":true,"href":"https:\/\/redsemlac.com\/semmexico\/wp-json\/wp\/v2\/categories?post=2281"},{"taxonomy":"post_tag","embeddable":true,"href":"https:\/\/redsemlac.com\/semmexico\/wp-json\/wp\/v2\/tags?post=2281"}],"curies":[{"name":"wp","href":"https:\/\/api.w.org\/{rel}","templated":true}]}}