{"id":2274,"date":"2018-10-11T19:27:30","date_gmt":"2018-10-11T19:27:30","guid":{"rendered":"https:\/\/redsemlac.com\/semmexico\/?p=2274"},"modified":"2023-07-21T14:33:48","modified_gmt":"2023-07-21T19:33:48","slug":"la-historia-es-fundamental-para-reivindicar-lo-hecho-por-las-mujeres","status":"publish","type":"post","link":"https:\/\/redsemlac.com\/semmexico\/la-historia-es-fundamental-para-reivindicar-lo-hecho-por-las-mujeres\/","title":{"rendered":"La historia es fundamental para reivindicar lo hecho por las mujeres"},"content":{"rendered":"\n<p class=\"wp-block-paragraph\"><a href=\"https:\/\/www.semmexico.com\/gallery-post.php?id=6093#\">Soledad Jarqu\u00edn Edgar<\/a><\/p>\n\n\n\n<p class=\"wp-block-paragraph\">SemM\u00e9xico, Oaxaca, 11 octubre 2018.- La importancia del poder local en manos de las mujeres fue destacado aqu\u00ed por la feminista y periodista Sara Lovera L\u00f3pez y la antrop\u00f3loga social Georgina C\u00e1rdenas, al participar en la conferencia La participaci\u00f3n pol\u00edtica de las mujeres desde lo local, invitadas por el Instituto Estatal Electoral y de Participaci\u00f3n Ciudadana de Oaxaca (IEEPCO).<\/p>\n\n\n\n<p class=\"wp-block-paragraph\">Mientras Lovera L\u00f3pez consider\u00f3 fundamental reconstruir la historia local de participaci\u00f3n de las mujeres para reivindicar que vale la pena estar en pol\u00edtica, pero no desde el victimismo, la acad\u00e9mica y especialista en gobiernos locales, destac\u00f3 c\u00f3mo las marcas de g\u00e9nero siguen siendo importantes para el ejercicio del trabajo en el \u00e1mbito p\u00fablico, y se\u00f1al\u00f3 que actualmente se est\u00e1 transitando a una pluralidad de g\u00e9nero.<\/p>\n\n\n\n<p class=\"wp-block-paragraph\">C\u00e1rdenas dijo que de acuerdo a sus estudios, hay un incremento paulatino de la presencia de las mujeres a ra\u00edz de las cuotas de g\u00e9nero que se manifiesta de manera fundamental con la paridad.<\/p>\n\n\n\n<p class=\"wp-block-paragraph\">Se\u00f1al\u00f3 que en 2002 hab\u00eda en el pa\u00eds 81 presidentas municipales, y entre 2013 a 2015 crece un 52.12 por ciento.<\/p>\n\n\n\n<p class=\"wp-block-paragraph\">De acuerdo con sus c\u00e1lculos, a ra\u00edz de las reciente elecciones del 1 de julio pasado un total de 530 mujeres gobernaran municipios en M\u00e9xico, lo que equivale a un incremento, entre 2003 a 2018, del 554 por ciento, lo que habla de que la paridad realmente es una herramienta exitosa en t\u00e9rminos cuantitativos de la presencia num\u00e9rica de las mujeres en los espacios de toma de decisiones.<\/p>\n\n\n\n<p class=\"wp-block-paragraph\">C\u00e1rdenas quien ha georreferenciado la presencia de las mujeres a trav\u00e9s de mapas, donde se les puede ubicar geogr\u00e1ficamente con nombre y periodo de gobierno, se\u00f1al\u00f3 que es importante tambi\u00e9n se\u00f1alar que la mayor\u00eda de los gobiernos municipales encabezados por mujeres es en municipios de menos de 20 mil habitantes, lo que tiene que ver con el tama\u00f1o del presupuesto.<\/p>\n\n\n\n<p class=\"wp-block-paragraph\">Por su parte, Sara Lovera, feminista y periodista, explic\u00f3 que las mexicanas han participado hist\u00f3ricamente en la construcci\u00f3n de la sociedad desde hace casi 200 a\u00f1os, desde el siglo XIX las mujeres han escrito sus demandas en una diversidad de revistas y peri\u00f3dicos, y est\u00e1bamos en la escuela. Cit\u00f3 como ejemplo que en la Siempreviva, se dec\u00eda que para cambiar al pa\u00eds y acceder a la democracia era necesario ir a la escuela.<\/p>\n\n\n\n<p class=\"wp-block-paragraph\">En la sala de sesiones del Instituto Estatal Electoral y de Participaci\u00f3n Ciudadana de Oaxaca (IEEPCO) y ante el presidente consejero Gustavo Meixueiro N\u00e1jera y de las consejeras electorales Nayma Mart\u00ednez Estrada, Carmelita Sibaja Ochoa y Rita Bell L\u00f3pez Vences, Lovera sostuvo que las mujeres han puesto inteligencia y participaci\u00f3n, pero esa participaci\u00f3n masiva se perdi\u00f3.<\/p>\n\n\n\n<p class=\"wp-block-paragraph\">\u00bfPor qu\u00e9 no las escuchamos? Me sigo preguntando, dijo y record\u00f3 la violencia pol\u00edtica de g\u00e9nero que cobr\u00f3 la vida de 19 mujeres en el reciente proceso electoral en M\u00e9xico.<\/p>\n\n\n\n<p class=\"wp-block-paragraph\">Dijo que a Hermila Galindo le debemos la ley del Divorcio o la de relaciones familiares, fue ella, a\u00f1adi\u00f3, quien en 1916 propuso en el Congreso Feminista de Yucat\u00e1n envi\u00f3 un discurso sobre la libertad del cuerpo, la independencia y la sexualidad libre.<\/p>\n\n\n\n<p class=\"wp-block-paragraph\">La directora de SemM\u00e9xico expuso que en 1922 con el voto femenino en Yucat\u00e1n empez\u00f3 la participaci\u00f3n pol\u00edtica de las mujeres con derechos; en 1923 se aprueba el voto femenino en San Luis Potos\u00ed, en 1925 en Chiapas, en 1936 en Puebla, y es hasta 1947 se modifica el art\u00edculo 115 constitucional para que puedan participar en las elecciones locales (municipales).<\/p>\n\n\n\n<p class=\"wp-block-paragraph\">Record\u00f3 el testimonio de Rosa Torre, primera regidora en M\u00e9rida, Yucat\u00e1n, quien dej\u00f3 testimonio de su trabajo y a Elvia Carrillo Puerto, una de las primeras diputadas en Yucat\u00e1n, quien durante 25 a\u00f1os promovi\u00f3 en el pa\u00eds el voto de las mujeres.<\/p>\n\n\n\n<p class=\"wp-block-paragraph\">Sin embargo, cit\u00f3 que primera presidenta municipal en M\u00e9xico fue Aurora Mesa Andraca, en Chilpancingo, Guerrero, en 1937, es decir, diez a\u00f1os antes de la reforma al Art\u00edculo 115, y asegura que las mujeres acceden a los espacios de poder porque fueron a la escuela.<\/p>\n\n\n\n<p class=\"wp-block-paragraph\">Lovera L\u00f3pez destac\u00f3 el trabajo de las mujeres al frente de los gobiernos, y que de acuerdo con las investigadoras se deber\u00eda crear la categor\u00eda de an\u00e1lisis de la gesti\u00f3n realizada por las mujeres en el poder local.<\/p>\n\n\n\n<p class=\"wp-block-paragraph\">Dijo que es necesario pensar que con la violencia contra las mujeres muchas se van a ir ese espacio, un hecho que hoy se visibiliza pero que ha estado presente en la historia de la participaci\u00f3n pol\u00edtica de las mujeres.<\/p>\n\n\n\n<p class=\"wp-block-paragraph\">Para hacer los an\u00e1lisis de qu\u00e9 va a pasar en el futuro con la paridad, plante\u00f3 que los \u00f3rganos electorales tendr\u00edan que exigir y supervisar la capacitaci\u00f3n de calidad para asegurar la democracia en el pa\u00eds al interior de los partidos pol\u00edticos, incluyendo la capacitaci\u00f3n en g\u00e9nero para visibilizar la desigualdad, cuyo entramado considera a las mujeres menores de edad.<\/p>\n\n\n\n<p class=\"wp-block-paragraph\">Recomend\u00f3 reconstruir la historia de participaci\u00f3n pol\u00edtica de las mujeres en el contexto local, un bagaje para reivindicar que vale la pena estar en pol\u00edtica, pero no desde el victimismo.<\/p>\n\n\n\n<p class=\"wp-block-paragraph\">En su momento, el consejero presidente del IEEPCO, Gustavo Meixueiro N\u00e1jera, dijo que el 1 de enero asumir\u00e1n el cargo de presidentas municipales un total de 76 mujeres, 24 por sistemas normativos internos ind\u00edgenas y 52 por partidos pol\u00edticos, una cifra que calific\u00f3 de hist\u00f3rica en Oaxaca.<\/p>\n\n\n\n<p class=\"wp-block-paragraph\">En el caso de los 151 municipios de partidos pol\u00edticos que celebraron elecciones, la segunda concejal\u00eda, la cual de acuerdo con la ley debe ser destinada para la Sindicatura, ser\u00e1 ocupada por 103 mujeres frente a 83 hombres.<\/p>\n\n\n\n<p class=\"wp-block-paragraph\">Habr\u00e1 tambi\u00e9n 254 mujeres y 271 hombres que ocupar\u00e1n alguna regidur\u00eda. Datos nunca antes registrados en Oaxaca que dan cuenta de la deuda hist\u00f3rica que tenemos con las mujeres.<\/p>\n\n\n\n<p class=\"wp-block-paragraph\">En ese sentido, a\u00f1adi\u00f3 a partir de este escenario y nueva composici\u00f3n me surgen dos reflexiones. La primera tiene que ver con la violencia pol\u00edtica de g\u00e9nero que puede llegar a darse cuando las ganadoras asuman el cargo. Por lo que prevenir y atender dicha violencia pol\u00edtica en contra de las mujeres debe ser una tarea de Estado.<\/p>\n\n\n\n<p class=\"wp-block-paragraph\">Y en segundo lugar, a\u00f1adi\u00f3, la reflexi\u00f3n es mucho m\u00e1s esperanzadora tiene que ver con dar un paso m\u00e1s all\u00e1 de lo num\u00e9rico. Reflexionar como sociedad qu\u00e9 puede significar que m\u00e1s mujeres lleguen a la toma de decisiones en los ayuntamientos y en el congreso de nuestro estado y c\u00f3mo esto -si se asume el compromiso-, puede traducirse en mejores condiciones para las mujeres oaxaque\u00f1as.<\/p>\n\n\n\n<p class=\"wp-block-paragraph\">En ese mismo sentido, la consejera Sibaja Ochoa destac\u00f3 que el reto es que ellas se les permita ejercer a plenitud y no como una simulaci\u00f3n, para que sea una verdadera representaci\u00f3n sustantiva.<\/p>\n\n\n\n<p class=\"wp-block-paragraph\"><\/p>\n","protected":false},"excerpt":{"rendered":"<p>Soledad Jarqu\u00edn Edgar SemM\u00e9xico, Oaxaca, 11 octubre 2018.- La importancia del poder local en manos de las mujeres fue destacado aqu\u00ed por la feminista y periodista Sara Lovera L\u00f3pez y la antrop\u00f3loga social Georgina C\u00e1rdenas, al participar en la conferencia La participaci\u00f3n pol\u00edtica de las mujeres desde lo local, invitadas por el Instituto Estatal Electoral [&hellip;]<\/p>\n","protected":false},"author":3,"featured_media":2275,"comment_status":"open","ping_status":"open","sticky":false,"template":"","format":"standard","meta":{"_monsterinsights_skip_tracking":false,"footnotes":""},"categories":[689,33,69],"tags":[],"class_list":["post-2274","post","type-post","status-publish","format-standard","has-post-thumbnail","category-689","category-elecciones-2018","category-sara-lovera"],"_links":{"self":[{"href":"https:\/\/redsemlac.com\/semmexico\/wp-json\/wp\/v2\/posts\/2274","targetHints":{"allow":["GET"]}}],"collection":[{"href":"https:\/\/redsemlac.com\/semmexico\/wp-json\/wp\/v2\/posts"}],"about":[{"href":"https:\/\/redsemlac.com\/semmexico\/wp-json\/wp\/v2\/types\/post"}],"author":[{"embeddable":true,"href":"https:\/\/redsemlac.com\/semmexico\/wp-json\/wp\/v2\/users\/3"}],"replies":[{"embeddable":true,"href":"https:\/\/redsemlac.com\/semmexico\/wp-json\/wp\/v2\/comments?post=2274"}],"version-history":[{"count":0,"href":"https:\/\/redsemlac.com\/semmexico\/wp-json\/wp\/v2\/posts\/2274\/revisions"}],"wp:featuredmedia":[{"embeddable":true,"href":"https:\/\/redsemlac.com\/semmexico\/wp-json\/wp\/v2\/media\/2275"}],"wp:attachment":[{"href":"https:\/\/redsemlac.com\/semmexico\/wp-json\/wp\/v2\/media?parent=2274"}],"wp:term":[{"taxonomy":"category","embeddable":true,"href":"https:\/\/redsemlac.com\/semmexico\/wp-json\/wp\/v2\/categories?post=2274"},{"taxonomy":"post_tag","embeddable":true,"href":"https:\/\/redsemlac.com\/semmexico\/wp-json\/wp\/v2\/tags?post=2274"}],"curies":[{"name":"wp","href":"https:\/\/api.w.org\/{rel}","templated":true}]}}