{"id":2271,"date":"2018-10-15T19:24:58","date_gmt":"2018-10-15T19:24:58","guid":{"rendered":"https:\/\/redsemlac.com\/semmexico\/?p=2271"},"modified":"2023-07-21T14:33:47","modified_gmt":"2023-07-21T19:33:47","slug":"en-la-recta-final-quedan-seis-mujeres-y-15-varones","status":"publish","type":"post","link":"https:\/\/redsemlac.com\/semmexico\/en-la-recta-final-quedan-seis-mujeres-y-15-varones\/","title":{"rendered":"En la recta final quedan seis mujeres y 15 varones."},"content":{"rendered":"\n<p class=\"wp-block-paragraph\"><a href=\"https:\/\/www.semmexico.com\/gallery-post.php?id=6115#\">Josefina Aguilar Pastor,<\/a><\/p>\n\n\n\n<p class=\"wp-block-paragraph\">SemM\u00e9xico, Chilpancingo, Gro., 15 octubre 2018.- Ram\u00f3n Ramos Piedra, magistrado presidente del Tribunal Electoral del Estado de Guerrero (TEE), lamenta la poca participaci\u00f3n de mujeres en el proceso de registro y selecci\u00f3n para ocupar un cargo de magistrada en dicho \u00f3rgano jurisdiccional.<\/p>\n\n\n\n<p class=\"wp-block-paragraph\">El pasado martes, el pleno del Congreso local, aprob\u00f3 exhortar al Senado de la Rep\u00fablica, a fin de que sea una mujer la que ocupe el cargo de magistrada ante la conclusi\u00f3n del periodo para el que electo, el actual magistrado, J. In\u00e9s Betancourt Salgado, y se aplique el principio de paridad de g\u00e9nero en la integraci\u00f3n de los \u00f3rganos jurisdiccionales.<\/p>\n\n\n\n<p class=\"wp-block-paragraph\">Para el magistrado presidente del TEE ser\u00eda sano que el pr\u00f3ximo espacio fuera ocupado por una mujer, sin embargo, hizo notar que dentro de la lista de los aspirantes solo el 20 por ciento eran mujeres, con ello se reduce la posibilidad de elegir un buen perfil, consider\u00f3.<\/p>\n\n\n\n<p class=\"wp-block-paragraph\">Ramos Piedra manifest\u00f3 su acuerdo para que en el Senado de la Rep\u00fablica consideren este principio de paridad de g\u00e9nero en la conformaci\u00f3n del TEE, pero tambi\u00e9n se\u00f1al\u00f3 que la convocatoria no contempla esta situaci\u00f3n, la cual desde su punto de vista, debi\u00f3 haber sido impugnada por las mujeres y no ocurri\u00f3.<\/p>\n\n\n\n<p class=\"wp-block-paragraph\">\u201cComo exhorto yo lo aplaudo, estuvo bien, solo tengo esta preocupaci\u00f3n, de la falta de participaci\u00f3n de las mujeres, yo creo que hay bastantes mujeres preparadas, incluso en el mismo Tribunal\u201d, expuso el magistrado presidente, quien remarc\u00f3 la necesidad de hacer entender las mujeres que hay condiciones para que puedan y deban participar en este tipo de procesos para ocupar cargos p\u00fablicos.<\/p>\n\n\n\n<p class=\"wp-block-paragraph\">El TEE est\u00e1 compuesto por cuatro magistrados y solo una magistrada, Ram\u00f3n Ramos Piedra, J. In\u00e9s Betancourt Salgado, Emiliano Lozano Cruz, Ren\u00e9 Patr\u00f3n Mu\u00f1oz e Hilda Rosa Delgado Brito.<\/p>\n\n\n\n<p class=\"wp-block-paragraph\">Tras la depuraci\u00f3n hecha en el Senado de los aspirantes inscritos, qued\u00f3 una lista de 21, de los cuales, solo seis son mujeres; Evelyn del Carmen Puente Flores, Abril Luc\u00eda G\u00f3mez Fajardo, Elena Nazario Torrealba, Evelyn Rodr\u00edguez Xinol, Jaqueline Carranza Reyes y Lilia Nava G.<\/p>\n\n\n\n<p class=\"wp-block-paragraph\">SEM\/ja\/sj<br><\/p>\n","protected":false},"excerpt":{"rendered":"<p>Josefina Aguilar Pastor, SemM\u00e9xico, Chilpancingo, Gro., 15 octubre 2018.- Ram\u00f3n Ramos Piedra, magistrado presidente del Tribunal Electoral del Estado de Guerrero (TEE), lamenta la poca participaci\u00f3n de mujeres en el proceso de registro y selecci\u00f3n para ocupar un cargo de magistrada en dicho \u00f3rgano jurisdiccional. El pasado martes, el pleno del Congreso local, aprob\u00f3 exhortar [&hellip;]<\/p>\n","protected":false},"author":3,"featured_media":2272,"comment_status":"open","ping_status":"open","sticky":false,"template":"","format":"standard","meta":{"_monsterinsights_skip_tracking":false,"footnotes":""},"categories":[689,33],"tags":[],"class_list":["post-2271","post","type-post","status-publish","format-standard","has-post-thumbnail","category-689","category-elecciones-2018"],"_links":{"self":[{"href":"https:\/\/redsemlac.com\/semmexico\/wp-json\/wp\/v2\/posts\/2271","targetHints":{"allow":["GET"]}}],"collection":[{"href":"https:\/\/redsemlac.com\/semmexico\/wp-json\/wp\/v2\/posts"}],"about":[{"href":"https:\/\/redsemlac.com\/semmexico\/wp-json\/wp\/v2\/types\/post"}],"author":[{"embeddable":true,"href":"https:\/\/redsemlac.com\/semmexico\/wp-json\/wp\/v2\/users\/3"}],"replies":[{"embeddable":true,"href":"https:\/\/redsemlac.com\/semmexico\/wp-json\/wp\/v2\/comments?post=2271"}],"version-history":[{"count":0,"href":"https:\/\/redsemlac.com\/semmexico\/wp-json\/wp\/v2\/posts\/2271\/revisions"}],"wp:featuredmedia":[{"embeddable":true,"href":"https:\/\/redsemlac.com\/semmexico\/wp-json\/wp\/v2\/media\/2272"}],"wp:attachment":[{"href":"https:\/\/redsemlac.com\/semmexico\/wp-json\/wp\/v2\/media?parent=2271"}],"wp:term":[{"taxonomy":"category","embeddable":true,"href":"https:\/\/redsemlac.com\/semmexico\/wp-json\/wp\/v2\/categories?post=2271"},{"taxonomy":"post_tag","embeddable":true,"href":"https:\/\/redsemlac.com\/semmexico\/wp-json\/wp\/v2\/tags?post=2271"}],"curies":[{"name":"wp","href":"https:\/\/api.w.org\/{rel}","templated":true}]}}