{"id":22659,"date":"2021-07-01T11:54:00","date_gmt":"2021-07-01T17:54:00","guid":{"rendered":"https:\/\/redsemlac.com\/semmexico\/?p=22659"},"modified":"2023-07-21T17:03:38","modified_gmt":"2023-07-21T22:03:38","slug":"efemerides-de-julio-2","status":"publish","type":"post","link":"https:\/\/redsemlac.com\/semmexico\/efemerides-de-julio-2\/","title":{"rendered":"Efem\u00e9rides de Julio"},"content":{"rendered":"\n<h2 class=\"wp-block-heading\">Lo que tenemos que recordar de Julio<\/h2>\n\n\n\n<p class=\"wp-block-paragraph\"><em>SemM\u00e9xico, 1 de julio, 2020.- En la primera quincena de julio en M\u00e9xico recordamos el aniversario de las mexicanas en las urnas, un 3 de julio de 1955; tambi\u00e9n reconocemos la contribuci\u00f3n a la ciencia m\u00e9dica de la doctora mexicana <strong>Victoria Chagoya de S\u00e1nchez<\/strong>; la elecci\u00f3n de <strong>Aurora Jim\u00e9nez de Palacios <\/strong>primera diputada federal en 1954; conmemoramos el nacimiento de la hist\u00f3rica l\u00edder de la socialdemocracia alemana <strong>Clara Zetkin <\/strong>y de La Voz deAm\u00e9rica Latina, <strong>Mercedes Sosa<\/strong> y a muchas otras mujeres que dejaron huella.<\/em><\/p>\n\n\n\n<p class=\"has-large-font-size wp-block-paragraph\"><strong>1<\/strong><strong><\/strong><\/p>\n\n\n\n<p class=\"wp-block-paragraph\"><strong>1804, <\/strong>en Par\u00eds, Francia, nace Amandine Aurora Lucile Dupin (1904-1876) m\u00e1s conocida como <strong>George Sand<\/strong>. Escritora y una de las primeras mujeres modernas en rebelarse contra los prejuicios sociales. Entre sus novelas m\u00e1s conocidas est\u00e1n <em>Indiana<\/em> (1827), <em>Lelia <\/em>(1833), <em>Valentina<\/em> (1831). En 1855 public\u00f3 el libro autobiogr\u00e1fico <em>La historia de mi vida. <\/em>En 1926 sali\u00f3 a luz p\u00f3stumamente su <em>Journal Intime.<\/em> Casada tempranamente con el bar\u00f3n Casimir Dudevant, se separ\u00f3 de \u00e9l para ir a vivir a Par\u00eds llev\u00e1ndose a sus dos hijos y obteniendo posteriormente el divorcio. Para recordar el bicentenario de su nacimiento, el 2004 fue declarado por Francia como el A\u00f1o de George Sand.<\/p>\n\n\n\n<p class=\"wp-block-paragraph\"><strong>1873<\/strong>, nace en Saint-Mand\u00e9, Francia, <strong>Alice Guy-Blach\u00e9<\/strong>, la primera persona en realizar una pel\u00edcula de ficci\u00f3n. Cineasta, productora y guionista estadounidense. Considerada una visionaria que entendi\u00f3 las inmensas posibilidades del cine, pero no se le reconoce por ser una mujer. En 1896 dirige <em>La F\u00e9e aux Choux<\/em> (El hada de los repollos), la primera pel\u00edcula que dur\u00f3 m\u00e1s de un minuto. La primera tambi\u00e9n en contar una historia. La primera donde, de manera inteligente, Guy aprovecha los errores t\u00e9cnicos para crear trucos en im\u00e1genes visuales en im\u00e1genes en movimiento y montaje. Realiz\u00f3 m\u00e1s de mil filmes, muchos de ellos perdidos como su nombre en la historia del cine. Muri\u00f3 en Wayne, Nueva Jersey, el 24 de marzo de 1968.<\/p>\n\n\n\n<p class=\"wp-block-paragraph\"><strong>1898, <\/strong>en la localidad de Barriga Negra, Lavalleja, Uruguay, nace <strong>Julia Ar\u00e9valo Su\u00e1rez<\/strong> destacada figura del movimiento sindical y pol\u00edtico del Uruguay. A la edad de 10 a\u00f1os empez\u00f3 a trabajar en una f\u00e1brica de f\u00f3sforos y m\u00e1s tarde en la industria tabacalera, ingresando al movimiento sindical en su adolescencia. Convertida en una activa dirigenta sindical se afili\u00f3 al Partido Socialista Uruguayo. En el gobierno de Gabriel Terra vivi\u00f3 en la clandestinidad y a su regreso fue encarcelada durante tres meses. En 1920 particip\u00f3 en la fundaci\u00f3n del Partido Comunista. En 1942 se convirti\u00f3 en la primera mujer diputada de izquierda del Am\u00e9rica Latina. En 1946 accede al Senado y m\u00e1s tarde fue elegida concejala por Montevideo en dos oportunidades (1958 y 1966). Durante su actuaci\u00f3n legislativa defendi\u00f3 los derechos de las mujeres y los trabajadores.<\/p>\n\n\n\n<p class=\"wp-block-paragraph\"><strong>1958,<\/strong> como resultado de las elecciones presidenciales de ese a\u00f1o, <strong>Macrina Rabad\u00e1n,<\/strong> maestra y luchadora agrarista del estado de Guerrero, se convirti\u00f3 en la primera diputada de oposici\u00f3n como representante del Partido Popular (1958-1961). Naci\u00f3 en Cuetzalan del Progreso, Guerrero el 7 de agosto de 1910. En los a\u00f1os cincuenta siendo diputada denunci\u00f3 la represi\u00f3n contra sindicalistas y en 1960 denuncia los abusos del gobernador de Guerrero Ra\u00fal Caballero en contra de estudiantes y campesinos. Muri\u00f3 el 21 de febrero de 2000.<\/p>\n\n\n\n<p class=\"wp-block-paragraph\"><strong>2015,<\/strong> <strong>Mar\u00eda del Carmen Garc\u00eda Pe\u00f1a<\/strong> es nombrada Directora de Investigaci\u00f3n del Instituto Nacional de Geriatr\u00eda. De formaci\u00f3n m\u00e9dica con especialidad en medicina familiar, maestra en ciencias m\u00e9dicas por la UNAM y doctora en salud p\u00fablica y envejecimiento por la Escuela de Higiene y Medicina Tropical de la Universidad de Londres. La doctora Garc\u00eda Pe\u00f1a ha desarrollado diversas l\u00edneas de investigaci\u00f3n en envejecimiento, depresi\u00f3n y fragilidad, as\u00ed como en modelos de atenci\u00f3n a la salud.<\/p>\n\n\n\n<p class=\"has-large-font-size wp-block-paragraph\"><strong>2<\/strong><strong><\/strong><\/p>\n\n\n\n<p class=\"wp-block-paragraph\"><strong>1889, Cecilia Grierson <\/strong>se convierte en la primera m\u00e9dica argentina y la primera en ejercer la medicina ginecol\u00f3gica. Naci\u00f3 en Buenos Aires, Argentina, el 22 de noviembre de 1859. Maestra normalista y m\u00e9dica, t\u00edtulo que obtuvo al presentar la tesis Histo-ovariotom\u00edas ejecutadas en el Hospital de Mujeres desde 1883 a 1886. Por ser mujer no pudo ejercer como cirujana. De filiaci\u00f3n socialista y feminista, Grierson fund\u00f3 la primera Escuela de Enfermeras de Argentina y la Asociaci\u00f3n Obst\u00e9trica Nacional. Precursora de la ense\u00f1anza de sordos y ciegos. Autora de varios libros: <em>Masaje Pr\u00e1ctico<\/em>, uno de los primeros manuales sobre t\u00e9cnicas de kinesiolog\u00eda. Particip\u00f3 en congresos internacionales, entre ellos el Congreso Internacional de Mujeres realizado en Londres en 1897 que fue el incentivo para la creaci\u00f3n del Consejo Nacional de Mujeres de Argentina en 1900. En 1910 presidi\u00f3 el Primer Congreso Femenino Internacional de la Rep\u00fablica Argentina convocado por la Asociaci\u00f3n de Mujeres Universitarias. Muri\u00f3 el 10 de abril de 1934.<br><\/p>\n\n\n\n<p class=\"wp-block-paragraph\"><strong>1923,<\/strong> nace <strong>Wislawa Szymborska<\/strong>, en Prowent, hoy K\u00f3rnik, poeta, ensayista y traductora. Premio Nobel de Literatura en 1996. Vivi\u00f3 en Cracovia desde los 8 a\u00f1os hasta su muerte. Fue miembro del comunista&nbsp;Partido Obrero Unificado Polaco, del que con el tiempo se ir\u00eda distanciando. Traductora de obras literarias del franc\u00e9s. Desde 1954 recibi\u00f3 diversos reconocimientos en su pa\u00eds, el m\u00e1s importante el Premio Nobel de Literatura (1996). Muri\u00f3 en&nbsp;Cracovia,&nbsp;1 de febrero&nbsp;de&nbsp;2012.<\/p>\n\n\n\n<p class=\"wp-block-paragraph\"><strong>1971,<\/strong> <strong>Victoria Chagoya de S\u00e1nchez<\/strong>, obtiene su doctorado en Bioqu\u00edmica, primera generaci\u00f3n. Qu\u00edmica, Farmac\u00e9utica y Bi\u00f3loga. Ha sido reconocida como Investigadora Em\u00e9rita del Instituto de Fisiolog\u00eda Celular de la UNAM (1996). Su labor en la UNAM comienza en abril de 1957. Durante 40 a\u00f1os ha trabajado para reducir el mal que produce la cirrosis, reconocido como remodelaci\u00f3n hep\u00e1tica. Descubri\u00f3 que una sustancia de las c\u00e9lulas llamada adenosina disminuye hasta en 70 % los efectos de la cirrosis hep\u00e1tica, lo cual implica una cura para una enfermedad, contribuciones a la salud se le han otorgado, entre otros, los siguientes reconocimientos: Premio de la Academia Nacional de Medicina \u201cDoctor Eduardo Liceaga\u201d, en 1974; Reconocimiento Sor Juana In\u00e9s de la Cruz 2004; Premio a las Mujeres Mexicanas Inventoras e Innovadoras en 2007. Naci\u00f3 en la ciudad de M\u00e9xico un 25 de diciembre de 1933.<\/p>\n\n\n\n<p class=\"wp-block-paragraph\"><strong>1989,<\/strong> muere en Ginebra, Suiza, la escritora, traductora, periodista y guionistas de cine de origen argentino,&nbsp;<strong>Silvina Bullrich<\/strong>. Empez\u00f3 a escribir en la adolescencia. A los 17 a\u00f1os, Silvina Bullrich public\u00f3&nbsp;<em>Vibraciones. <\/em>Entre sus obras destacan: <em>Bodas de cristal<\/em> (1952) su primer \u00e9xito editorial; <em>Tel\u00e9fono ocupado<\/em> (1956), <em>Ma\u00f1ana digo basta <\/em>(1968), <em>Los burgueses<\/em> (1964) del que vendi\u00f3 miles; <em>Los salvadores de la patria <\/em>(1965), <em>La creciente<\/em> (1967) y <em>Ser\u00e1 justicia<\/em> (1976). Naci\u00f3 en Buenos Aires, Argentina, el 4 de octubre de 1915.<\/p>\n\n\n\n<p class=\"wp-block-paragraph\"><strong>2006,<\/strong> <strong>Patricia Mercado<\/strong> compiti\u00f3 en los comicios federales como candidata a la Presidencia de M\u00e9xico por el Partido Alternativa Socialdem\u00f3crata y Campesina, y obtuvo un mill\u00f3n 128 mil 850 votos, con lo que se convirti\u00f3 en la primera mujer con mayor votaci\u00f3n en la historia del pa\u00eds hasta esa fecha.<\/p>\n\n\n\n<p class=\"wp-block-paragraph\"><strong>2010<\/strong>, a Asamblea General de la ONU vot\u00f3 un\u00e1nimemente por la creaci\u00f3n de un solo organismo encargado del progreso sobre la igualdad de g\u00e9nero y el empoderamiento de la mujer: <strong>ONU Mujeres<\/strong>; \u00e9ste inici\u00f3 sus trabajos al a\u00f1o siguiente.<\/p>\n\n\n\n<p class=\"has-large-font-size wp-block-paragraph\"><strong>3<\/strong><strong><\/strong><\/p>\n\n\n\n<p class=\"wp-block-paragraph\"><strong>1955,<\/strong> en M\u00e9xico, <strong>las mujeres votan por primera vez<\/strong> en elecciones federales para determinar qui\u00e9nes integrar\u00edan la XLIII Legislatura. Un total de cuatro millones de mujeres se inscriben en los registros electorales luego de que en 1953, el gobierno de Adolfo Ruiz Cortines, aprobar\u00e1 el voto femenino. En esa oportunidad fueron elegidas Marcelina Galindo Arce por Chiapas, Margarita Garc\u00eda Flores por el IX Distrito de Nuevo Le\u00f3n, Guadalupe Urs\u00faa&nbsp; Flores por Jalisco y Remedios Albertina Ezeta por el Estado de M\u00e9xico.<\/p>\n\n\n\n<p class=\"wp-block-paragraph\"><strong>1955<\/strong>, nace en Monclova, Coahuila, <strong>Laura Carrera Lugo<\/strong>. Doctora en Antropolog\u00eda Social, experta en prevenci\u00f3n social de la violencia y la delincuencia. Fue coordinadora y dirigente del grupo Mujeres y Punto, que promovi\u00f3 la ciudadan\u00eda de las mujeres. Fue la primera titular de la Comisi\u00f3n Nacional para Prevenir y Erradicar la Violencia contra las Mujeres (2009) y del Centro Nacional de Prevenci\u00f3n del Delito y Participaci\u00f3n Ciudadana del Secretariado Ejecutivo del Sistema Nacional de Seguridad P\u00fablica. Fue jefa delegacional de la Benito Ju\u00e1rez.<\/p>\n\n\n\n<p class=\"has-large-font-size wp-block-paragraph\"><strong>4<\/strong><strong><\/strong><\/p>\n\n\n\n<p class=\"wp-block-paragraph\"><strong>1846, <\/strong>nace en Taxco, M\u00e9xico, la escritora, periodista y precursora de los derechos de las mujeres, <strong>Laureana Wrigt de Kleinhans<\/strong> (1846-1896).&nbsp; En 1884 fund\u00f3 la revista feminista <em>Violetas de An\u00e1huac, <\/em>compartiendo la direcci\u00f3n con Mateana Murgu\u00eda (1856-1907), escritora y periodista. <em>Violetas de<\/em> An\u00e1huac orient\u00f3 su contenido a defender la educaci\u00f3n femenina y el derecho de voto para las mujeres. En 1887 Laureana edit\u00f3 el peri\u00f3dico <em>Mujeres de An\u00e1huac<\/em> para difundir la producci\u00f3n de las escritoras.<\/p>\n\n\n\n<p class=\"wp-block-paragraph\">1922, naci\u00f3 <strong>Margarita Garc\u00eda Flores<\/strong>. Entr\u00f3 a trabajar desde 1947 al PRI, donde en 1951 fue la primera directora de la Secci\u00f3n Femenil. El 6 de abril de 1952, durante una asamblea con el entonces candidato a la presidencia, Adolfo Ruiz Cortines, le dijo: <em>\u00ab\u00bfusted cree justo, don Adolfo, que las mujeres no tengamos derecho al sufragio universal nada m\u00e1s porque nacimos con un sexo que no elegimos?\u00bb<\/em>. Un a\u00f1o despu\u00e9s presidi\u00f3 el Congreso de la Mujer, convocado por su partido, considerado el pre\u00e1mbulo a la consolidaci\u00f3n a la reforma constitucional consumada el 6 de octubre de 1953 de forma un\u00e1nime en el Congreso de la Uni\u00f3n. En 1952 fue electa regidora del ayuntamiento de Monterrey (N.L.). Es una de las cuatro primeras diputadas electas en 1955, para la XLIII Legislatura, cargo que repiti\u00f3 en la XLIX. Senadora suplente y delegada pol\u00edtica de Cuajimalpa de Morelos. Abogada, feminista, escritora, acad\u00e9mica y pol\u00edtica muri\u00f3 el 10 de septiembre de 2009, en la ciudad de M\u00e9xico.<\/p>\n\n\n\n<p class=\"wp-block-paragraph\"><strong>1954,<\/strong> a la edad de 28 a\u00f1os, la abogada <strong>Aurora Jim\u00e9nez de Palacios<\/strong> se convierte en la primera mexicana en llegar a la C\u00e1mara de Diputados Federal por el reci\u00e9n creado Estado de Baja California, s\u00f3lo ocho meses despu\u00e9s de haberse aprobado el sufragio femenino. Tom\u00f3 protesta del cargo el 7 de septiembre de ese mismo a\u00f1o para formar parte del \u00faltimo periodo de la&nbsp;XLII Legislatura&nbsp;hasta&nbsp;1955. Impuls\u00f3 la creaci\u00f3n de la Universidad de Baja California y de Sinaloa, entre otras iniciativas. Su carrera se trunc\u00f3 prematuramente al morir tr\u00e1gicamente en una acci\u00f3n a\u00e9rea el 15 de julio de 1954, siendo regidora de Mexicali. Naci\u00f3 en Tecuala, Nayarit, el 9 de septiembre de 1925.<br><br><\/p>\n\n\n\n<p class=\"wp-block-paragraph\"><strong>1954<\/strong>, fue electa <strong>\u00c1ngeles Mena de Ochoa<\/strong>, primera diputada local en el estado de Durango para el periodo 1954- 1956, por el distrito de Lerdo. Secretaria de Acci\u00f3n Femenil del Comit\u00e9 Municipal de la Liga del Sector Popular de Cd. Lerdo (1949).&nbsp; De 1965 a 1966 volvi\u00f3 a ser diputada local. Muri\u00f3 el 11 de marzo de 1980.<\/p>\n\n\n\n<p class=\"wp-block-paragraph\">1966, nace <strong>Sara Ligia Mur\u00faa<\/strong> en la Ciudad de M\u00e9xico. Desde los a\u00f1os 80, fue comunicadora y promotora de los derechos humanos de las mujeres. Como asamble\u00edsta colabor\u00f3 en la creaci\u00f3n del mecanismo para acceder a la interrupci\u00f3n legal del embarazo (1989); particip\u00f3 en Alianza C\u00edvica desde donde impuls\u00f3 la ciudadan\u00eda de las mujeres.<\/p>\n\n\n\n<p class=\"has-large-font-size wp-block-paragraph\"><strong>5<\/strong><strong><\/strong><\/p>\n\n\n\n<p class=\"wp-block-paragraph\"><strong>1777, n<\/strong>ace en Huamanga, Ayacucho, Per\u00fa, <strong>Mar\u00eda Parado de Vellido<\/strong> (1777-1822) mujer ind\u00edgena quechua hablante. Fue declarada hero\u00edna nacional por su compromiso con la causa independentista. Luego de ser encarcelada por haberse negado a dar los nombres de quienes se hab\u00edan levantado en armas, paseada con grilletes por la plaza principal de Huamanga, fue ejecutada por el ej\u00e9rcito realista el 27 de marzo de 1822, \u201cpara escarmiento y ejemplo de los posteriores (sic) por haberse rebelado contra el rey y se\u00f1or del Per\u00fa\u201d.<\/p>\n\n\n\n<p class=\"wp-block-paragraph\"><strong>1811, e<\/strong>n Venezuela, <strong>Josefa Camejo Talavera<\/strong> (1791-1863), activa propagandista de la causa de la independencia de su pa\u00eds, participa en una campa\u00f1a para lograr la adhesi\u00f3n de las mujeres en la firma del Acta de de la Independencia. En una carta dirigida al gobernador de la localidad de Bari\u00f1as, Josefa le dice \u201c\u2026el sexo femenino, se\u00f1or Gobernador, no teme los horrores de la guerra, antes bien, el estallido del ca\u00f1\u00f3n no har\u00e1 m\u00e1s que alentar su fuego y encender\u00e1 el deseo de libertad que sostendr\u00e1 a toda costa en obsequio del sue\u00f1o patrio\u2026\u201d<\/p>\n\n\n\n<p class=\"wp-block-paragraph\"><strong>1857, <\/strong>en Sajonia, Alemania, nace <strong>Clara Zetkin<\/strong> destacada l\u00edder hist\u00f3rica de la socialdemocracia alemana. Estableci\u00f3 contactos con anarquistas y dirigentes marxistas del movimiento obrero franc\u00e9s y cumpli\u00f3 un papel muy importante en la formaci\u00f3n de la Segunda Internacional. En 1917, fue una de las fundadoras de la Liga Espartaquista y del Partido Socialdem\u00f3crata Independiente de Alemania (USPD), escisi\u00f3n del Partido Social Dem\u00f3crata, en protesta&nbsp; por su actitud a favor de la guerra. En enero de 1919, se fund\u00f3 el Partido Comunista de Alemania (KPD), partido al que se uni\u00f3 Clara Zetkin siendo elegida representante ante el parlamento entre 1920 y 1933. Edit\u00f3 el peri\u00f3dico <em>Die Gleichheit (La Igualdad) <\/em>quelleg\u00f3 a tener una tirada de 100 mil ejemplares en sus primeros diez a\u00f1os (1891-1917).Organiz\u00f3 la I Conferencia Internacional de Mujeres Socialistas, y en 1910, en Copenhague, durante la celebraci\u00f3n de la II Conferencia Internacional de Mujeres Socialistas, Zetkin y Kate Dunker representante del Partido Socialista Alem\u00e1n presentaron la propuesta de celebrar el \u201cD\u00eda Internacional de la Mujer\u201d o \u201cD\u00eda de la Mujer Trabajadora\u201d. El&nbsp;20 de junio&nbsp;de&nbsp;1933, a la edad de 76 a\u00f1os, muri\u00f3 en un sanatorio de&nbsp;Archangelskoje, cerca de&nbsp;Mosc\u00fa. Su cuerpo fue sepultado en las murallas del&nbsp;Kremlin.&nbsp;<strong><\/strong><\/p>\n\n\n\n<p class=\"wp-block-paragraph\"><strong>1879<\/strong>, nace&nbsp;en Varsovia, Polonia, <strong>Wanda Landowska<\/strong>, clavecinista y pianista. En 1940 huye a Estados Unidos tras la invasi\u00f3n del ej\u00e9rcito alem\u00e1n a Francia, por ser una opositora ideol\u00f3gica al nazismo. Comenz\u00f3 su carrera de nueva cuenta a los 63 a\u00f1os. Su \u00faltima presentaci\u00f3n p\u00fablica fue en 1954. Falleci\u00f3 en Lakeville, Connecticut, Estados Unidos, el 16 de agosto de 1959.<\/p>\n\n\n\n<p class=\"wp-block-paragraph\"><strong>1896<\/strong>, nace en Madrid, Espa\u00f1a, <strong>Margarita Nelken y Mansberger<\/strong>, una de las figuras femeninas m\u00e1s sobresalientes dentro del panorama pol\u00edtico y cultural de la II Rep\u00fablica. Escritora ejerci\u00f3 la cr\u00edtica de arte. Comprometida con los derechos de las mujeres, escribi\u00f3 en 1919 el libro <em>La Condici\u00f3n Social de la Mujer Espa\u00f1ola. <\/em>Milit\u00f3 en el ala izquierda del Partido Obrero Espa\u00f1ol PSOE y fue diputada en las Cortes de Badajoz durante tres legislaturas republicanas. Posteriormente ingres\u00f3 al Partido Comunista. A la llegada de Franco al poder, se exili\u00f3 en M\u00e9xico, donde desarroll\u00f3 una intensa actividad cultural y art\u00edstica.<\/p>\n\n\n\n<p class=\"wp-block-paragraph\"><strong>1999<\/strong>, luego de una intensa campa\u00f1a de diversas organizaciones feministas y de Amnist\u00eda Internacional, es liberada de la c\u00e1rcel <strong>Dita Indah Sari<\/strong>, feminista, sindicalista y dirigente del Partido Democr\u00e1tico de los Trabajadores de Indonesia. Fue acusada de participar en acciones subversivas que nunca se pudieron probar. En 2002, rechaz\u00f3 el Premio Reebok de Derechos Humanos, por considerar que esa multinacional estadounidense obten\u00eda enormes ganancias a costa del trabajo esclavista de sus trabajadores y trabajadoras, en pa\u00edses como Indonesia, M\u00e9xico, China, Tailandia, Brasil y Vietnam.<\/p>\n\n\n\n<p class=\"wp-block-paragraph\"><strong>2003,<\/strong> en Francia, el gobierno de Jacques Chirac confiere a la afamada bailarina cubana, <strong>Alicia Alonso<\/strong>, el t\u00edtulo de Oficial de la Legi\u00f3n de Honor Francesa.<\/p>\n\n\n\n<p class=\"wp-block-paragraph\"><strong>2011<\/strong>, muere <strong>Hilda Anderson Nev\u00e1rez<\/strong> en la Ciudad de M\u00e9xico. Naci\u00f3 en Mazatl\u00e1n, Sinaloa, el 10 de octubre de 1938. Abogada, pol\u00edtica y l\u00edder sindical. Milit\u00f3 en la CTM y el PRI. Propuso por primera vez considerar como delito el hostigamiento sexual. En cinco ocasiones fue diputada federal, una vez senadora y asamble\u00edsta. En Mazatl\u00e1n organiz\u00f3 una huelga que dur\u00f3 18 d\u00edas y termin\u00f3 con la contrataci\u00f3n colectiva de los agremiados; desde entonces fue l\u00edder en el Sindicato de Trabajadores de la Industria de la Radio y la Televisi\u00f3n (STIRT).<\/p>\n\n\n\n<p class=\"wp-block-paragraph\"><strong>2018,<\/strong> el Consejo de Derechos Humanos de la ONU adopt\u00f3 la<strong> \u201cResoluci\u00f3n sobre la eliminaci\u00f3n de todas las formas de discriminaci\u00f3n contra las mujeres y las ni\u00f1as\u201d, <\/strong>impulsada por iniciativa de M\u00e9xico y Colombia.<\/p>\n\n\n\n<p class=\"has-large-font-size wp-block-paragraph\"><strong>6<\/strong><strong><\/strong><\/p>\n\n\n\n<p class=\"wp-block-paragraph\"><strong>1845,<\/strong> nace&nbsp;en la Ciudad de M\u00e9xico, <strong>\u00c1ngela Peralta<\/strong>, cantante soprano, creadora del ruise\u00f1or. Ten\u00eda 15 a\u00f1os cuando deput\u00f3 en el Teatro Nacional interpretando a <em>Eleonora de Il trovatore<\/em> de Giuseppe Verdi e inicia una gira por Europa, se presenta en la Scala de Mil\u00e1n con <em>Lucia di Lammemoor<\/em> de Gaetano Donizetti, el 13 de mayo de 1862, adem\u00e1s se presenta con mucho \u00e9xito en los m\u00e1s importantes escenarios de Roma, Espa\u00f1a, Rusia y la capital de Egipto. En 1965 regres\u00f3 a M\u00e9xico para cantar en el Teatro Imperial Mexicano. Hizo otras dos giras a Europa de la \u00faltima volvi\u00f3 en 1877 e inici\u00f3 presentaciones en los principales teatros mexicanos. Falleci\u00f3 a la edad de 38 a\u00f1os, un 30 de agosto de 1883.<\/p>\n\n\n\n<p class=\"wp-block-paragraph\"><strong>1905, <\/strong>la periodista y activista pol\u00edtica mexicana, <strong>Mar\u00eda Guadalupe Rojo<\/strong> (1856-1922), fund\u00f3 el peri\u00f3dico <em>El Arriete<\/em>, \u00f3rgano de oposici\u00f3n al r\u00e9gimen del presidente Porfirio D\u00edaz. Anteriormente, al casarse con el periodista Casimiro Alvarado, comparti\u00f3 con \u00e9l la direcci\u00f3n en 1894 del peri\u00f3dico <em>Juan Panadero.<\/em> Por sus demoledoras cr\u00edticas al porfirismo ambos periodistas fueron perseguidos y encarcelados varias veces. Al morir Casimiro Alvarado, Guadalupe asumi\u00f3 la direcci\u00f3n de este peri\u00f3dico hasta 1907. Por su larga trayectoria como periodista y su compromiso con la Revoluci\u00f3n, recibi\u00f3 en 1939 p\u00f3stumamente la Medalla del M\u00e9rito Revolucionario. Con anterioridad, el presidente Venustiano Carranza le concedi\u00f3 una pensi\u00f3n vitalicia en reconocimiento a su labor period\u00edstica y social. <em>&nbsp;&nbsp;<\/em>&nbsp;<\/p>\n\n\n\n<p class=\"wp-block-paragraph\"><strong>1907, <\/strong>en Coyoac\u00e1n, M\u00e9xico, nace <strong>Magdalena Carmen Frida Kahlo Calder\u00f3n<\/strong> (1907-1954). Pintora talentosa y activista pol\u00edtica. El nombre de Frida Kahlo, es en la actualidad, sin\u00f3nimo de valor, audacia, libertad dentro de un aura tr\u00e1gica que marc\u00f3 su vida, como el terrible accidente que sufri\u00f3 cuando a\u00fan era muy joven y que la invalid\u00f3 para siempre. El otro elemento fue su simbi\u00f3tica relaci\u00f3n con el pintor Diego Rivera que, sin embargo, no le impidi\u00f3 desarrollar su propio camino como creadora, convirti\u00e9ndose en uno de los pilares del arte mexicano de todos los tiempos.<\/p>\n\n\n\n<p class=\"wp-block-paragraph\"><strong>1914, <\/strong>la poeta uruguaya <strong>Delmira Agustini<\/strong> (1886-1914) es asesinada por su ex marido, Enrique Job Reyes, quien luego se suicida. La pareja estaba divorciada. La obra po\u00e9tica de Delmira Agustini tuvo influencia de los simbolistas franceses y del fil\u00f3sofo Federico Nietzsche. Sus poemas tienen un alto contenido er\u00f3tico volcado en <em>El Libro Blanco<\/em> (1907), <em>Los C\u00e1lices Vac\u00edos<\/em> (1913). En 1924, se publicaron sus Obras Completas. Agustini perteneci\u00f3 a la generaci\u00f3n literaria de 1900, de la que formaron parte Julio Herrera y Reissig, Leopoldo Lugones y Rub\u00e9n Dar\u00edo. En 2014, al cumplirse los 100 a\u00f1os de su asesinato, fue inaugurado en Montevideo, un Memorial dedicado a Delmira Agustini y a todas las v\u00edctimas de feminicidio. Fue instalado en la calle Andes 1206 donde la poeta fue asesinada.<\/p>\n\n\n\n<p class=\"wp-block-paragraph\"><strong>1988, <\/strong><strong>Ifigenia Mart\u00ednez Hern\u00e1ndez<\/strong>, economista por la UNAM, fue electa primera senadora de oposici\u00f3n por el Frente Democr\u00e1tico Nacional. Tambi\u00e9n particip\u00f3 en la fundaci\u00f3n del Partido de la Revoluci\u00f3n Democr\u00e1tica (PRD). Naci\u00f3 en la Ciudad de M\u00e9xico un 16 de junio de 1930. Ha sido diputada federal en la LXI, LVI y L Legislaturas, Senadora en la LIV e integrante de la Asamblea Constituyente de la Ciudad de M\u00e9xico. Senadora externa de la Rep\u00fablica por el Partido Movimiento de Regeneraci\u00f3n Nacional y presidenta de la Mesa de Decanos (2020).<\/p>\n\n\n\n<p class=\"wp-block-paragraph\"><strong>1988<\/strong>, el <strong>Foro Nacional sobre la Violencia contra las Mujeres<\/strong>, celebrado en octubre de 1987 y donde nace la Red Nacional, logra llevar a juicio y c\u00e1rcel a los violadores de cuatro mujeres en Temixco, Morelos.<\/p>\n\n\n\n<p class=\"wp-block-paragraph\"><strong>2004<\/strong> se integr\u00f3 la <strong>Comisi\u00f3n de Atenci\u00f3n a la Mujer<\/strong> en el Congreso del estado de Tamaulipas.<\/p>\n\n\n\n<p class=\"has-large-font-size wp-block-paragraph\"><strong>7<\/strong><strong><\/strong><\/p>\n\n\n\n<p class=\"wp-block-paragraph\"><strong>1901<\/strong>, nace en Berna, Suiza, <strong>Gertrude Duby Blom<\/strong>, periodista, trabajadora social, fot\u00f3grafa y etn\u00f3grafa. Nacionalizada mexicana, trabaj\u00f3 durante 50 a\u00f1os en la Selva Lacandona documentando la vida de los ind\u00edgenas y la depredaci\u00f3n de esa regi\u00f3n selv\u00e1tica del sureste de M\u00e9xico. Muri\u00f3 en la ciudad de San Crist\u00f3bal de las Casas, el 23 de diciembre de 1993.<\/p>\n\n\n\n<p class=\"wp-block-paragraph\"><strong>1954<\/strong> entr\u00f3 en vigor el <strong>D\u00eda del sufragio femenino <\/strong>como derecho humano universal, decretado por la Asamblea General de las Naciones Unidas en la resoluci\u00f3n 640 (VII), del 20 de diciembre de 1952, que explicitaba el derecho de las mujeres al voto y su acceso a cargos p\u00fablicos.<\/p>\n\n\n\n<p class=\"wp-block-paragraph\"><strong>1957<\/strong>, nace en la Ciudad de M\u00e9xico, <strong>Sara Rom\u00e1n Esquivel<\/strong>, integrante de la organizaci\u00f3n MUTUAC-MAS en la formaci\u00f3n para mujeres trabajadoras. Ha sido colaboradora de diversas investigaciones sobre las condiciones de las trabajadoras de la industria del hule y en la maquila de exportaci\u00f3n. En 1993 impuls\u00f3 el Primer Encuentro Regional de Mujeres Trabajadoras en el norte el pa\u00eds. Form\u00f3 parte de la comisi\u00f3n organizadora del II Encuentro Nacional de Mujeres Trabajadoras en 1995, durante el cual se levant\u00f3 la demanda al Seguro Social, de hacer extensiva la derechohabiencia a los maridos o concubinos que no la tuvieran.<\/p>\n\n\n\n<p class=\"has-large-font-size wp-block-paragraph\"><strong>8<\/strong><strong><\/strong><\/p>\n\n\n\n<p class=\"wp-block-paragraph\"><strong>1867, <\/strong>en Konigsberg, Alemania, nace <strong>K\u00e4te Kollwitz<\/strong> (1867-1945), pintora, grabadora y escultora alemana. Es considerada la m\u00e1s importante artista gr\u00e1fica alemana de la primera mitad del siglo XX. Inicialmente se orient\u00f3 al expresionismo con temas sociales que mostraban la situaci\u00f3n de miseria de los barrios pobres de su pa\u00eds. M\u00e1s adelante, su obra escult\u00f3rica estuvo dedicada al tema de la maternidad. Destac\u00f3 como afichista con la tem\u00e1tica de la paz. Fue perseguida por el r\u00e9gimen nazi bajo la acusaci\u00f3n de hacer arte \u201cdegenerado\u201d. En 1913 fund\u00f3 la Uni\u00f3n Art\u00edstica Femenina, y fue la primera mujer en ingresar a la Academia Prusiana de las Artes en 1919.<\/p>\n\n\n\n<p class=\"wp-block-paragraph\"><strong>1881, <\/strong>en Lima, Per\u00fa, nace <strong>Rosa Mercedes Ayarza de Morales<\/strong> (1881-1969), destacada compositora, directora de orquesta, maestra de canto, recopiladora y difusora de la m\u00fasica peruana. Cre\u00f3 la Escuela Nacional de Arte L\u00edrico y fund\u00f3 la primera Sociedad Peruana de Autores y Compositores SPAC. De ni\u00f1a destac\u00f3 como pianista virtuosa. Fue autora de m\u00e1s de 300 composiciones que rescatan las tradiciones del folkore peruano.<\/p>\n\n\n\n<p class=\"wp-block-paragraph\"><strong>1941<\/strong>, naci\u00f3 <strong>Guadalupe Judith de la Lanza Espino<\/strong>, doctora en oceanograf\u00eda biol\u00f3gico-pesquera, cuyos trabajos de investigaci\u00f3n se han centrado en los factores qu\u00edmico y f\u00edsicos de las aguas costeras. Medalla al M\u00e9rito Gabino Barreda por la UNAM en sus estudios doctorales, acreedora al Premio de Investigaci\u00f3n para el Desarrollo Mar\u00edtimo \u201cLic. Miguel Alem\u00e1n Valdez 1987-1988\u201d y el Reconocimiento Sor Juana In\u00e9s de la Cruz\u201d.<\/p>\n\n\n\n<p class=\"wp-block-paragraph\"><strong>1935<\/strong>, naci\u00f3 en Tijuana, Baja California, <strong>Mar\u00eda del Carmen M\u00e1rquez Jim\u00e9nez<\/strong>, primera senadora por Baja California en las Legislaturas LII y LIII. Fue subdirectora de Asuntos Internacionales de la Asociaci\u00f3n Nacional Femenil Revolucionaria (Anfer).<\/p>\n\n\n\n<p class=\"has-large-font-size wp-block-paragraph\"><strong>9<\/strong><strong><\/strong><\/p>\n\n\n\n<p class=\"wp-block-paragraph\">1893, nace en la Ciudad de M\u00e9xico, <strong>Mar\u00eda Herminia P\u00e9rez de Le\u00f3n<\/strong>, conocida como Mim\u00ed Derba, actriz, cantante, escritora, guionista, productora y directora de cine donde fue pionera, \u00edcono de la \u00e9poca oro. En 1917 fund\u00f3 la Sociedad Cinematogr\u00e1fica Mexicana Azteca Film, donde produjo cinco largometrajes: En defensa propia, Alma de sacrificio, La so\u00f1adora, En la sombra y La tigresa.&nbsp; En escribi\u00f3 los guiones de En defensa propia, En la sombra y La Trigresa (1917) que dirigi\u00f3 convirti\u00e9ndose en la primera directora mexicana. Su filmograf\u00eda comprende unas 30 pel\u00edculas. Falleci\u00f3 el 14 de julio de 1953.<\/p>\n\n\n\n<p class=\"wp-block-paragraph\"><strong>1935,<\/strong> nace en San Miguel Tucum\u00e1n, Argentina, Hayd\u00e9e <strong>Mercedes Sosa<\/strong>, La Voz de Am\u00e9rica Latina. Fundadora del Movimiento del Nuevo Cancionero (que lanz\u00f3 desde Mendoza en 1963) y una de las exponentes de la Nueva canci\u00f3n latinoamericana. Ten\u00eda 15 a\u00f1os y asisti\u00f3 con sus compa\u00f1eras de clase a la LV12 una estaci\u00f3n de radio donde empujada por sus amigas gan\u00f3 un concurso y sigui\u00f3 cantando en la radio, aunque sent\u00eda p\u00e1nico esc\u00e9nico. Su primer \u00e1lbum La voz de la Zafra surgi\u00f3 en 1959. La revelaci\u00f3n surgi\u00f3 en el Festival Folcl\u00f3rico de Cosqu\u00edn (1965) al a\u00f1o siguiente grab\u00f3 Yo no canto por cantar, su tercer disco y la fama nacional e internacional. En los a\u00f1os setenta se afili\u00f3 al Partido Comunista y fue incluida en la lista negra del r\u00e9gimen militar, sus discos fueron prohibidos. En 1976 se exili\u00f3 en Par\u00eds y en Madrid, volvi\u00f3 a su pa\u00eds en 1981 y fue aclamada durante sus presentaciones, se comprometi\u00f3 con la paz y la defensa de los derechos humanos. Su discograf\u00eda suma casi cien producciones. Obtuvo seis Premios Grammy Latinos. Muri\u00f3 en la ciudad de Buenos Aires el 4 de octubre de 2009.<\/p>\n\n\n\n<p class=\"wp-block-paragraph\"><strong>1977<\/strong>, muri\u00f3 en Moorestown, a los 92 a\u00f1os, <strong>Alice Paul<\/strong>, activista feminista estadounidense. Form\u00f3 parte de la Asociaci\u00f3n Nacional del Sufragio de Mujeres Americanas, organizaci\u00f3n de la que fue expulsada por sus ideas radicales en 1916 y decidi\u00f3 iniciar el Partido Nacional de las Mujeres con el que emprendi\u00f3 diversas medidas que llamaron la atenci\u00f3n de la prensa e incluso fue arrestada junto con otras mujeres, detenida llev\u00f3 a cabo una prolongada huelga de hambre por lo que tuvo que ser alimentada forzosamente. En 1920, logr\u00f3 la aprobaci\u00f3n y ratificaci\u00f3n de la Decimonovena Enmienda a la constituci\u00f3n que prohib\u00eda la negaci\u00f3n del derecho al voto por causa de su sexo. Logr\u00f3 tambi\u00e9n la inclusi\u00f3n de los derechos de la mujer en la Carta de las Naciones Unidas y la protecci\u00f3n de las mujeres en la Ley de Derechos Civiles de 1964. Es autora de la Enmienda de igualdad de Derechos, aprobada pero no ratificada. Alice Paul naci\u00f3 en Mount Laurel, Nueva Jersey, el 11 de enero de 1885.<strong><\/strong><\/p>\n\n\n\n<p class=\"wp-block-paragraph\"><strong>2018<\/strong>, el Alto Comisionado, la Oficina de M\u00e9xico y el Fondo de Poblaci\u00f3n de las Naciones Unidas, celebraron la sentencia emitida por el Poder Judicial Federal, que mandata al Congreso del Estado de Veracruz legislar para garantizar a las mujeres y ni\u00f1as el acceso efectivo a servicios de interrupci\u00f3n del embarazo.<\/p>\n\n\n\n<p class=\"has-large-font-size wp-block-paragraph\"><strong>10<\/strong><strong><\/strong><\/p>\n\n\n\n<p class=\"wp-block-paragraph\"><strong>1912<\/strong>, naci\u00f3 en Tula, Tamaulipas, <strong>Amalia Garc\u00eda M\u00e9ndez<\/strong>, primera presidenta municipal de El Mante, elegida por el Congreso Estatal ante la solicitud de licencia del presidente municipal Roberto Garc\u00eda Dom\u00ednguez. La maestra tambi\u00e9n fue la primera regidora del mismo municipio al frente de la Comisi\u00f3n de c\u00e1rceles.<\/p>\n\n\n\n<p class=\"wp-block-paragraph\"><strong>1931, <\/strong>nace<strong> Alice Ann Munro<\/strong>, en Wingham,&nbsp;Ontario, es una cuentista considerada como una de las escritoras actuales m\u00e1s destacadas en&nbsp;lengua inglesa. El 10 de octubre de 2013 le fue otorgado el&nbsp;Premio Nobel de Literatura. Entre sus obras destacan <em>Dance of the Happy Shades<\/em>&nbsp;(1968),<em> Lives of Girls and Women <\/em>(1971), la novela&nbsp;<em>Las vidas de las mujeres<\/em>&nbsp;(1971), y los relatos entrelazados&nbsp;<em>Something I\u2019ve Been Meaning to Tell You<\/em>&nbsp;(1974), <em>The Beggar Maid<\/em>&nbsp;(1978),&nbsp;<em>Las lunas de J\u00fapiter, El progreso del amor <\/em>(1986),<em> Amistad de Juventud y Secretos a voces (1994), Odio, amistad, noviazgo, amor, matrimonio <\/em>(2001)<em>, Escapada <\/em>(2004)<em>, La vista desde Castle Rock <\/em>(2006),<em> Demasiada felicidad <\/em>(2009),<em> Dear life <\/em>(2012).<\/p>\n\n\n\n<p class=\"wp-block-paragraph\"><strong>1964, <\/strong>aparece la minifalda, una creaci\u00f3n de la dise\u00f1adora inglesa <strong>Mary Quant <\/strong>(1934), quien al momento del lanzamiento de esta prenda, dijo que la hab\u00eda creado porque \u201clas mujeres quer\u00edan ser libres\u201d. Su creatividad y revolucionarios modelos hicieron de Quant uno de los emblemas m\u00e1s representativos de los a\u00f1os sesenta del siglo XX en el mundo de la moda. Sus modelos se pod\u00edan ver en su escaparate de la tienda que abri\u00f3 con su marido, el fot\u00f3grafo Alexander Plunket Greene.<\/p>\n\n\n\n<p class=\"wp-block-paragraph\">2005, entra al Cuadro B\u00e1sico de Medicamentos del Sector Salud <strong>la p\u00edldora de emergencia<\/strong> o de un d\u00eda despu\u00e9s, para evitar un embarazo no deseado. Ello corresponde a la norma NOM-005- SSA2-1993, de planificaci\u00f3n familiar.<\/p>\n\n\n\n<p class=\"has-large-font-size wp-block-paragraph\"><strong>11<\/strong><strong><\/strong><\/p>\n\n\n\n<p class=\"wp-block-paragraph\"><strong>1958<\/strong>, nace en la Ciudad de M\u00e9xico <strong>Mar\u00eda Eugenia Romero<\/strong>, cofundadora e impulsora de Salud Integral para la Mujer, Modemmujer y Consorcio para el Di\u00e1logo Parlamentario. Fue presidenta del Consejo Consultivo Ciudadano para la Pol\u00edtica de Poblaci\u00f3n del CONAPO (2008-2012). Es integrante del Grupo Asesor de la Sociedad Civil de ONU Mujeres, del Women\u2019s Major Group, del Comit\u00e9 de ONG de Am\u00e9rica Latina y el Caribe para la Condici\u00f3n de la Mujer. Es directora general de Equidad de G\u00e9nero, Ciudadan\u00eda Trabajo y Familia, y de la Red por los Derechos Sexuales y Reproductivos en M\u00e9xico.<\/p>\n\n\n\n<p class=\"wp-block-paragraph\"><strong>1989,<\/strong> se decret\u00f3 el <strong>D\u00eda Mundial de la Poblaci\u00f3n<\/strong>, por el Consejo de Administraci\u00f3n del Programa de las Naciones Unidas para el Desarrollo (PNUD). Presta atenci\u00f3n a las cuestiones de poblaci\u00f3n en el contexto de los programas y planes generales de desarrollo. El origen de la efem\u00e9ride se remonta a 1987, a\u00f1o en que se festej\u00f3 el d\u00eda de los cinco mil millones de habitantes en el planeta.<\/p>\n\n\n\n<p class=\"has-large-font-size wp-block-paragraph\"><strong>12<\/strong><strong><\/strong><\/p>\n\n\n\n<p class=\"wp-block-paragraph\"><strong>1780, n<\/strong>ace en Toroca, Bolivia, <strong>Juana Azurduy<\/strong> (1780-1862), considerada una de las figuras m\u00e1s importantes de la lucha contra el dominio espa\u00f1ol. M\u00e1s conocida como la Teniente Coronela, particip\u00f3 en varias batallas al lado de su marido el general altoperuano, Manuel Ascensio Padilla. Tuvo un papel principal en la organizaci\u00f3n de expediciones y en el mando de los ej\u00e9rcitos patriotas. En una ocasi\u00f3n, el general argentino Manuel Belgrano le entreg\u00f3 su espada, como una forma de reconocer su valent\u00eda.<\/p>\n\n\n\n<p class=\"wp-block-paragraph\"><strong>1950<\/strong>, nace <strong>Mar\u00eda del Carmen Nava<\/strong> en la ciudad de Colima. Soci\u00f3loga, fundadora del Colectivo Feminista de Colima (1979), junto con Concepci\u00f3n Carballo, Ana Mar\u00eda Garc\u00eda, Carmen Magall\u00f3n y Josefina Oceguera. Con el apoyo de la gobernadora Griselda \u00c1lvarez Ponce de Le\u00f3n, promovi\u00f3 la creaci\u00f3n del Centro de Apoyo a la Mujer (10 de octubre de 1982), el primero en el pa\u00eds.<\/p>\n\n\n\n<p class=\"wp-block-paragraph\"><strong>1987<\/strong>, muere en la Ciudad de M\u00e9xico la escultora <strong>Matusha Corkidi<\/strong> quien naci\u00f3 en El Cairo en 1922, y vino a vivir a M\u00e9xico. En 1962 expuso en la Galer\u00eda de la Pl\u00e1stica Mexicana. En 1979, su obra formo parte de la exposici\u00f3n colectiva \u201cLa mujer en el arte\u201d.<\/p>\n\n\n\n<p class=\"wp-block-paragraph\"><strong>1997, nace Malala Yousafzai&nbsp;<\/strong>en Mingora, Pakist\u00e1n, la activista, blorguera y quien el 18 de junio (2020) concluy\u00f3 sus estudios en Filosof\u00eda Pol\u00edtica y Econom\u00eda en la Universidad de Oxford. En 2014 recibi\u00f3 el Premio Nobel de la Paz a la edad de 17 a\u00f1os. En 2009 inici\u00f3 un blog para la BBC en el que detallaba su vida bajo la ocupaci\u00f3n de los talibanes. A los 15 a\u00f1os, su activismo en pro de la educaci\u00f3n de las ni\u00f1as provoc\u00f3 la ira de los talibanes, quienes la atacaron mientras viajaba en el autob\u00fas escolar el 9 de octubre de 2012, recibi\u00f3 tres disparos, logr\u00f3 sobrevivir. Ha recibido varios premios y tambi\u00e9n hoy se define como una feminista. Tambi\u00e9n la University of King\u00b4s College de Halifax, Nueva Escocia le otorg\u00f3 un Honoris Causa.<\/p>\n\n\n\n<p class=\"has-large-font-size wp-block-paragraph\"><strong>13<\/strong><strong><\/strong><\/p>\n\n\n\n<p class=\"wp-block-paragraph\"><strong>1923, <\/strong>el gobernador de San Luis Potos\u00ed, M\u00e9xico, Aurelio Manrique, expide un decreto por el cual se concede a las mujeres de ese estado, <strong>el derecho a votar y a ser elegidas <\/strong>en las elecciones municipales de 1924 y las estatales de 1925, con el \u00fanico requisito de saber leer y escribir. El derecho fue suprimido en 1926. Tres a\u00f1os m\u00e1s tarde, el Estado de Chiapas concede este derecho a las mujeres mayores de 18 a\u00f1os. <strong><\/strong><\/p>\n\n\n\n<p class=\"wp-block-paragraph\"><strong>1927,&nbsp;Simone Veil<\/strong>, pol\u00edtica y abogada francesa, sobreviviente del holocausto en el campo de concentraci\u00f3n de Auschwitz en 1945, donde permaneci\u00f3 con su familia casi un a\u00f1o. Como ministra de Sanidad fue reconocida internacionalmente por la ley promulgada desde su ministerio en 1975 que permiti\u00f3 la despenalizaci\u00f3n del&nbsp;aborto en Francia. Primera mujer en presidir el Parlamento europeo de&nbsp;Estrasburgo&nbsp;desde 1979 hasta&nbsp;1982. En 2005, fue galardonada con el Premio Pr\u00edncipe de Asturias de Cooperaci\u00f3n Internacional por&nbsp;<em>la defensa de la libertad, la dignidad de la persona, de los derechos humanos, la justicia, la solidaridad y el papel de la mujer en la sociedad moderna<\/em>. Muri\u00f3 en Par\u00eds, Francia, el 30 de junio de 2017.<\/p>\n\n\n\n<p class=\"wp-block-paragraph\">2001, se presenta la novela de la escritora tamaulipeca <strong>Mercedes Mart\u00ednez Torres<\/strong>, Clave de sol y Niebla. Otras obras publicadas son: Montante, Antolog\u00eda de Poetas Coyoacanenses y Escritoras mexicanas vistas por escritoras mexicanas.<\/p>\n\n\n\n<p class=\"wp-block-paragraph\"><strong>2014,&nbsp;<\/strong>muere en Johannesburgo<strong>, Nadine Gordimer<\/strong>, novelista, cuentista y activista sudafricana, Premio Nobel de Literatura en 1991. Naci\u00f3 el 20 de noviembre de 1923 en Spings, Gauteng. En 1949, public\u00f3 su primer libro <em>Face to Face<\/em>. En 1953, escribi\u00f3 The Soft Voice of the Serpent, donde empez\u00f3 a ahondar en la problem\u00e1tica social sudafricana. Otras obras:&nbsp;novela <em>The Lying Days <\/em>(1953) y los relatos cortos <em>Six Feet of the Country<\/em>&nbsp;(1956),&nbsp;<em>A World of Strangers<\/em>&nbsp;(1958),&nbsp;<em>Friday\u2019s Footprint (1960), Occasion for Loving (<\/em>1963<em>), Not for Publication (<\/em>1965<em>),<\/em>&nbsp;<em>The Late Burgeois World<\/em>&nbsp;(1966)&nbsp;<em>A Guest of Honour (1970)<\/em>, <em>Livingstone\u00b4s Companions <\/em>(1971<em>), The Conservationist (<\/em>1974<em>), Selected Stories (1975), Burger\u00b4s Daughter <\/em>(1979),<em> A Soldier\u2019s Embrace<\/em>&nbsp;(1980),&nbsp;<em>July\u2019s People<\/em>&nbsp;(1981),&nbsp;<em>Something Out There<\/em>&nbsp;(1984),&nbsp;<em>A Sport of Nature<\/em>&nbsp;(1987),&nbsp;<em>My Son\u2019s Story<\/em>&nbsp;(1990), <em>Jump and Other Stories (1991)<\/em>, <em>No one to Accompany Me (1994), The House Gun<\/em>&nbsp;(1998),&nbsp;<em>The Pickup<\/em>&nbsp;(2001),&nbsp;<em>Get a Life<\/em>&nbsp;(2005) y su \u00faltima obra,&nbsp;<em>No Time Like the Present<\/em>&nbsp;(2012).<\/p>\n\n\n\n<p class=\"has-large-font-size wp-block-paragraph\"><strong>14<\/strong><strong><\/strong><\/p>\n\n\n\n<p class=\"wp-block-paragraph\"><strong>1913<\/strong>, nace en Torre\u00f3n, Coahuila, <strong>Magdalena Mondrag\u00f3n<\/strong>, narradora, poeta y dramaturga. Recibi\u00f3 el Premio del Ateneo Mexicano de Mujeres en 1938, al Premio El Nacional en 1954, al Premio Filomeno Mata en 1974 y el Premio Nacional de Periodismo 1983. Muri\u00f3 en la Ciudad de M\u00e9xico, el 4 de julio de 1989.<\/p>\n\n\n\n<p class=\"wp-block-paragraph\"><strong>1944<\/strong>, el Comit\u00e9 Coordinador Femenino para la Defensa de la Patria demand\u00f3 al Congreso el voto universal para las mexicanas. Ya exist\u00eda este derecho en los estados de Aguascalientes, Campeche, Guanajuato, Jalisco, Morelos, Nayarit, Nuevo Le\u00f3n, Oaxaca, Chihuahua, Quer\u00e9taro, Sinaloa, Tabasco, Tamaulipas, Tlaxcala, Veracruz, Zacatecas y Michoac\u00e1n.<\/p>\n\n\n\n<p class=\"wp-block-paragraph\"><strong>1956<\/strong>, nace <strong>Norma Gonz\u00e1lez Izaguirre<\/strong>, psic\u00f3loga tamaulipeca dedicada durante m\u00e1s de 25 a\u00f1os a la salud sexual y mental de las mujeres. Promueve el conocimiento y la capacitaci\u00f3n en Monterrey, Nuevo Le\u00f3n. Dirigi\u00f3 la revista de educaci\u00f3n sexual y vida cotidiana Vida Sexo, Salud, editada por Prosalud Sexual y Reproductiva, A.C., Monterrey, Nuevo Le\u00f3n \u2014entre 1983 y 1999\u2014. Fue consejera del INMUJERES. Trabaj\u00f3 en el programa de salud de Pronasol. Fund\u00f3, Sicolog\u00eda Universal, fue presidenta de la Federaci\u00f3n Mexicana de Educaci\u00f3n Sexual y Sexolog\u00eda (2003-2006).<\/p>\n\n\n\n<p class=\"wp-block-paragraph\"><strong>1996, <\/strong>inici\u00f3 sus trabajos la Tercera Conferencia Mundial de la Mujer, en Nairobi, Kenia. Se eval\u00faan los avances y obst\u00e1culos sobre los temas de las dos conferencias anteriores; se acuerda buscar estrategias para la promoci\u00f3n de las mujeres en el a\u00f1o 2000.<\/p>\n\n\n\n<p class=\"has-large-font-size wp-block-paragraph\"><strong>15<\/strong><strong><\/strong><\/p>\n\n\n\n<p class=\"wp-block-paragraph\"><strong>1889, <\/strong>naci\u00f3 en la Habana, Cuba<strong>, Laura Mart\u00ednez Carvajal y Camino<\/strong>, la primera m\u00e9dica cubana. Se matricul\u00f3 conjuntamente con su hermano en la Universidad de La Habana para estudiar las carreras de Ciencias F\u00edsico-Matem\u00e1ticas y Medicina. En ese per\u00edodo tuvo que imponerse a la fuerza para hacer valer sus derechos en una \u00e9poca en que no se admit\u00eda a las mujeres en la universidad. En 1893 inici\u00f3 su preparaci\u00f3n cl\u00ednica en el Hospital de San Felipe Y Santiago, donde se atend\u00eda a los presos recib\u00edan atenci\u00f3n. M\u00e1s tarde se traslad\u00f3 al Hospital San Francisco de Paula donde trabaj\u00f3 en mejores condiciones. En 1888, se gradu\u00f3 en la carrera de Fis\u00edco-Matem\u00e1tica, y al a\u00f1o siguiente con 19 a\u00f1os, termin\u00f3 sus estudios de medicina con notas sobresalientes. Colabor\u00f3 con \u00e9l en numerosas publicaciones como \u201cNotas fisiol\u00f3gicas\u201d, \u201cObservaciones cl\u00ednicas\u201d y \u201cOcular leprosy\u201d, as\u00ed como en los tres vol\u00famenes de \u201cOftalmolog\u00eda cl\u00ednica\u201d. Muri\u00f3&nbsp;el 24 de enero de 1941.<\/p>\n\n\n\n<p class=\"wp-block-paragraph\"><strong>1895, <\/strong>en Santa F\u00e9, Argentina, aparece el primer n\u00famero de la revista literaria <strong><em>El Pensamiento<\/em><\/strong>, concebida y dirigida por la escritora y periodista <strong>Carlota Garrido<\/strong> <strong>de la Pe\u00f1a<\/strong> (1870-1958). En esta publicaci\u00f3n colaboraron varias escritoras comprometidas con la defensa de los derechos de las mujeres.<\/p>\n\n\n\n<p class=\"wp-block-paragraph\"><strong>1908,<\/strong> nace en Saltillo, Coahuila, <strong>Elena Huerta M\u00fazquiz<\/strong>, muralista y grabadora, integrante de la Liga de Escritores y Artistas Revolucionarios (LEAR), colabor\u00f3 en el Taller de Gr\u00e1fica Popular. Una de las fundadoras de la Compa\u00f1\u00eda de Teatro Infantil. Activista de izquierda. Diego Rivera la llam\u00f3, a ella y a sus hijas Electa y Sandra Arenal \u201cLas Rusitas\u201d, porque viajaron varias veces a la Uni\u00f3n Sovi\u00e9tica donde ella recibi\u00f3 tratamiento m\u00e9dico. En 1949 fund\u00f3 el Sal\u00f3n de Pl\u00e1stica Moderna. En 1951 se volvi\u00f3 directora de la Galer\u00eda de Posada de Jos\u00e9 Guadalupe en la&nbsp;Colonia Doctores. Menos de un a\u00f1o despu\u00e9s se pas\u00f3 a la Galer\u00eda Jos\u00e9 Clemente Orozco. Tiene tres murales: en la Universidad Aut\u00f3noma Agraria, el Tecnol\u00f3gico de Saltillo y el \u00faltimo en el hoy Centro Cultural Vito Alessio Robles. Muri\u00f3 en 1997 a los 89 a\u00f1os.<\/p>\n\n\n\n<p class=\"wp-block-paragraph\"><strong>1937, <\/strong><strong>Mar\u00eda del Refugio \u201cCuca\u201d Garc\u00eda<\/strong> sentenci\u00f3 lo siguiente: \u201c\u2026.estoy comprometida a luchar por mis derechos y las decisiones del PNR no me importan. El PNR no representa al pueblo. El pueblo est\u00e1 con las mujeres y, con su ayuda, nosotras abriremos las puertas del Congreso de la Uni\u00f3n a todas las mujeres del pa\u00eds. Esta responsabilidad pesa sobre mis hombros\u201d.<\/p>\n\n\n\n<p class=\"wp-block-paragraph\">1948, nace Norma <strong>Enriqueta Basilio<\/strong> Sotelo en la ciudad de Mexicali, B.C. el 12 de octubre de 1968, Queta Basilio fue la primera mujer en la historia que encendi\u00f3 un pebetero en la inauguraci\u00f3n de los XIXI Juegos Ol\u00edmpicos M\u00e9xico 1968. Ese a\u00f1o se le consider\u00f3 la mejor atleta mexicana y era la campeona nacional de atletismo en vallas 80 metros. Durante su vida como deportista tambi\u00e9n fue miembro permanente del Comit\u00e9 Ol\u00edmpico Mexicano. En 2004 port\u00f3 la Antorcha Ol\u00edmpica en el relevo de Atenas en la Ciudad de M\u00e9xico. Diputada federal plurinominal en el periodo 2000-2003 por el PRI. Falleci\u00f3 en octubre 26 de 2019.<\/p>\n\n\n\n<p class=\"wp-block-paragraph\"><strong>1949<\/strong>, naci\u00f3 en la Ciudad de M\u00e9xico, <strong>Martha Patricia Ostrosky<\/strong>, fundadora del Departamento de Gen\u00e9tica y Toxicolog\u00eda Ambiental del Instituto de Investigaciones Biom\u00e9dicas de la UNAM. Presidenta de la Asociaci\u00f3n Latinoamericana de Mutag\u00e9nesis, Carcinog\u00e9nesis y Teratog\u00e9nesis Ambiental, ha recibido numerosos reconocimientos en M\u00e9xico y el extranjero por considerarla una pionera de la medicina gen\u00f3mica.<\/p>\n\n\n\n<p class=\"wp-block-paragraph\"><strong>1980, <\/strong>fallece <strong>Juana de Ibarbouru<\/strong> (1895-1980), importante poeta uruguaya, cuyo nombre de soltera fue Juana Fern\u00e1ndez de Morales. Fue conocida como \u201cJuana de Am\u00e9rica\u201d. Es considerada una de las figuras clave de la poes\u00eda hispanoamericana contempor\u00e1nea. Su poes\u00eda de tono melanc\u00f3lico fue ajena a los desbordes del Modernismo. Entre sus obras m\u00e1s conocidas destacan <em>Las Seis Lenguas de Diamante<\/em> (1918); <em>La Rosa de los Vientos<\/em> (1930); <em>La Pasajera<\/em> (1968). En 1950, presidi\u00f3 la Sociedad Uruguaya de Escritores y fue la primera personalidad en recibir la condecoraci\u00f3n Jos\u00e9 Artigas, m\u00e1ximo galard\u00f3n uruguayo. <strong>&nbsp;<\/strong><\/p>\n\n\n\n<p class=\"wp-block-paragraph\"><strong>2013<\/strong>, la UNESCO reconoce a <strong>Esther Corona Vargas<\/strong>, pionera de la educaci\u00f3n sexual en M\u00e9xico y Latinoam\u00e9rica. Fundadora de la Asociaci\u00f3n Mexicana de Educaci\u00f3n Sexual (AMES), colaboradora en CONAPO y otras instituciones. Formadora de profesionales en sexolog\u00eda, educaci\u00f3n de la sexualidad y la promoci\u00f3n y defensa de los derechos sexuales. Actualmente es consultora de organismos de las Naciones Unidas como la UNESCO, la OPS y el UNFPA.<\/p>\n\n\n\n<p class=\"wp-block-paragraph\"><strong>2010<\/strong>, en&nbsp;Argentina, el&nbsp;Gobierno de <strong>Cristina Kirchner&nbsp;<\/strong>aprueba el proyecto de ley que permite el&nbsp;matrimonio entre personas del mismo sexo&nbsp;y la&nbsp;adopci\u00f3n&nbsp;por parte de los mismos. Argentina es el primer pa\u00eds&nbsp;latinoamericano&nbsp;en implementarlo y el d\u00e9cimo a nivel mundial.<\/p>\n\n\n\n<p class=\"has-large-font-size wp-block-paragraph\"><strong>16<\/strong><\/p>\n\n\n\n<p class=\"wp-block-paragraph\"><strong>1809, <\/strong>en Costa Rica, nace <strong>Anacleta Arnesto<\/strong> <strong>de Mayorga<\/strong> (1809-1877). Fue una de las primeras mujeres que particip\u00f3 activamente en la vida pol\u00edtica de su pa\u00eds. Por sus ideas sufri\u00f3 destierro al lado de su esposo, Pedro Mayorga. En la ciudad de Cartago fund\u00f3 un centro de atenci\u00f3n para ni\u00f1as hu\u00e9rfanas.<\/p>\n\n\n\n<p class=\"wp-block-paragraph\"><strong>1889, <\/strong>nace la Asociaci\u00f3n Nacional de Comadronas de Cuba. Su primera presidenta fue <strong>Mar\u00eda Digna Collazo y del Castillo<\/strong>. Matrona, escritora, sufragista y activista feminista cubana. Fue una de las l\u00edderes del sufragio en la d\u00e9cada de 1910. Particip\u00f3 en la primera organizaci\u00f3n sufragista y en el Partido Nacional Sufragista (1913), y el Partido Feminista (1918). Incursion\u00f3 en el periodismo como redactora jefa de la revista <em>El Amigo<\/em> en 1900, en 1913 dirigi\u00f3 el peri\u00f3dico <em>El Sufragista<\/em>.&nbsp;&nbsp;&nbsp;&nbsp;<\/p>\n\n\n\n<p class=\"wp-block-paragraph\"><strong>1915<\/strong>, nace en el Distrito Federal, hoy Ciudad de M\u00e9xico, <strong>Carmen Castillo Betancurt<\/strong>, fue directora de la Orquesta Sinf\u00f3nica de Xalapa. Gan\u00f3 193 premios por sus interpretaciones.<\/p>\n\n\n\n<p class=\"wp-block-paragraph\"><strong>1973<\/strong>, muri\u00f3 <strong>Mar\u00eda Refugio Garc\u00eda Mart\u00ednez<\/strong>, \u201cla Cuca\u201d, fundadora del Consejo Nacional para las Mujeres y Secretaria General del Frente \u00danico Pro-Derechos de la Mujer (28 de agosto de 1935), donde fungi\u00f3 como Secretaria General. En el Consejo promovi\u00f3 la publicaci\u00f3n La Mujer. Sin dejar de militar en el PSM, en diciembre de 1919, Garc\u00eda se adhiri\u00f3 al naciente Partido Comunista Mexicano (PCM), que reci\u00e9n se creaba como la secci\u00f3n mexicana de la Tercera Internacional Comunista. Candidata independiente a diputada por el distrito de Michoac\u00e1n como por el Partido Nacional Revolucionario (1937), aunque sali\u00f3 electa no se le permiti\u00f3 asumir el cargo, porque se requer\u00eda modificar la Constituci\u00f3n. Cuca naci\u00f3 en Villa Teretan, el 2 de abril de 1889<\/p>\n\n\n\n<p class=\"wp-block-paragraph\"><strong>1977<\/strong>, nace en Mexicali, Baja California, <strong>Mar\u00eda del Carmen Rioseco<\/strong>. Veterinaria que fund\u00f3 en 1977: Emancipaci\u00f3n, el primer grupo aut\u00f3nomo feminista, en el que trabajaron los derechos de las mujeres, el derecho a decidir sobre su cuerpo y prevenci\u00f3n de la violencia contra las mujeres. Fundadora del Grupo Feminista Ala\u00edde Foppa. Colabor\u00f3 en el peri\u00f3dico Zeta (1991-1992). Es columnista en temas de feminismo y derechos de las mujeres.<\/p>\n\n\n\n<p class=\"wp-block-paragraph\"><strong>1992<\/strong>, <strong>Patricia Quintana Owen<\/strong>, obtuvo el doctorado en Qu\u00edmica Inorg\u00e1nica por la UNAM, especialista en el estudio de la qu\u00edmica de materiales y propiedades el\u00e9ctricas de los nanomateriales y en f\u00edsica aplicada. Es una de las responsables del Laboratorio Nacional de Nano y Biomateriales en M\u00e9rida, Yucat\u00e1n, que investiga los materiales arqueol\u00f3gicos utilizados por los mayas; as\u00ed como la identificaci\u00f3n de minerales arcillosos presentes en los suelos del estado de Yucat\u00e1n y el estudio del deterioro de los sustratos p\u00e9treos naturales e inoculados con cepas f\u00fangicas. Naci\u00f3 el 21 de febrero de 1951 en Guadalajara, Jalisco.<\/p>\n\n\n\n<p class=\"wp-block-paragraph\"><strong>2000, <\/strong>fallece en Estados Unidos, <strong>Elsa Chaney<\/strong> destacada investigadora, feminista y profesora universitaria. Acad\u00e9mica de formaci\u00f3n, doctora en Ciencias Pol\u00edticas, realiz\u00f3 importantes estudios sobre la situaci\u00f3n de las mujeres en Am\u00e9rica Latina. Su diagn\u00f3stico de la realidad del trabajo dom\u00e9stico asalariado en la regi\u00f3n, fue clave para la creaci\u00f3n en 1988 de la Confederaci\u00f3n Latinoamericana y del Caribe de Trabajadoras del Hogar (CONLACTRAHO), que cont\u00f3 con su apoyo. Otro aporte importante de Elsa Chaney es el libro <em>Superpadre: la mujer en la pol\u00edtica en Am\u00e9rica Latina<\/em>, 1979. La organizaci\u00f3n <em>Latin American Studies Association<\/em>, LASA, cre\u00f3 el Premio Elsa Chaney destinado a promover los estudios acad\u00e9micos sobre la cuesti\u00f3n de la mujer en Am\u00e9rica Latina y el Caribe.<\/p>\n\n\n\n<p class=\"has-large-font-size wp-block-paragraph\"><strong>17<\/strong><\/p>\n\n\n\n<p class=\"wp-block-paragraph\"><strong>1791, <\/strong>durante el per\u00edodo m\u00e1s dram\u00e1tico de la Revoluci\u00f3n Francesa, son arrestadas por sediciosas, <strong>Etta Palm<\/strong> (1743-1799) y <strong>Olympe de Gouges<\/strong> (1748-1793), figuras hist\u00f3ricas de la lucha por los derechos de las mujeres. D\u00edas antes de su arresto, Olympe de Gouges, considerada una precursora del feminismo, escribi\u00f3 la <em>Declaraci\u00f3n de los Derechos de la Mujer y la Ciudadana<\/em>, cuya tesis central es \u201cla mujer nace libre y permanece igual al hombre en derechos\u201d. A Etta Palm se le atribuye la frase: <em>La justicia debe ser la primera virtud de hombres libres, y la justicia, pide que las leyes sean comunes a todos los seres, como el aire y el sol\u201d.<\/em><\/p>\n\n\n\n<p class=\"wp-block-paragraph\"><strong>1898, <\/strong>nace en Springfield, Ohio, Estados Unidos, la fot\u00f3grafa <strong>Berenice Abbott.<\/strong> Fue una de las pocas mujeres que logr\u00f3 realizar exposiciones individuales de su trabajo en varias galer\u00edas importantes de Par\u00eds, durante el decenio de 1920. Trabaj\u00f3 como asistente de laboratorio del fot\u00f3grafo surrealista Man Ray quien ejerci\u00f3 gran influencia sobre ella. En su primera etapa se cultiv\u00f3 el retrato de personalidades c\u00e9lebres. Posteriormente, trabaj\u00f3 en la edici\u00f3n de libros y se dedic\u00f3 al estudio, desde la fotograf\u00eda, de los fen\u00f3menos f\u00edsicos. Uno de sus aportes m\u00e1s significativos es el ensayo titulado \u201cChanging New York\u201d, sobre las distintas etapas de la evoluci\u00f3n de la arquitectura neoyorquina. Falleci\u00f3 el 9 de diciembre de 1991 en Manson, Maine.<\/p>\n\n\n\n<p class=\"wp-block-paragraph\"><strong>1966<\/strong>, naci\u00f3 en la Ciudad de M\u00e9xico, <strong>Ana Cecilia Noguez Garrido<\/strong>, doctora en f\u00edsica por la UNAM, con especialidad en propiedades at\u00f3micas, \u00f3pticas y electr\u00f3nicas de la materia. Se le considera lideresa en el estudio te\u00f3rico de la materia condensada; adem\u00e1s, investiga la interacci\u00f3n de la luz con la materia, a fin de entender sus propiedades f\u00edsicas. En 1996, recibi\u00f3 la Medalla Gabino Barreda por sus estudios doctorales en la UNAM y el Premio Weizmann, que otorga la Academia Mexicana de Ciencias por su tesis doctoral.<\/p>\n\n\n\n<p class=\"wp-block-paragraph\"><strong>1978<\/strong>, la diputada <strong>Rosa Mar\u00eda de la Pe\u00f1a<\/strong> del PRI denuncia en la C\u00e1mara de Diputados, la existencia de una \u201cindustria clandestina de abortos\u201d que obten\u00eda nueve mil millones de pesos libres de impuestos y que hab\u00eda causado la muerte de 30 mil mujeres.<\/p>\n\n\n\n<p class=\"wp-block-paragraph\"><strong>1980, <\/strong>en Bolivia un golpe militar derroca el gobierno interino de <strong>Lidia Guelier<\/strong> Tejada (28 de agosto de 1921-La Paz, 9 de mayo de 2011). Fue la primera mujer presidenta de ese pa\u00eds (1979-1980). Luchadora social, milit\u00f3 en el Movimiento Nacionalista Revolucionario (MNR). En 1951 particip\u00f3 en una huelga de hambre junto a otras 27 mujeres, en el Palacio de Justicia de la Paz para exigir la libertad de unos militantes de su agrupaci\u00f3n que estaban en la c\u00e1rcel. Gueiler tuvo un papel relevante en la revoluci\u00f3n de 1952. En 1953 desempe\u00f1\u00f3 funciones en la Secretar\u00eda del Consulado General de Bolivia en Hamburgo, Alemania y posteriormente fue agregada civil en la misi\u00f3n diplom\u00e1tica de Bonn. M\u00e1s tarde asumi\u00f3 las funciones de Embajadora en Alemania. Durante las legislaturas de 1956, 1960 y 1964, fue diputada. En 1963 se afili\u00f3 al Partido Revolucionario de Izquierda Nacional (PRIN), de Juan Lech\u00edn.<\/p>\n\n\n\n<p class=\"wp-block-paragraph\"><strong>1984<\/strong>, en el Foro Coyoacanense, <strong>Doris Krafft<\/strong> presenta su libro El hilo. Mujer de un talento peculiar inici\u00f3 el primer taller literario por radio en la XEW. Naci\u00f3 en Guadalajara un 22 de abril. Muri\u00f3 en 2003 en la Ciudad de M\u00e9xico.<\/p>\n\n\n\n<p class=\"wp-block-paragraph\"><strong>1954<\/strong>, nace en Hamburgo, entonces Alemania Occidental, <strong>Angela Merkel<\/strong>, f\u00edsica y pol\u00edtica, desde 2005 ocupa el cargo de Canciller. Tiene gran influencia entre los partidos pol\u00edticos al liderar la coalici\u00f3n pol\u00edtica y ha desempe\u00f1ado un papel sobresaliente en la Uni\u00f3n Europea. Organismos internacionales y la prensa destacan hoy su desempe\u00f1o para obtener resultados positivos frene a la pandemia de COVID 19 (2020), adem\u00e1s de aplicar una pol\u00edtica de austeridad y disciplina. En 2019, Forbes la consider\u00f3 como la mujer m\u00e1s poderosa del mundo.<\/p>\n\n\n\n<p class=\"wp-block-paragraph\"><strong>2001, <\/strong>fallece en Sun Valley, Iadho, <strong>&nbsp;Katharine Graham<\/strong>, periodista y editora de <em>The Washington Post <\/em>desde 1963 hasta su fallecimiento. Su madre, Agnes Meyes, periodista, y su padre Eugen Meyer, adquiri\u00f3 en una subasta el diario en 1933. Solo unos a\u00f1os despu\u00e9s se cas\u00f3 con Philip Graham, quien obtuvo de su suegro el puesto de director del diario, dejando a Katharine en un segundo plano. Fue hasta 1963 cuando al quedar viuda se hace cargo del peri\u00f3dico. A pesar de diversas amenazas, decidi\u00f3 en 1971 publicar un estidio sobre la Guerra de Vietman, elaborado por el gobienro y un a\u00f1o despu\u00e9s apoyo que Carl Bernstein y Bob Woodward hicieran el trabajo period\u00edstico del caso Watergate, que al cabo de un tiempo llev\u00f3 a Nixon a dimitir del cargo de presidente de EE.UU. Su autobiograf\u00eda Personal History fue publicada el 1998, lo que le permiti\u00f3 obtener el Premio Pulitzer. Naci\u00f3 un 16 de junio de 1917.<\/p>\n\n\n\n<p class=\"has-large-font-size wp-block-paragraph\"><strong>18<\/strong><\/p>\n\n\n\n<p class=\"wp-block-paragraph\"><strong>1915, <\/strong>en Lima, Per\u00fa, la escritora, y educadora feminista <strong>Mar\u00eda Jes\u00fas Alvarado Rivera <\/strong>instala en su casa, la Escuela \u201cMoral y Trabajo\u201d, para capacitar laboralmente a mujeres j\u00f3venes de escasos recursos. Alvarado es considerada la fundadora del primer feminismo en el Per\u00fa.Naci\u00f3 un 27 de mayo de 1878, en Chincha Baja, Ica. Falleci\u00f3 en&nbsp;San Isidro,&nbsp;Lima,&nbsp;6 de mayo&nbsp;de&nbsp;1971.<\/p>\n\n\n\n<p class=\"wp-block-paragraph\">1933, nace en Buenos Aires, Argentina, la escritora <strong>Alicia Steimberg<\/strong>. Se recibi\u00f3 como maestra normalista y m\u00e1s tarde como profesora nacional, con especialidad en ingl\u00e9s. Aunque empez\u00f3 a escribir muy joven, su primera obra fue publicada cuando ten\u00eda 38 a\u00f1os. Su obra fue traducida al ingl\u00e9s, alem\u00e1n y coreano. Entre sus novelas destacan M\u00fasicos y relojeros (1971), La loca 101 (1973), <em>Su esp\u00edritu inocente <\/em>(1981),<em> Como todas las ma\u00f1anas <\/em>(1983),<em> El \u00e1rbol del placer<\/em>. (1986), <em>Amatista<\/em>. (1989), <em>El mundo no es de polenta<\/em> (1991), <em>Cuando digo Magdalena<\/em> (1992), <em>Vidas y vueltas y Antolog\u00eda del amor apasionado<\/em>&nbsp;(junto a&nbsp;<a href=\"https:\/\/es.wikipedia.org\/wiki\/Ana_Mar%C3%ADa_Shua\">Ana Mar\u00eda Shua<\/a>) (1999), <em>La selva<\/em> (2000), <em>Aprender a escribir<\/em> (2004) y <em>La m\u00fasica de Julia<\/em> (2008). Falleci\u00f3 un 16 de junio de 2012 en Buenos Aires.<\/p>\n\n\n\n<p class=\"wp-block-paragraph\"><strong>1902,<\/strong>&nbsp;nace en Iv\u00e1novo, Rusia, <strong>Nathalie Sarraute<\/strong>&nbsp;(Natalia Cherniak), escritora, que adquiri\u00f3 la nacionalidad francesa, pues su familia finc\u00f3 su residencia en Pa\u00eds en 1909. Abogada de profesi\u00f3n que dej\u00f3 definitivamente para seguir su vocaci\u00f3n liberaria que descubri\u00f3 la literatura a trav\u00e9s de Marcel Proust y Virginia Woolf. Su primera obra <em>Tropismos<\/em> (<a href=\"https:\/\/es.wikipedia.org\/wiki\/1939\">1939<\/a>) fue elogiada por Jean-Paul Sartre&nbsp;y&nbsp;Max Jacob. Siguieron otras obras como novelas, ensayos y obras de teatro: <em>Retrato de un desconocido<\/em>&nbsp;(1948), <em>Martereau (<\/em>1953),<em> El planetario (1959), Los frutos de oro <\/em>(1963<em>), El silencio (1964), La mentira <\/em>(1966<em>), Entre la vida y la muerte (1968)<\/em>,<em> Isma, o lo que se llama nada<\/em>&nbsp;(1970), <em>\u00bfLes oye usted? <\/em>(1972)<em>, Es hermoso<\/em>&nbsp;(1975), <em>Dicen los imb\u00e9ciles (1976)<\/em>, <em>Ella est\u00e1 ah\u00ed<\/em>&nbsp;(1978), <em>El uso de la palabra (1980), Por un s\u00ed o por un no<\/em> (1982), <em>Infancia (1983), T\u00fa no te quieres<\/em> (1989), <em>Aqu\u00ed<\/em> (1985), <em>Abra<\/em> (1997) y <em>Lectura <\/em>(1998<em>). <\/em>Muri\u00f3 un a\u00f1o despu\u00e9s de haber publicado su \u00faltima novela, un 19 de octubre, en Par\u00eds.<\/p>\n\n\n\n<p class=\"wp-block-paragraph\"><strong>1908<\/strong>, nace en San Luis Potos\u00ed, la actriz, bailarina y vedette mexicana, <strong>Lupe V\u00e9lez<\/strong> (Mar\u00eda Guadalupe Villalobos V\u00e9lez). Aunque inici\u00f3 su carrera en M\u00e9xico, en 1927 decidi\u00f3 probar suerte en la meca del cine nortemaericano: Hollywood, donde fue considerada una de las grandes estrellas, destac\u00f3 ampliamente en el reci\u00e9n llegado \u201ccine sonoro\u201d. De manera especial fueron creadas para ella dos pel\u00edculas tituladas Mexican Spitfire. Su filmograf\u00eda es extensa y hay registros de cintas entre 1927 y 1943, donde al menos actu\u00f3 en 44 cintas en Estados Unidos y tres m\u00e1s en M\u00e9xico: La Zandunga (1937), Recordar es vivir (documental, 1940) y Nan\u00e1 (1943).&nbsp; Un aparente suicidio termin\u00f3 con la vida de Lupe V\u00e9lez un 13 de diciembre de 1944.<\/p>\n\n\n\n<p class=\"wp-block-paragraph\"><strong>1911<\/strong>, nace en Santiago de Cuba la revolucionaria,&nbsp;<strong>Gloria Marina Cuadras de la Cruz<\/strong>. En varias ocasiones fue tomada presa en la carcel municipal y en tambi\u00e9n result\u00f3 herida en otras tantas, por su lucha contra las opresiones a que fueron sometidos durante varios gobiernos de la \u00e9poca. Tras el asalto al Cuartel Moncada, junto con su esposo, Amaro Iglesias, rescat\u00f3 los cad\u00e1veres de os revolucionarios ca\u00eddos para darles una digna sepultura. Como comentarista de la CMKC radio, fue una las pocas asistentes al jucidio por los sucesos de Moncada y fue este el medio m\u00e1s importante para el M-26-7. Tambi\u00e9n fund\u00f3 el Frente de Mujeres Cubanas que se adhiere al movimiento. En 1958 fue detenida, argument\u00f3 estar enferma y sali\u00f3 tres meses despu\u00e9s, en libertad marc\u00f3 junto con su esposo a la Sierra Maestra. Estaba en La Patera cuando se entera que Batista ha caido y se traslada hasta Palma Soriano, donde se encuentra con Fidel Castro para acompa\u00f1arlo en su entrada triunfal a Santiago de Cuba. Falleci\u00f3 el 26 de agosto de 1987.<\/p>\n\n\n\n<p class=\"has-large-font-size wp-block-paragraph\"><strong>19<\/strong><\/p>\n\n\n\n<p class=\"wp-block-paragraph\"><strong>1848, <\/strong>en la localidad de <strong>Seneca Falls<\/strong>, Nueva York, se realiz\u00f3 la <strong>Primera Convenci\u00f3n Feminista<\/strong> que dio inicio al primigenio movimiento feminista estadounidense. Las fundadoras, Lucrecia Mott (1793-1870), Elizabeth Cady Stanton (1815-1902) y Margaret Fuller (1810-1850), aprueban la Declaraci\u00f3n de Seneca Falls o la <em>Declaraci\u00f3n de Sentimientos<\/em>, que entre sus puntos principales, rechaza todas aquellas leyes que \u201cimpiden que las mujeres ocupen en la sociedad la posici\u00f3n que su conciencia les dicte, o que las sit\u00faen en una posici\u00f3n inferior a la del hombre\u201d.<\/p>\n\n\n\n<p class=\"wp-block-paragraph\">1846, nace en Tlalnepantla, Estado de M\u00e9xico, <strong>Luz Acosta de Verdad<\/strong>, pianista. Su precocidad fue motivo de admiraci\u00f3n en el ambiente musical de la \u00e9poca. Casi una ni\u00f1a fue admitida en la Sociedad Filarm\u00f3nica. Viaj\u00f3 a los Estados Unidos para perfeccionar sus estudios y al retornar fue designada profesora de la Escuela de Artes y Oficios.<\/p>\n\n\n\n<p class=\"wp-block-paragraph\"><strong>2003, <\/strong>ala edad de cien a\u00f1os, fallece en Santiago de Chile, <strong>Elena Caffarena<\/strong> (1903-2003), pionera de los derechos de las mujeres y feminista de la primera hora. Fue una de las fundadoras del Movimiento Pro Emancipaci\u00f3n de la Mujer Chilena (MEMCH) en la d\u00e9cada de 1940 y una figura clave en la obtenci\u00f3n del sufragio femenino en Chile.<\/p>\n\n\n\n<p class=\"wp-block-paragraph\"><strong>2011<\/strong>, muere la periodista <strong>Gloria Salas de Calder\u00f3n<\/strong>. Fund\u00f3 en 1969 la Asociaci\u00f3n Mundial de Mujeres Periodistas y Escritoras (AMMPE). Logr\u00f3 una de las primeras bibliotecas de la segunda ola del feminismo y la don\u00f3 a CIMAC en 1988. Fund\u00f3 el Premio \u201cRosario Castellanos\u201d, para periodistas y escritoras que visibilizan la condici\u00f3n social de las mujeres.<\/p>\n\n\n\n<p class=\"wp-block-paragraph\"><strong>1921<\/strong>, nace en el Bronx, Nueva York, Estados Unidos, la investigadora y Premio Nobel de Fisiolog\u00eda y Medicina (1977), <strong>Roselyn Sussman<\/strong>. Premio que compati\u00f3 con el polaco Andrew V. Schally y el franc\u00e9s Roger Guillemin, por sus aportaciones cient\u00edficas en el terreno de las hormonas p\u00e9ptidos del radioinmunoensayo. En 1976 fue la primera mujer a quien se le otorg\u00f3 el&nbsp;Premio Albert Lasker. Feminista que en su laboratorio puso un cartel que dec\u00eda: <em>Cualquiera sea lo que haga una mujer debe hacerlo el doble de bien que un hombre para que sea considerada la mitad de buena<\/em>\u200b\u201d. Tambi\u00e9n dec\u00eda que \u201c<em>si las mujeres queremos estar en permanente ascenso, debemos demostrar que somos competentes, que tenemos coraje y que contamos con la determinaci\u00f3n necesaria para triunfar<\/em>\u201d.<\/p>\n\n\n\n<p class=\"wp-block-paragraph\"><strong>1850<\/strong>, muere en Estados Unidos la escritora <strong>Margaret Fuller<\/strong>, periodista y defensora de los derechos humanos de las mujeres. Cr\u00edtica literaria del New York Tribune.A mediados de la d\u00e9cada de 1840 organiz\u00f3 grupos de discusi\u00f3n de mujeres, en los que se hablaba de temas variados, como el arte, la educaci\u00f3n y los derechos de la mujer, ah\u00ed fue donde desarroll\u00f3 su obra m\u00e1s importante:&nbsp;<em>Woman in the Nineteenth Century<\/em>&nbsp;(<em>Mujeres en el siglo XIX<\/em>), que trata de la independencia de la mujer y de la necesidad de cambiar la desigualdad de las relaciones entre sexos. Del peri\u00f3dico fue corresponsal en Europa, entrevist\u00f3 a destacados escritores como&nbsp;George Sand&nbsp;y&nbsp;Thomas Carlyle. En 1847, se cas\u00f3 con Giovanni Ossoli, italino, con quien muri\u00f3 en 1950 cuando el barco que los trasportaba a Am\u00e9rica se hundi\u00f3 junto a&nbsp;Nueva York.<\/p>\n\n\n\n<p class=\"has-large-font-size wp-block-paragraph\"><strong>20<\/strong><\/p>\n\n\n\n<p class=\"wp-block-paragraph\"><strong>1500<\/strong>, en Espa\u00f1a,&nbsp;<strong>Isabel La Cat\u00f3lica&nbsp;<\/strong>decreta, mediante una \u00abreal c\u00e9dula\u00bb, que se devuelvan a sus tierras de origen a todos los&nbsp;<a href=\"https:\/\/www.ecured.cu\/Ind%C3%ADgena\">ind\u00edgenas<\/a>&nbsp;que los conquistadores hab\u00edan secuestrado y llevado encadenados a Espa\u00f1a.<\/p>\n\n\n\n<p class=\"wp-block-paragraph\"><strong>1965<\/strong>, naci\u00f3 en Monclova, Coahuila, <strong>Elisa Cobas Flores<\/strong>, doctora en ingenier\u00eda ambiental por la Universidad Carnegie Mellon, Pensilvania, Estados Unidos. Destaca por sus investigaciones en la elaboraci\u00f3n de un pilar sorel, a trav\u00e9s de la tecnolog\u00eda de sistemas para el desarrollo de negocios. Profesora a distancia de cursos de alta tecnolog\u00eda en Australia, Nueva Zelanda, China, India y Singapur. Integrante de la Sociedad Internacional de Ingenieros Automotrices.<\/p>\n\n\n\n<p class=\"wp-block-paragraph\"><strong>1977, <\/strong>la escritora y promotora cultural <strong>Victoria Ocampo<\/strong> es la primera mujer en ingresar a la Academia de Letras Argentinas, rompiendo una larga trayectoria de misoginia de esa instituci\u00f3n. Ocampo fue una de las personalidades m\u00e1s relevantes de la cultura en Argentina. Naci\u00f3 en Buenos Aires el 7 de abril de 1890 y muri\u00f3 el 27 de enero de 1979.<\/p>\n\n\n\n<p class=\"wp-block-paragraph\"><strong>1989<\/strong>, nace en San Luis Potos\u00ed, la raquetbolista profesional mexicana <strong>Paola Longoria<\/strong>. Tres veces campeona mundial de la Federaci\u00f3n Internacional de Racquetball en las categor\u00edas individual como dobles femeniles, siendo la primera jugadora en obtener ambos t\u00edtulos simult\u00e1neamente. N\u00famero 1 del <em>Women\u00b4s Profesional Racquetball <\/em>y la primera mexicana en obtener el puesto n\u00famero 1 del ranking profesional, en la final de la temporada 2008-2009 y en la temporada 2009-2010. La revista Forbes M\u00e9xico la ubic\u00f3 como una de las 50 mujeres m\u00e1s influyentes de M\u00e9xico.<\/p>\n\n\n\n<p class=\"has-large-font-size wp-block-paragraph\"><strong>21<\/strong><\/p>\n\n\n\n<p class=\"wp-block-paragraph\"><strong>1917<\/strong>, nace en Pachuca, Hidalgo, la poeta y periodista cultural <strong>Margatira Michelena<\/strong>. Fund\u00f3 y dirigi\u00f3 en 1980 el diario Cuesti\u00f3n, hecho exclusivamente por mujeres que llev\u00f3 por lema <em>La expresi\u00f3n de la mujer en la noticia<\/em>. Estudi\u00f3 en la Facultad de Filosof\u00eda y Letras de la UNAM. Colaboradora de Exc\u00e9lsior. A partir de 1980 dirige el suplemento La Cultura en M\u00e9xico de la revista Siempre! Guionista de la XEW y colabor\u00f3 por lo menos en una docena de medios culturales nacionales y extranjeros. En 1962 fue directora de la revista literaria El Libro y el Pueblo, publicada por la SEP, y m\u00e1s tarde la revista Respuesta. Fue encargada de prensa, del departamento de Turismo (1967). \u201cMi biograf\u00eda est\u00e1 en los versos\u201d, dijo alguna vez. Falleci\u00f3 el 27 de marzo de 1998.<\/p>\n\n\n\n<p class=\"wp-block-paragraph\"><strong>1920<\/strong>, nace en Xalapa, Veracruz, <strong>Carmen Galv\u00e1n del R\u00edo<\/strong>. Estudiosa del folclor, dej\u00f3 una obra voluminosa de recuperaci\u00f3n de fiestas y costumbres. Es autora del m\u00e1s original recuento de la pintura folcl\u00f3rica. Muri\u00f3 en su tierra en 1997.<\/p>\n\n\n\n<p class=\"wp-block-paragraph\"><strong>1960, <\/strong>en Ceil\u00e1n, Shiri Lanka, <strong>Sirimavo Bandaranaike<\/strong> se convierte en la primera mujer en el mundo en ser elegida Primer Ministra, cargo que desempe\u00f1\u00f3 en tres ocasiones: 1960-1965, 1970-1977, 1994-2000. A la muerte de su esposo Solomon Bandaranaike, asumi\u00f3 la presidencia del partido Fredom Party por cuatro d\u00e9cadas. En 1972 convirti\u00f3 a Ceil\u00e1n en la Rep\u00fablica de Sri Lanka. Naci\u00f3 en Colombo el 17 de abril de 1916 y muri\u00f3 el 10 de octubre de 2000.<\/p>\n\n\n\n<p class=\"has-large-font-size wp-block-paragraph\"><strong>22<\/strong><\/p>\n\n\n\n<p class=\"wp-block-paragraph\"><strong>1908, <\/strong>en Antofagasta, Chile, nace <strong>Lenka Franulic<\/strong> figura destacada del periodismo chileno. En 1957 recibi\u00f3 el Premio Nacional de Periodismo y, en 1958, recibi\u00f3 un reconocimiento de la Sociedad Profesional de Mujeres Periodistas de Estados Unidos. Fue considerada maestra en el campo del reportaje y la entrevista. Fund\u00f3 el C\u00edrculo de Periodistas de Santiago y promovi\u00f3 la fundaci\u00f3n de la primera Escuela de Periodismo de la Universidad de Chile. Muri\u00f3 un 25 de mayo de 1961, en Santiago de Chile.<\/p>\n\n\n\n<p class=\"wp-block-paragraph\"><strong>1948<\/strong>, nace en Madrid, Espa\u00f1a, <strong>Ana Palacio<\/strong>, ministra de Asuntos Exteriores del Gobierno de Espa\u00f1a entre 2002 y 2004. Diputada en el Parlamento Europeo (1994-2002) y en el Congreso de su pa\u00eds entre 2004 y 2006 electa por Toledo. Su filiaci\u00f3n pol\u00edtica la ha desarrollado con el Partido Popular. En 2006 fue nombrada vicepresidenta del Banco Mundial, cargo al que renunci\u00f3 en 2008. Ese mismo a\u00f1o fue nombrada vicepresidenta del grupo p\u00fablico franc\u00e9s de tecnolog\u00eda nuclear Areva (el gigante nuclear). En 2012, por real decreto fue nombrada consejera electiva del Consejo de Estado hasta 2018.<\/p>\n\n\n\n<p class=\"wp-block-paragraph\"><strong>1981, D\u00eda Internacional por la reivindicaci\u00f3n del Trabajo Dom\u00e9stico de las Mujeres<\/strong>, propuesta del Primer Encuentro Feminista de Latinoam\u00e9rica y el Caribe, en Bogot\u00e1, Colombia, e instaurado por el Segundo Encuentro realizado en Lima, Per\u00fa, en 1983. Hoy se llama Econom\u00eda del Cuidado.<\/p>\n\n\n\n<p class=\"wp-block-paragraph\"><strong>2014<\/strong>, la doctora en gen\u00e9tica, <strong>Mar\u00eda Teresa Tusi\u00e9 Luna<\/strong>, dio a conocer el descubrimiento de un gen denominado HNF1A, relacionado con una rara forma de diabetes, presente en aproximadamente 2 por ciento de personas que padecen el tipo 2 de esa enfermedad en M\u00e9xico. El 24 de enero del 2001, recibi\u00f3 en Espa\u00f1a, el Premio Reina Sof\u00eda junto con otros investigadores de la Unidad de Gen\u00e9tica de la Nutrici\u00f3n. Es integrante de la Comisi\u00f3n Nacional para el Genoma Humano.<\/p>\n\n\n\n<p class=\"has-large-font-size wp-block-paragraph\"><strong>23<\/strong><\/p>\n\n\n\n<p class=\"wp-block-paragraph\"><strong>1940, n<\/strong>ace en La Habana, Cuba, <strong>Mirta Pl\u00e1<\/strong>, una de las cuatro mejores bailarinas cl\u00e1sicas de Cuba. Inici\u00f3 su carrera en la d\u00e9cada en 1950, con el ballet de Alicia Alonso, hoy Ballet Nacional de Cuba. Logr\u00f3 varias distinciones en su pa\u00eds, entre ellas el Premio Nacional de Danza 2003, falleci\u00f3 ese mismo a\u00f1o un 21 de septiembre.<\/p>\n\n\n\n<p class=\"wp-block-paragraph\"><strong>1963<\/strong>, nace en Ciudad Cuauht\u00e9moc, Chihuahua, <strong>Marina Arvizu<\/strong>, administradora de empresas, pol\u00edtica, periodista, diputada federal por el Partido Alternativa Social Dem\u00f3crata (2006-2009). Logr\u00f3 el primer acuerdo legislativo para que los militares sean juzgados en los tribunales civiles por delitos contra la poblaci\u00f3n. Fue representante en el IFE del Partido Alternativa Socialdem\u00f3cata (PAS), fund\u00f3 el Partido M\u00e9xico Posible y el Partido Alternativa Social Dem\u00f3crata, antecedente del PAS. Diputada federal de la&nbsp;LX Legislatura del Congreso de la Uni\u00f3n de M\u00e9xico, donde present\u00f3 18 iniciativas, por ejemplo,&nbsp;el 14 de diciembre de 2006, por el cual exhortaba al Instituto Federal Electoral a reducir el financiamiento p\u00fablico de los partidos pol\u00edticos y destinar los recursos derivados de dicha reducci\u00f3n al rubro de ciencia y tecnolog\u00eda. Form\u00f3 parte de organizaciones feministas.<\/p>\n\n\n\n<p class=\"wp-block-paragraph\">1997, Las perredistas <strong>Patria Jim\u00e9nez, Laura Itzel Castillo, Rosario Robles y Georgina Rangel <\/strong>presentaron a Porfirio Mu\u00f1oz Ledo, coordinador de la Fracci\u00f3n Parlamentaria del PRD en la C\u00e1mara de Diputados, la propuesta para crear la Comisi\u00f3n Especial de Equidad de G\u00e9nero en la C\u00e1mara de Diputados. Hoy Comisi\u00f3n de Igualdad de G\u00e9nero.<\/p>\n\n\n\n<p class=\"has-large-font-size wp-block-paragraph\"><strong>24<\/strong><\/p>\n\n\n\n<p class=\"wp-block-paragraph\"><strong>1898<\/strong>, nace en Atchison, Kansas, EE.UU., <strong>Amelia Earhart<\/strong>, la primera pilota que atraves\u00f3 el Atl\u00e1ntico en solitario. \u201cCuando ascend\u00ed hasta los sesenta o noventa metros supe que ten\u00eda que volar\u00bb, escribi\u00f3 tras su primera experiencia de vuelo el 28 de diciembre de 1920. Enfermera voluntaria en la Primera Guerra Mundial atendi\u00f3 pilotos heridos en combate, fue entonces cuando fue \u201cpicada por el gusanillo de la aviaci\u00f3n\u201d. Sus primeras lecciones se las dio otra mujer: Neta Snook. En 1922 compr\u00f3 El Canario, aeronave con la que implant\u00f3 su primer record al volar a 14 mil pies de altura. En 1923 consigui\u00f3 la licencia de pilota y forma parte de la Asociaci\u00f3n Aeron\u00e1utica Internacional (1927). Cruz\u00f3 el atl\u00e1ntico junto con el piloto Wilmer Stultz y al mec\u00e1nico Louis Gordon el 3 de junio de 1928. En <strong>1935, efectu\u00f3 la traves\u00eda en solitario entre Honolul\u00fa (Haw\u00e1i) y Oakland (California), un trayecto que nadie hab\u00eda logrado. En 1936 recorri\u00f3, durante 14 horas, la distancia entre Ciudad de M\u00e9xico y Nueva York. El 2 de julio de 1937, junto con su copiloto Frederick J. Noonan, desaparecieron, nunca fueron encontrados. Estaban muy cerca de una isla en Australia, hab\u00edan recorrido 33 mil kil\u00f3metros, como parte de un viaje iniciado un mes antes que pretend\u00eda seguir la l\u00ednea del ecuador.<\/strong><\/p>\n\n\n\n<p class=\"wp-block-paragraph\"><strong>1929<\/strong>, naci\u00f3 en la capital poblana <strong>Esperanza Ramos de Naranjo<\/strong>, primera diputada local de ese estado en la XLII Legislatura local (1963-1966). Sindicalista, Secretaria General de la CROM. Muri\u00f3 el 5 de noviembre de 2008. Inici\u00f3 su trabajo pol\u00edtico en 1945, en 1947 y 1960 fue nombrada secretaria de Acci\u00f3n Femenil del Comit\u00e9 Ejecutivo Regional (PRI) y en 1954 fue Oficial Mayor de ese organismo pol\u00edtico.<\/p>\n\n\n\n<p class=\"wp-block-paragraph\"><strong>1950<\/strong>, naci\u00f3 en Ciudad Guadalupe, Nuevo Le\u00f3n, <strong>Mar\u00eda Cristina Rodr\u00edguez Padilla<\/strong>, qu\u00edmica bi\u00f3loga parasit\u00f3loga, egresada de la Universidad Aut\u00f3noma de Nuevo Le\u00f3n (UANL); maestra y doctora en ciencias biol\u00f3gicas, con especialidad en inmunolog\u00eda, por la Escuela Nacional de Ciencias Biol\u00f3gicas del IPN. Ha recibido 22 premios por sus trabajos de investigaci\u00f3n en la b\u00fasqueda de tratamientos utilizando la inmunoterapia en pacientes. En octubre de 2019 ingres\u00f3 a la H. Junta de Gobierno de la UANL para el periodo 2019-2030.<\/p>\n\n\n\n<p class=\"has-large-font-size wp-block-paragraph\"><strong>25<\/strong><\/p>\n\n\n\n<p class=\"wp-block-paragraph\"><strong>1920, n<\/strong>ace en Londres, Inglaterra, <strong>Rosalind Franklin<\/strong>. Destacada cient\u00edfica. Sus primeros trabajos de investigaci\u00f3n permitieron m\u00e1s tarde encontrar las pistas para el descubrimiento del ADN logrado m\u00e1s adelante por los cient\u00edficos James Watson, Francis Crik y Maurice Wilkins, con quienes ella comparti\u00f3 sus experimentos. Franklin trabaj\u00f3 en un ambiente mis\u00f3gino y sus aportes fueron minimizados por sus colegas. Cuando en 1962 el Premio Nobel de Fisiolog\u00eda fue adjudicado a los tres cient\u00edficos mencionados, el nombre de Rosalind Franklin no fue considerado.<\/p>\n\n\n\n<p class=\"wp-block-paragraph\"><strong>1932<\/strong>, nace en la Ciudad de M\u00e9xico, <strong>Esperanza Brito de Mart\u00ed<\/strong>. Periodista, fundadora del Movimiento Nacional de Mujeres (1972). Luch\u00f3 por la despenalizaci\u00f3n del aborto. Contribuy\u00f3 a la creaci\u00f3n de las agencias de delitos sexuales en la capital del pa\u00eds. Fue directora de la revista FEM. Falleci\u00f3 el 16 de agosto de 2007.<\/p>\n\n\n\n<p class=\"wp-block-paragraph\"><strong>1940<\/strong>, nace en la ciudad de M\u00e9xico <strong>Lourdes Grobet<\/strong>, fot\u00f3grafa. En 2005 realiz\u00f3 fotograf\u00edas del Polo Norte. Su obra se ha publicado en libros, folletos y grandes ediciones. Destac\u00f3 por su serie de mujeres luchadoras.<\/p>\n\n\n\n<p class=\"wp-block-paragraph\"><strong>1945,<\/strong> tuvo lugar el mitin que reuni\u00f3 a cinco mil mujeres en la Arena M\u00e9xico para solicitar al candidato presidencial Miguel Alem\u00e1n <strong>el voto femenino universal.<\/strong> El candidato ofreci\u00f3 otorgarlo en el \u00e1mbito municipal y pidi\u00f3 no olvidar su papel: \u201c\u2026la madre incomparable, la esposa abnegada y hacendosa, la hermana leal y la hija recatada\u2026\u201d. Alem\u00e1n env\u00edo al congreso la reforma al 115 Constitucional.<\/p>\n\n\n\n<p class=\"wp-block-paragraph\"><strong>1955<\/strong>, naci\u00f3 en Monterrey, Nuevo Le\u00f3n, <strong>Marisela Pando Moreno<\/strong>, nominada en 2005 como la Mujer Cient\u00edfica de Nuevo Le\u00f3n. Considerada una de las primeras agr\u00f3nomas del pa\u00eds, especialista en ecolog\u00eda de ecosistemas terrestres y en manejo y restauraci\u00f3n de zonas \u00e1ridas y semi\u00e1ridas. Ingeniera agr\u00f3noma fitotecnista, maestra en ciencias por la Universidad de Adelaide, Australia y doctora en geograf\u00eda por la UNAM. Colabora en la Sociedad de Especialistas Latinoamericanos, en el tema de Percepci\u00f3n Remota.<\/p>\n\n\n\n<p class=\"wp-block-paragraph\"><strong>1956,<\/strong> nace en Pittsburgh, <strong>Frances Hamilton Arnold<\/strong>, ingeniera qu\u00edmica, Premio Nobel de Qu\u00edmica en 2018, junto con George Smith y Gregory Winter. Pionera en la investigaci\u00f3n de m\u00e9todos de evoluci\u00f3n dirigida a crear sistemas biol\u00f3gicos \u00fatiles. Primera cient\u00edfica en aplicar la evoluci\u00f3n dirigida a la optimizaci\u00f3n de las enzimas en 1993.<\/p>\n\n\n\n<p class=\"wp-block-paragraph\"><strong>1978, <\/strong>la inglesa <strong>Lesley Brown<\/strong> da a luz a su hija Louise, la primera beb\u00e9 probeta en el mundo concebida por fecundaci\u00f3n in vitro, haza\u00f1a lograda luego de una larga etapa de experimentaci\u00f3n, por un equipo de cient\u00edficos liderado por Robert Edwards quien en 2016 recibi\u00f3 el Premio Nobel de Medicina. Lesley Brown falleci\u00f3 el 6 de junio de 2017 en Bristol a la edad de 66 a\u00f1os.<\/p>\n\n\n\n<p class=\"wp-block-paragraph\"><strong>1992<\/strong>, se declara el <strong>D\u00eda Internacional de la Mujer Afrolatinoamericana<\/strong> <strong>y Afrocaribe\u00f1a<\/strong>, declarado por mujeres afrodescendientes y afrocaribe\u00f1as reunidas en el Primer Encuentro de Mujeres Negras en Rep\u00fablica Dominicana ese a\u00f1o.<\/p>\n\n\n\n<p class=\"wp-block-paragraph\"><strong>2007<\/strong>, en la India, <strong>Pratibha Devisingh Patul<\/strong> se convierte en la primera presidenta electa. Naci\u00f3 el 19 de diciembre de 1934 en Maharastra. Abogada y ex legisladora. Su tarea es mayormente ceremonial y debe preservar la constituci\u00f3n. Ha desarrollado una carrera propia. Antes hab\u00eda sido gobernadora Rayast\u00e1n. Diputada estatal a la edad de 27 a\u00f1os, cargo en el que estuvo durante d\u00e9cadas.<\/p>\n\n\n\n<p class=\"has-large-font-size wp-block-paragraph\"><strong>26<\/strong><\/p>\n\n\n\n<p class=\"wp-block-paragraph\"><strong>1952<\/strong>, en Buenos Aires, Argentina, fallece Eva Duarte, m\u00e1s conocida como <strong>Evita Per\u00f3n<\/strong>, figura carism\u00e1tica de la pol\u00edtica argentina. Al contraer matrimonio con el General Juan Domingo Per\u00f3n se convirti\u00f3 en su m\u00e1s estrecha colaboradora durante su gobierno. Realiz\u00f3 una importante obra social e impuls\u00f3 la creaci\u00f3n de la rama femenina del Partido Peronista, e influy\u00f3 en la decisi\u00f3n de Per\u00f3n de otorgar el sufragio femenino en 1947. Naci\u00f3 un 7 de mayo de 1919 en Jun\u00edn.<\/p>\n\n\n\n<p class=\"wp-block-paragraph\"><strong>1925<\/strong>, nace en Barcelona, <strong>Ana Mar\u00eda Matute Ausejo<\/strong>. Escritora, ocup\u00f3 el asiento K en la Real Academia Espa\u00f1ola y Premio Cervantes en 2010. En 1976 fue propuesta para el&nbsp;Premio Nobel de Literatura. Fue integrante de la&nbsp;Sociedad Hisp\u00e1nica de Am\u00e9rica. Un premio literario que lleva su nombre y sus libros han sido traducidos a 23 idiomas. En 2007, Premio Nacional de las Letras Espa\u00f1olas. Su obra literaria comprende novelas, obras literarias infantiles y relatos cortos.<\/p>\n\n\n\n<p class=\"has-large-font-size wp-block-paragraph\"><strong>27<\/strong><\/p>\n\n\n\n<p class=\"wp-block-paragraph\"><strong>1927, e<\/strong>n T\u00fanez nace <strong>Gisele Halimi<\/strong>, escritora y abogada y una las activistas m\u00e1s destacadas del feminismo franc\u00e9s durante el decenio de 1970. Estuvo entre las firmantes del \u201cManifiesto de las 343\u201d redactado por Simone de Beauvoir y publicado en el diario <em>Le Monde <\/em>el 5 de abril de 1971, en el que mujeres intelectuales, escritoras, artistas y periodistas declararon p\u00fablicamente haber abortado alguna vez. Halimi encabez\u00f3 la campa\u00f1a a favor del uso de m\u00e9todos anticonceptivos y se hizo famosa al asumir la defensa de la joven argelina Djamila Boupacha, quien fue violada durante la revoluci\u00f3n de Argel. Su libro <em>La Causa de las Mujeres<\/em>, publicado en 1973, es un relato de su infancia en T\u00fanez y su rebeld\u00eda contra las normas y valores religiosos, su aparici\u00f3n caus\u00f3 gran impacto p\u00fablico.<\/p>\n\n\n\n<p class=\"wp-block-paragraph\"><strong>1929<\/strong>, en el Teatro Ideal de la Ciudad de M\u00e9xico se estrena la comedia Cuando las hojas caen, de la escritora y dramaturga A<strong>malia Gonz\u00e1lez Caballero de Castillo Led\u00f3n<\/strong>. Ampliamente conocida por su actividad pol\u00edtica, diplom\u00e1tica y como una de las impulsoras del sufragio femenino en M\u00e9xico, muri\u00f3 el 3 de junio de 1986. Naci\u00f3 el 18 de 1898, en Santander Jim\u00e9nez, Tamaulipas.<\/p>\n\n\n\n<p class=\"wp-block-paragraph\"><strong>1999<\/strong>, se crea por ley el <strong>Instituto Sudcaliforniano de la Mujer<\/strong>, como organismo p\u00fablico descentralizado.<\/p>\n\n\n\n<p class=\"wp-block-paragraph\"><strong>1987<\/strong>, se form\u00f3 la <strong>Asociaci\u00f3n Mexicana de Mujeres en la Ciencia (AMMEC)<\/strong>, con el prop\u00f3sito de estimular la participaci\u00f3n de la mujer en la ciencia y promover el desarrollo profesional de las cient\u00edficas.<\/p>\n\n\n\n<p class=\"has-large-font-size wp-block-paragraph\"><strong>28<\/strong><\/p>\n\n\n\n<p class=\"wp-block-paragraph\"><strong>1934, <\/strong>en Par\u00eds, Francia, se realiza el Congreso Femenino Internacional contra la Guerra. Fue presidido por <strong>Gabrielle Duchene<\/strong>, activa pacifista francesa que lider\u00f3 la Asamblea Mundial de Mujeres y presidi\u00f3 el Comit\u00e9 Mundial de Mujeres en contra la Guerra y el Fascismo (CMF). Particip\u00f3 activamente en la secci\u00f3n francesa de la&nbsp;Liga Internacional de Mujeres por la Paz y la Libertad&nbsp;(WILPF). Esta organizaci\u00f3n fue una rama del Comit\u00e9 Mundial contra la Guerra y el Fascismo que actu\u00f3 en la d\u00e9cada de 1930. Naci\u00f3 en Par\u00eds el 26 de febrero de 1870 y muri\u00f3 el 3 de agosto de 1954.<\/p>\n\n\n\n<p class=\"wp-block-paragraph\"><strong>1929<\/strong>, nace en la Ciudad de M\u00e9xico, <strong>Helen Escobedo Fulda<\/strong>, una de las artistas pl\u00e1sticas m\u00e1s influyentes en el panorama art\u00edstico de nuestro pa\u00eds. Inici\u00f3 sus estudios escult\u00f3ricos con Germ\u00e1n Cueto (1893-1975). Fue directora de Artes Pl\u00e1sticas del Departamento de Difusi\u00f3n Cultural de la UNAM. Estudi\u00f3 en el Royal College of Art de Londres. Su primera exposici\u00f3n fue en 1957 en la Galer\u00eda de Arte de In\u00e9s Amor. Muri\u00f3 el 16 de septiembre de 2010.<\/p>\n\n\n\n<p class=\"wp-block-paragraph\"><strong>1939<\/strong>, naci\u00f3 en la ciudad de Oaxaca <strong>Martha Pazos Ortiz<\/strong>, primera diputada local de su entidad en el periodo 1965-1968. Activa promotora de los derechos sociales de las mujeres y de las ind\u00edgenas.<\/p>\n\n\n\n<p class=\"wp-block-paragraph\"><strong>1954<\/strong>, muri\u00f3 en Tlaxcala <strong>Paulina Maraver Cort\u00e9s<\/strong>, educadora y pionera de la Revoluci\u00f3n Mexicana. Las mujeres tlaxcaltecas destacadas en pol\u00edtica reciben una presea con su nombre.<\/p>\n\n\n\n<p class=\"wp-block-paragraph\"><strong>1956, <\/strong>en el Per\u00fa, <strong>una senadora y ocho diputadas<\/strong> ingresan por primera vez al Parlamento luego de haber sido elegidas en los comicios presidenciales de 1955, donde las mujeres votaron por primera vez.<\/p>\n\n\n\n<p class=\"wp-block-paragraph\">2011, aparece en el diario <strong>El Clar\u00edn de Chile<\/strong> una entrevista a la fil\u00f3sofa feminista <strong>Fernanda Navarro<\/strong>, quien fund\u00f3 el curso Feminismo y Filosof\u00eda y es directora de la Escuela de Filosof\u00eda de la Universidad Nicola\u00edta. Cre\u00f3 en Michoac\u00e1n (1979) el grupo \u201cVen seremos\u201d. Es activista por los derechos de las mujeres. Particip\u00f3 en el Tribunal de la Comuna por la Humanidad en Londres y en los primeros encuentros feministas en M\u00e9xico. Deline\u00f3 una agenda feminista para la entidad.<\/p>\n\n\n\n<p class=\"has-large-font-size wp-block-paragraph\"><strong>29<\/strong><\/p>\n\n\n\n<p class=\"wp-block-paragraph\"><strong>1897<\/strong>, nace en la ciudad de M\u00e9xico, <strong>Sof\u00eda Cancino de Cuevas<\/strong>, compositora, pianista, cantante. Primera directora de la Orquesta Sinf\u00f3nica Mexicana. En 1944 fund\u00f3 la Escuela de \u00d3pera. Creo una inmensa obra, que a\u00fan est\u00e1 in\u00e9dita. En 1936 asisti\u00f3 a la XV Reuni\u00f3n Femenina Iberoamericana, donde mujeres de diversas nacionalidades presentaron sus obras musicales. Ella present\u00f3 su obra Michoac\u00e1n.&nbsp; Muri\u00f3 el 16 de diciembre de 1982.<\/p>\n\n\n\n<p class=\"wp-block-paragraph\"><strong>1932<\/strong>, naci\u00f3 en Villa de \u00c1lvarez, Colima, <strong>Martha Due\u00f1as Gonz\u00e1lez<\/strong>, primera presidenta municipal a la edad de 27 a\u00f1os en el trienio del 1 de enero de 1959 al 31 de diciembre de 1961. Contadora P\u00fablica de profesi\u00f3n. Falleci\u00f3 a los 39 a\u00f1os de edad el 4 de abril de 1972. El Ayuntamiento de Villa de \u00c1lvarez (1986-1988) impuso su nombre a una escuela de educaci\u00f3n preescolar y a una calle en la cabecera municipal. En 1975, el Poder legislativo del estado otorga la Presea Martha Due\u00f1as a mujeres que se hayan distinguido en el servicio p\u00fablico; el 28 de marzo de 2006 un busto con su efigie la honra en la rotonda de personajes ilustres de Villa de \u00c1lvarez. En 2020 en el marco conmemorativo del D\u00eda internacional de la mujer, el mismo Ayuntamiento entrega el reconocimiento Mar\u00eda Martha Due\u00f1as Gonz\u00e1lez a la mujer del a\u00f1o en el municipio.<\/p>\n\n\n\n<p class=\"wp-block-paragraph\"><strong>1963<\/strong>, naci\u00f3 en la Ciudad de M\u00e9xico, <strong>Eugenia Corvera Poir\u00e9<\/strong>, doctora en f\u00edsica cuya labor de investigaci\u00f3n, fue reconocida, en 2012, por la Comisi\u00f3n Europea con la distinci\u00f3n Marie Curie. Actualmente investiga diversos tipos de fluidos a distintas escalas espaciales, desde flujo de agua en nanoestructuras, hasta flujo de sangre en las arterias.<\/p>\n\n\n\n<p class=\"wp-block-paragraph\"><strong>2000<\/strong>, muri\u00f3 <strong>Marta Andrade del Rosal<\/strong>. La primera en presidir la asamblea de la C\u00e1mara de Diputados en 1965. Dedic\u00f3 a la pol\u00edtica m\u00e1s de 40 a\u00f1os de su vida. Maestra rural, gestora, militante de las causas femeniles y tres veces diputada federal. Ejerci\u00f3 el dif\u00edcil arte del di\u00e1logo y las alianzas. Inici\u00f3 las campa\u00f1as pol\u00edticas de puerta en puerta y gestion\u00f3 viviendas para madres solteras. A los casi 80 a\u00f1os fue delegada pol\u00edtica en Iztapalapa. Funcionaria p\u00fablica en el Distrito Federal y en el gobierno federal. En 1968 fue nombrada Mujer del A\u00f1o por su actividad pol\u00edtico-social. Fue Secretaria General del Comit\u00e9 Directivo del Partido Revolucionario Institucional (PRI) en la Ciudad de M\u00e9xico. Naci\u00f3 el 7 de febrero de 1920 en Nogales, Sonora.<\/p>\n\n\n\n<p class=\"wp-block-paragraph\"><strong>2003, <\/strong>fallece en Quito, Ecuador, <strong>Zonia Pal\u00e1n, <\/strong>economista y activista feminista de reconocida trayectoria. Ejerci\u00f3 la docencia en la Facultad de Econom\u00eda de la Pontificia Universidad Cat\u00f3lica de Ecuador. Fue una de las fundadoras de Mujeres por la Democracia e integrante de la Coordinadora Pol\u00edtica de Mujeres. Escribi\u00f3 y public\u00f3 libros y art\u00edculos sobre econom\u00eda desde una perspectiva feminista.<\/p>\n\n\n\n<p class=\"has-large-font-size wp-block-paragraph\"><strong>30<\/strong><\/p>\n\n\n\n<p class=\"wp-block-paragraph\"><strong>1848, <\/strong>en la localidad de Thornton, Yorkshire, Reino Unido, nace la escritora <strong>Emily Bront\u00eb<\/strong> (1848-1918). Hermana de Charlotte y Anne, conformaron un tr\u00edo de talentos por su importante contribuci\u00f3n a la literatura inglesa del siglo XIX. Emily fue una sensible poeta, pero su obra m\u00e1s importante es la novela <em>Cumbres Borrascosas<\/em> que, con el paso del tiempo, se convirti\u00f3 en un \u00e9xito de ventas y ha sido llevada al cine varias veces.<\/p>\n\n\n\n<p class=\"wp-block-paragraph\"><strong>1950, las mujeres votan por primera vez en Costa Rica <\/strong>durante el plebiscito para determinar si las poblaciones de La Tigra y La Fortuna se anexaban a San Carlos o se quedaban en San Ram\u00f3n. En 1953, participan en una elecci\u00f3n nacional. En esta ocasi\u00f3n, las tres primeras diputadas fueron Mar\u00eda Teresa Obreg\u00f3n de Dengo, Ana Rosa Chac\u00f3n y Estela Quezada.<\/p>\n\n\n\n<p class=\"wp-block-paragraph\"><strong>1952<\/strong>, naci\u00f3 en Tijuana, Baja California, <strong>Luz V\u00e1zquez Moreno<\/strong>, qu\u00edmica bi\u00f3loga con especialidad en an\u00e1lisis cl\u00ednicos y doctora en bioqu\u00edmica. Presidenta del Jurado Calificador del Premio Nacional en Ciencia y Tecnolog\u00eda de Alimentos, del cual forma parte desde 2002. Es evaluadora registrada en el Padr\u00f3n Nacional de Evaluadores de la Entidad Mexicana de Acreditaci\u00f3n (EMA). Es investigadora y responsable del Laboratorio de Residuos T\u00f3xicos, del Centro de Investigaci\u00f3n en Alimentaci\u00f3n y Desarrollo (CIAD), en Hermosillo, Sonora, que tiene registro EMA.<\/p>\n\n\n\n<p class=\"wp-block-paragraph\"><strong>1978<\/strong>, muri\u00f3 <strong>Celerina Oropeza de Gonz\u00e1lez<\/strong>, primera regidora electa en el municipio de Centro, Tabasco, quien hab\u00eda nacido el 3 de junio de 1888 en Frontera, Tabasco. Tambi\u00e9n tuvo a su cargo la educaci\u00f3n estatal y la direcci\u00f3n de la Escuela Normal del Maestro Tabasque\u00f1o. Fue declarada maestra em\u00e9rita e hija predilecta del estado de Tabasco.<\/p>\n\n\n\n<p class=\"wp-block-paragraph\"><strong>1989<\/strong>, muere en Jalisco, <strong>Emma Godoy<\/strong>. Escritora y locutora mexicana que se distingui\u00f3 por promover la defensa y la dignificaci\u00f3n de la vejez. Escribi\u00f3 biograf\u00edas, cuentos, novelas, poes\u00eda y fue cr\u00edtica de arte. Autora de ensayos filos\u00f3ficos. Resalta en su obra la religiosidad, el erotismo, la soledad y la angustia. Naci\u00f3 el 25 de marzo de 1918 en Guanajuato. Sus restos se encuentran en la Rotonda de las Personas Ilustres.<\/p>\n\n\n\n<p class=\"wp-block-paragraph\"><strong>2003, <\/strong>en Estados Unidos fallece <strong>Jude Milhon<\/strong> (1939-2003) pionera en el uso de las tecnolog\u00edas de informaci\u00f3n en la d\u00e9cada de 1970. Jude Milhon consideraba que era fundamental que las mujeres accedieran al manejo del Internet, como un primer paso para romper las barreras de la desigualdad. Fund\u00f3 <em>Computer Profesionals for Social Responsability<\/em>, con el objetivo de convertir a la red en una herramienta de gesti\u00f3n para la ciudadan\u00eda. Fue la primera en desarrollar el t\u00e9rmino ciberpunk.<\/p>\n\n\n\n<p class=\"wp-block-paragraph\"><strong>2003<\/strong>, la Asamblea General de la ONU design\u00f3 este d\u00eda como el <strong>D\u00eda Mundial contra la Trata.<\/strong> Se se\u00f1ala que el d\u00eda es necesario para \u201cconcienciar sobre la situaci\u00f3n de las v\u00edctimas del tr\u00e1fico humano y para promocionar y proteger sus derechos\u201d.<\/p>\n\n\n\n<p class=\"wp-block-paragraph\"><strong>2010<\/strong>, <strong>Rub\u00ed de Mar\u00eda G\u00f3mez Campos<\/strong> asume la direcci\u00f3n del Centro de Investigaci\u00f3n y Desarrollo de Michoac\u00e1n (CIDEM). Fil\u00f3sofa feminista nacida el 9 de octubre de 1961, dirigi\u00f3 el Instituto Michoacano de la Mujer (2002), y coordin\u00f3 y fund\u00f3 el Centro Interdisciplinario de Estudios de la Mujer del Instituto de Investigaciones Filos\u00f3ficas de la Universidad Nicolaita (1995). En 2015 recibi\u00f3 el Premio \u201cHermila Galindo\u201d. Forma parte del grupo de trabajo para la ejecuci\u00f3n de la Alerta de G\u00e9nero en Michoac\u00e1n. El feminismo es un humanismo se titula su obra m\u00e1s exitosa.<\/p>\n\n\n\n<p class=\"wp-block-paragraph\">1947, nace en Par\u00eds, <strong>Francoise Barr\u00e9-Sinoussi<\/strong>, Bioqu\u00edmica y Premio Nobel de Medicina en 2008, junto con Luc Montaigner y el cient\u00edfico alem\u00e1n Harald zur Hausen. Su trabajo ha sido pionero en la lucha contra el VIH-Sida. Ha sido presidenta de la Sociedad Internacional de SIDA (2012-2014). Sus contribuciones son diversos, entre ellos aspectos de la respuesta inmune adaptativa a la infecci\u00f3n viral, el papel de las defensas inmunitarias innatas del hu\u00e9sped en el control del VIH \/ SIDA,factores que intervienen en la transmisi\u00f3n de madre a hijo del VIH y las caracter\u00edsticas que permiten que algunas personas con VIH, conocidos como supresores de \u00e9lite o controladores, puedan limitar la replicaci\u00f3n del VIH sin medicamentos antirretrovirales.<\/p>\n\n\n\n<p class=\"has-large-font-size wp-block-paragraph\"><strong>31<\/strong><\/p>\n\n\n\n<p class=\"wp-block-paragraph\"><strong>1914, l<\/strong>a <strong>Alianza Internacional por el Voto de la Mujer<\/strong> entrega un petitorio al Ministerio de Relaciones de Gran Breta\u00f1a y a los embajadores extranjeros en Londres, pidiendo el voto femenino. El documento fue avalado por 12 millones de firmas de mujeres de 26 pa\u00edses del mundo.<\/p>\n\n\n\n<p class=\"wp-block-paragraph\"><strong>1925<\/strong>, naci\u00f3 en Tampico, Tamaulipas, <strong>Martha Ch\u00e1vez Padr\u00f3n<\/strong>. Se titul\u00f3 como como licenciada en Derecho el 30 de octubre de 1948, primera tamaulipeca en obtener un t\u00edtulo en una universidad. Primera senadora por Tamaulipas (1976-1982). Diputada federal (1982-1985) y ministra de la Suprema Corte de la Naci\u00f3n (1985-1994). Falleci\u00f3 el 2 de agosto de 2017, a escasos d\u00edas de haber celebrado su cumplea\u00f1os 92.<\/p>\n\n\n\n<p class=\"wp-block-paragraph\"><strong>1983, <\/strong>fallece en La Habana, Cuba, la escritora, periodista y defensora de los derechos de las mujeres <strong>Mariblanca Sabas Alom\u00e1<\/strong>. Considerada una de las fundadoras del feminismo cubano del decenio de 1940. Tuvo una notable trayectoria period\u00edstica y se comprometi\u00f3 activamente con el movimiento de oposici\u00f3n a la dictadura de Machado, sufriendo c\u00e1rcel y exilio. Perteneci\u00f3 al grupo literario Minorista. Escribi\u00f3 poes\u00eda y un pionero ensayo titulado <em>Feminismo.<\/em> Naci\u00f3 en Santiago de Cuba, el 10 de febrero de 1901.<\/p>\n\n\n\n<p class=\"wp-block-paragraph\"><strong>1952<\/strong>, naci\u00f3 en Tijuana, Baja California, <strong>Mar\u00eda de la Paz Elizalde Gonz\u00e1lez<\/strong>, fisicoqu\u00edmica e inventora en el campo de la absorci\u00f3n y cromatograf\u00eda (estudio del color). Sus inventos han sido registrados con cinco diferentes patentes. Estudi\u00f3 qu\u00edmica en la Benem\u00e9rita Universidad Aut\u00f3noma de Puebla y el doctorado en la Universidad Estatal de Mosc\u00fa M.V. Lomonosov, en la antigua URSS, se titul\u00f3 en 1981.<\/p>\n\n\n\n<p class=\"wp-block-paragraph\"><strong>1986<\/strong>, nace en La Paz, Baja California Sur, Paola Espinosa. Ha competido en cuatro ocasiones en Juegos Ol\u00edmpicos: Atenas 2004; Pekin 2008, donde fue abanderada de la selecci\u00f3n nacional; Londres 2012 y R\u00edo 2016. En Pekin obtuvo medalla de bronce en la prueba sincronizados en plataforma de 10 metros, con us compa\u00f1era Tatiana Ortiz. En 2009 gan\u00f3 medalla de oro en el Campeonato Mundial de Nataci\u00f3n (Roma, Italia); en los Juegos Ol\u00edmpicos de Londres gan\u00f3 plata, junto con Alejandra Orozco. En 2011, en Guadalajara, encendi\u00f3 el pebetero de los XVI Juegos Panamericanos. El 28 de noviembre de 2019 recibi\u00f3 el Premio Nacional del Deporte.<\/p>\n","protected":false},"excerpt":{"rendered":"<p>Lo que tenemos que recordar de Julio<\/p>\n","protected":false},"author":3,"featured_media":37673,"comment_status":"open","ping_status":"open","sticky":false,"template":"","format":"standard","meta":{"_monsterinsights_skip_tracking":false,"footnotes":""},"categories":[692,65],"tags":[],"class_list":["post-22659","post","type-post","status-publish","format-standard","has-post-thumbnail","category-692","category-efemerides"],"_links":{"self":[{"href":"https:\/\/redsemlac.com\/semmexico\/wp-json\/wp\/v2\/posts\/22659","targetHints":{"allow":["GET"]}}],"collection":[{"href":"https:\/\/redsemlac.com\/semmexico\/wp-json\/wp\/v2\/posts"}],"about":[{"href":"https:\/\/redsemlac.com\/semmexico\/wp-json\/wp\/v2\/types\/post"}],"author":[{"embeddable":true,"href":"https:\/\/redsemlac.com\/semmexico\/wp-json\/wp\/v2\/users\/3"}],"replies":[{"embeddable":true,"href":"https:\/\/redsemlac.com\/semmexico\/wp-json\/wp\/v2\/comments?post=22659"}],"version-history":[{"count":0,"href":"https:\/\/redsemlac.com\/semmexico\/wp-json\/wp\/v2\/posts\/22659\/revisions"}],"wp:featuredmedia":[{"embeddable":true,"href":"https:\/\/redsemlac.com\/semmexico\/wp-json\/wp\/v2\/media\/37673"}],"wp:attachment":[{"href":"https:\/\/redsemlac.com\/semmexico\/wp-json\/wp\/v2\/media?parent=22659"}],"wp:term":[{"taxonomy":"category","embeddable":true,"href":"https:\/\/redsemlac.com\/semmexico\/wp-json\/wp\/v2\/categories?post=22659"},{"taxonomy":"post_tag","embeddable":true,"href":"https:\/\/redsemlac.com\/semmexico\/wp-json\/wp\/v2\/tags?post=22659"}],"curies":[{"name":"wp","href":"https:\/\/api.w.org\/{rel}","templated":true}]}}