{"id":22543,"date":"2020-06-29T16:22:15","date_gmt":"2020-06-29T16:22:15","guid":{"rendered":"https:\/\/redsemlac.com\/semmexico\/?p=22543"},"modified":"2023-07-21T16:25:18","modified_gmt":"2023-07-21T21:25:18","slug":"diputadas-condenan-el-machismo-y-misoginia-de-ex-regidor-jalisciense","status":"publish","type":"post","link":"https:\/\/redsemlac.com\/semmexico\/diputadas-condenan-el-machismo-y-misoginia-de-ex-regidor-jalisciense\/","title":{"rendered":"Diputadas condenan el machismo y misoginia de ex regidor jalisciense"},"content":{"rendered":"\n<ul class=\"wp-block-list\"><li><strong>Ex regidor, Quirino Vel\u00e1zquez, uso un lenguaje machista disfrazado de libertad de expresi\u00f3n<\/strong><\/li><\/ul>\n\n\n\n<ul class=\"wp-block-list\"><li><strong> Llaman al diario La Verdad que public\u00f3 un texto en extremo machista<\/strong><\/li><\/ul>\n\n\n\n<p class=\"wp-block-paragraph\"><strong>Elda Montiel<\/strong><\/p>\n\n\n\n<p class=\"wp-block-paragraph\">SemM\u00e9xico, Cd. de M\u00e9xico, 29 de junio, 2020.- Las integrantes de la Comisi\u00f3n de G\u00e9nero de la C\u00e1mara de Diputados condenaron la l\u00ednea editorial del peri\u00f3dico <em>La Verdad<\/em>, de Tlajomulco de Z\u00fa\u00f1iga Jalisco, y en particular a su colaborador, Quirino Vel\u00e1zquez Buenrostro, por la publicaci\u00f3n de su \u00faltima columna, en la que utiliza conceptos en extremo mis\u00f3ginos, vulgares y deleznables hacia las mujeres.<\/p>\n\n\n\n<p class=\"wp-block-paragraph\">En un posicionamiento, conminan al ex regidor y al medio de comunicaci\u00f3n a conducirse libres de machismo disfrazado de libre expresi\u00f3n. Al partido pol\u00edtico, al cual est\u00e1 empadronado el ex regidor, le piden limite sus derechos de ser nominado para cualquier cargo de representaci\u00f3n popular o al interior de su instituci\u00f3n pol\u00edtica.<\/p>\n\n\n\n<p class=\"wp-block-paragraph\">Las diputadas de la LXIV Legislatura de la Paridad, reprueban los conceptos por el nivel de mis\u00f3gina alarmante, en el que considera v\u00e1lido hacer alusi\u00f3n a las mujeres desde la violencia y la discriminaci\u00f3n.<\/p>\n\n\n\n<p class=\"wp-block-paragraph\">Lo que consideran inconcebible es que, como pol\u00edtico identificado en su comunidad, el ex regidor, no muestre la menor empat\u00eda con la realidad social que viven las mujeres de M\u00e9xico, un agravante m\u00e1s a la columna insultante.<\/p>\n\n\n\n<p class=\"wp-block-paragraph\">La situaci\u00f3n no solo es reprobable por los conceptos en s\u00ed, que no tienen cabida en ning\u00fan medio de comunicaci\u00f3n tradicional o virtual, sino que el autor sea un pol\u00edtico de la comunidad, precisan en un comunicado.<\/p>\n\n\n\n<p class=\"wp-block-paragraph\">Por lo que le hacen un llamado al peri\u00f3dico La Verdad que no consider\u00f3 improcedente un texto en extremo machista y violento, como un compromiso \u00e9tico con la igualdad y no violencias contra las mujeres.<\/p>\n\n\n\n<p class=\"wp-block-paragraph\">La violencia simb\u00f3lica promueve la discriminaci\u00f3n a trav\u00e9s de estereotipos, mensajes, valores o ideas, enra\u00edza desigualdades y muestra las m\u00faltiples violencias, mismas que se muestran plenamente en este caso.<\/p>\n\n\n\n<p class=\"wp-block-paragraph\"><strong>Ex regidor compar\u00f3 a las mujeres con la pol\u00edtica de manera mis\u00f3gina<\/strong><\/p>\n\n\n\n<p class=\"wp-block-paragraph\">Como se recordar\u00e1 en d\u00edas pasados el ex regidor de Tlajomulco de Z\u00fa\u00f1iga, Quirino Vel\u00e1zquez Buenrostro, equipar\u00f3 a las mujeres con la pol\u00edtica a trav\u00e9s de expresiones mis\u00f3ginas y machistas.<\/p>\n\n\n\n<p class=\"wp-block-paragraph\">La comparaci\u00f3n la realiz\u00f3 en una columna titulada \u201cPol\u00edtica, fragancia y tufo\u201d publicada en un semanario local, en la cual el ex regidor perredista \u2013ahora perteneciente a Movimiento Ciudadano- hace referencia a una met\u00e1fora que asegura a\u00f1os atr\u00e1s comparti\u00f3 con Mario Rosales.<\/p>\n\n\n\n<p class=\"wp-block-paragraph\">SEM\/em\/sj<\/p>\n","protected":false},"excerpt":{"rendered":"<p> Llaman al diario La Verdad que public\u00f3 un texto en extremo machista<\/p>\n","protected":false},"author":3,"featured_media":22561,"comment_status":"open","ping_status":"open","sticky":false,"template":"","format":"standard","meta":{"_monsterinsights_skip_tracking":false,"footnotes":""},"categories":[691,50],"tags":[],"class_list":["post-22543","post","type-post","status-publish","format-standard","has-post-thumbnail","category-691","category-congreso"],"_links":{"self":[{"href":"https:\/\/redsemlac.com\/semmexico\/wp-json\/wp\/v2\/posts\/22543","targetHints":{"allow":["GET"]}}],"collection":[{"href":"https:\/\/redsemlac.com\/semmexico\/wp-json\/wp\/v2\/posts"}],"about":[{"href":"https:\/\/redsemlac.com\/semmexico\/wp-json\/wp\/v2\/types\/post"}],"author":[{"embeddable":true,"href":"https:\/\/redsemlac.com\/semmexico\/wp-json\/wp\/v2\/users\/3"}],"replies":[{"embeddable":true,"href":"https:\/\/redsemlac.com\/semmexico\/wp-json\/wp\/v2\/comments?post=22543"}],"version-history":[{"count":0,"href":"https:\/\/redsemlac.com\/semmexico\/wp-json\/wp\/v2\/posts\/22543\/revisions"}],"wp:featuredmedia":[{"embeddable":true,"href":"https:\/\/redsemlac.com\/semmexico\/wp-json\/wp\/v2\/media\/22561"}],"wp:attachment":[{"href":"https:\/\/redsemlac.com\/semmexico\/wp-json\/wp\/v2\/media?parent=22543"}],"wp:term":[{"taxonomy":"category","embeddable":true,"href":"https:\/\/redsemlac.com\/semmexico\/wp-json\/wp\/v2\/categories?post=22543"},{"taxonomy":"post_tag","embeddable":true,"href":"https:\/\/redsemlac.com\/semmexico\/wp-json\/wp\/v2\/tags?post=22543"}],"curies":[{"name":"wp","href":"https:\/\/api.w.org\/{rel}","templated":true}]}}