{"id":22539,"date":"2020-06-29T16:07:56","date_gmt":"2020-06-29T16:07:56","guid":{"rendered":"https:\/\/redsemlac.com\/semmexico\/?p=22539"},"modified":"2023-07-21T16:25:19","modified_gmt":"2023-07-21T21:25:19","slug":"botella-al-mar-35","status":"publish","type":"post","link":"https:\/\/redsemlac.com\/semmexico\/botella-al-mar-35\/","title":{"rendered":"Botella al Mar"},"content":{"rendered":"\n<h2 class=\"wp-block-heading\">Viva la vida<\/h2>\n\n\n\n<p class=\"wp-block-paragraph\"><strong>Martha Canseco Gonz\u00e1lez<\/strong><\/p>\n\n\n\n<p class=\"wp-block-paragraph\">SemM\u00e9xico, 29 de junio, 2020.- No s\u00e9 ustedes, pero ser\u00e1 que estamos m\u00e1s al pendiente de la cantidad de personas que est\u00e1n falleciendo, sea de coronavirus u otra circunstancia, o es mi percepci\u00f3n que est\u00e1 muriendo demasiada gente. En la comunidad donde vivo, no somos m\u00e1s de 500 personas, hace dos semanas las campanas de la iglesia repicaron seis d\u00edas seguidos, s\u00f3lo hombres, por cierto, ninguno de ellos v\u00edctima de COVID, llevo viviendo siete a\u00f1os aqu\u00ed y nunca hab\u00eda sucedido algo as\u00ed.<\/p>\n\n\n\n<p class=\"wp-block-paragraph\">Me da la sensaci\u00f3n como que ante la nueva realidad que nos est\u00e1 imponiendo la pandemia y que implicar\u00e1 para muchos, nuevos comienzos, se est\u00e1n rindiendo antes de empezar. \u00bfQu\u00e9 estar\u00e1 pasando por la cabeza de la gente?<\/p>\n\n\n\n<p class=\"wp-block-paragraph\">Les platico que, ante este ineludible sentimiento de vulnerabilidad, de fragilidad, porque como nunca, estoy cierta de que puedo morir en cualquier momento si me afecta el virus, y es que somos tan mortales que no me hab\u00eda dado cuenta.<\/p>\n\n\n\n<p class=\"wp-block-paragraph\">As\u00ed que estoy tratando de vivir al m\u00e1ximo. Los sentidos se me han exacerbado, la comida que prepara mi pareja y la que yo preparo, me hace llorar de felicidad, como el \u00faltimo alimento que prueba la condenada a muerte, he dicho \u00a1qu\u00e9 feliz soy! El vino y el mezcal me calientan el cuerpo. Claro por supuesto reconozco que tengo el privilegio de poderme quedar en casa desde donde estoy trabajando, hay una red de amigas ofertando sus productos. Por primera vez estoy haciendo truques con ellas.<\/p>\n\n\n\n<p class=\"wp-block-paragraph\">La m\u00fasica invade no s\u00f3lo mis o\u00eddos sino mi cerebro tambi\u00e9n, acabo de descubrir la tecnolog\u00eda 8D, muchas y muchos dir\u00e1n, \u00a1como apenas!, pero denme chance ah\u00ed la llevo poco a poco!<\/p>\n\n\n\n<p class=\"wp-block-paragraph\">Por supuesto de los dem\u00e1s placeres del cuerpo y mis energ\u00edas tambi\u00e9n estoy disfrutando, y ahora estoy haciendo cosas que quiz\u00e1 antes me hubiera tardado m\u00e1s tiempo en hacerlas.<\/p>\n\n\n\n<p class=\"wp-block-paragraph\">Me lleg\u00f3 por mensajer\u00eda el succionador de cl\u00edtoris Satysfayer Pro 2, sin lugar a dudas el marketing supera al producto. Me comuniqu\u00e9 con mi amiga y terapeuta sexual Brisa Armenta, c\u00f3mo nos hemos re\u00eddo durante esa llamada, pide paciencia.<\/p>\n\n\n\n<p class=\"wp-block-paragraph\">En el c\u00edrculo de lectura feminista que empezamos en febrero, el nivel de conexi\u00f3n, confianza e intimidad con mis compa\u00f1eras est\u00e1 alcanzando otros niveles y eso me llena de mucho orgullo.<\/p>\n\n\n\n<p class=\"wp-block-paragraph\">Estoy escribiendo dos cuentos a la semana, la mano se me est\u00e1 soltando y Afrodita me gobierna.<\/p>\n\n\n\n<p class=\"wp-block-paragraph\">Inici\u00e9 un taller de reflexolog\u00eda sexual, el cupo se llen\u00f3 de inmediato y estoy haciendo mi mejor esfuerzo para llevar a buen puerto a estas mujeres que han confiado en m\u00ed, no se si lo hubiera hecho en otra ocasi\u00f3n, pero la verdad es que tambi\u00e9n me entr\u00f3 una urgencia de compartir lo que s\u00e9, me dio una sensaci\u00f3n como si estuviera a punto de irme a dormir con el est\u00f3mago lleno, tengo que soltarlo.<\/p>\n\n\n\n<p class=\"wp-block-paragraph\">Como ver\u00e1n no me estoy preparando para morir, me estoy preparando para vivir. Siempre he pensado que voy a vivir muchos a\u00f1os, hay muchas cosas por hacer y por experimentar, digo \u00a1apenas tengo 66 a\u00f1os! Y es por mera curiosidad period\u00edstica, quiero ver hasta d\u00f3nde es capaz de llegar esta humanidad.<\/p>\n\n\n\n<p class=\"wp-block-paragraph\">En ese sentido me resulta inconcebible c\u00f3mo el sistema patriarcal y su hijo putativo el neoliberalismo, est\u00e1n haciendo todo para torcer las circunstancias a su favor, porque lo que nos ha tra\u00eddo esta pandemia es revelar y poner el foco en las cosas y las personas verdaderamente esenciales, todo lo dem\u00e1s sale sobrando.<\/p>\n\n\n\n<p class=\"wp-block-paragraph\">Pat\u00e9tico ver los anuncios de Coca-Cola y Bimbo, los primeros imponiendo su marca sobre los sentimientos m\u00e1s humanos, los segundos comparando a su personal con el personal de salud, y no es que menosprecie el trabajo de esas personas, pero que mejor que dejen de envenenar a las y los mexicanos, con tanta az\u00facar, grasas e ingredientes sint\u00e9ticos.<\/p>\n\n\n\n<p class=\"wp-block-paragraph\">S\u00ed, nos esperan tiempos dif\u00edciles, por supuesto hay que seguir haciendo todo lo necesario para sobrevivir a esta pandemia, empezar a idear otras maneras de mover la econom\u00eda, que de hecho ya se est\u00e1n dando. Consumir menos, fundamental cuidar el planeta, elaborar estrategias de seguridad personal que impliquen a toda la familia, no perder la confianza en una misma. Todos estos temas los he platicado con varias amigas a quienes no me canso de decirles que las quiero, as\u00ed tambi\u00e9n se lo reitero constantemente a mi familia.<\/p>\n\n\n\n<p class=\"wp-block-paragraph\">Otra manera de vivir se est\u00e1 imponiendo.<\/p>\n\n\n\n<p class=\"wp-block-paragraph\">botellalmar2017@gmail.com<\/p>\n","protected":false},"excerpt":{"rendered":"<p>Viva la vida<\/p>\n","protected":false},"author":3,"featured_media":9095,"comment_status":"open","ping_status":"open","sticky":false,"template":"","format":"standard","meta":{"_monsterinsights_skip_tracking":false,"footnotes":""},"categories":[691,98,84],"tags":[],"class_list":["post-22539","post","type-post","status-publish","format-standard","has-post-thumbnail","category-691","category-botella-al-mar","category-martha-canseco"],"_links":{"self":[{"href":"https:\/\/redsemlac.com\/semmexico\/wp-json\/wp\/v2\/posts\/22539","targetHints":{"allow":["GET"]}}],"collection":[{"href":"https:\/\/redsemlac.com\/semmexico\/wp-json\/wp\/v2\/posts"}],"about":[{"href":"https:\/\/redsemlac.com\/semmexico\/wp-json\/wp\/v2\/types\/post"}],"author":[{"embeddable":true,"href":"https:\/\/redsemlac.com\/semmexico\/wp-json\/wp\/v2\/users\/3"}],"replies":[{"embeddable":true,"href":"https:\/\/redsemlac.com\/semmexico\/wp-json\/wp\/v2\/comments?post=22539"}],"version-history":[{"count":0,"href":"https:\/\/redsemlac.com\/semmexico\/wp-json\/wp\/v2\/posts\/22539\/revisions"}],"wp:featuredmedia":[{"embeddable":true,"href":"https:\/\/redsemlac.com\/semmexico\/wp-json\/wp\/v2\/media\/9095"}],"wp:attachment":[{"href":"https:\/\/redsemlac.com\/semmexico\/wp-json\/wp\/v2\/media?parent=22539"}],"wp:term":[{"taxonomy":"category","embeddable":true,"href":"https:\/\/redsemlac.com\/semmexico\/wp-json\/wp\/v2\/categories?post=22539"},{"taxonomy":"post_tag","embeddable":true,"href":"https:\/\/redsemlac.com\/semmexico\/wp-json\/wp\/v2\/tags?post=22539"}],"curies":[{"name":"wp","href":"https:\/\/api.w.org\/{rel}","templated":true}]}}