{"id":22388,"date":"2020-06-25T18:40:18","date_gmt":"2020-06-25T18:40:18","guid":{"rendered":"https:\/\/redsemlac.com\/semmexico\/?p=22388"},"modified":"2023-07-21T16:25:22","modified_gmt":"2023-07-21T21:25:22","slug":"cndh-demanda-se-respete-el-debido-proceso-en-el-caso-de-la-abogada-susana-prieto-terraza","status":"publish","type":"post","link":"https:\/\/redsemlac.com\/semmexico\/cndh-demanda-se-respete-el-debido-proceso-en-el-caso-de-la-abogada-susana-prieto-terraza\/","title":{"rendered":"CNDH demanda se respete el debido proceso en el caso de la abogada Susana Prieto Terraza"},"content":{"rendered":"\n<p class=\"wp-block-paragraph\"><strong>Elda Montiel<\/strong><\/p>\n\n\n\n<p class=\"wp-block-paragraph\">SemM\u00e9xico. Ciudad de M\u00e9xico. 25 de junio 2020.- La Comisi\u00f3n Nacional de los Derechos Humanos (CNDH) exhort\u00f3 a las autoridades de procuraci\u00f3n de justicia de Tamaulipas a garantizar el procedimiento del debido proceso a la defensora Susana Prieto Terrazas, quien fue sorpresivamente detenida en Matamoros y vinculada a prisi\u00f3n preventiva en Ciudad Victoria desde el pasado 8 de junio.<\/p>\n\n\n\n<p class=\"wp-block-paragraph\">La abogada defensora de los derechos de las y los trabajadores de la maquila, fue detenida por acompa\u00f1ar el 10 de marzo de este a\u00f1o una manifestaci\u00f3n de obreros en las inmediaciones de la Junta de Conciliaci\u00f3n y Arbitraje de Matamoros, se\u00f1ala el comunicado del organismo.<\/p>\n\n\n\n<p class=\"wp-block-paragraph\">Cabe recordar que Susana Trejo acompa\u00f1\u00f3 el paro de labores de las maquiladoras protagonizadas el a\u00f1o pasado y logr\u00f3 un aumento salarial efectivo del 20 % y un bono por 32 mil pesos.<\/p>\n\n\n\n<p class=\"wp-block-paragraph\">La CNDH hace \u00e9nfasis a las autoridades del Estado mexicano, en el ejercicio del poder p\u00fablico, concedan las garant\u00edas m\u00ednimas del debido proceso a toda persona que se encuentre sujeta a su jurisdicci\u00f3n, debiendo garantizar el conjunto de requisitos legales que deben observarse en las instancias procesales, en aras de que todo individuo pueda defenderse adecuadamente ante cualquier tipo de acto emanado del Estado que pueda afectar su esfera jur\u00eddica.&nbsp;<\/p>\n\n\n\n<p class=\"wp-block-paragraph\">Asimismo, se observar\u00e1 con atenci\u00f3n la evoluci\u00f3n de los acontecimientos y de las acciones que realicen las autoridades respectivas en el caso de la defensora Prieto Terrazas, con el objeto de garantizar un irrestricto respeto y protecci\u00f3n de sus derechos fundamentales.<\/p>\n\n\n\n<p class=\"wp-block-paragraph\">El organismo reconoce p\u00fablica e inequ\u00edvocamente el papel fundamental que ejercen las defensoras y defensores de derechos humanos para la consecuci\u00f3n de la democracia y del Estado de Derecho en la sociedad, compromiso que debe ser reflejado por las autoridades de los tres \u00f3rdenes de gobierno y en todas las esferas de poderes, incluidas las encargadas de la procuraci\u00f3n de la justicia.&nbsp;<\/p>\n\n\n\n<p class=\"wp-block-paragraph\"><strong>Susana Prieto Terrazas defensora de las trabajadoras de la maquila<\/strong><\/p>\n\n\n\n<p class=\"wp-block-paragraph\">La abogada&nbsp;y&nbsp;asesora legal del Movimiento Obrero 20\/32 y del Sindicato Nacional Independiente de Trabajadores de Industrias y Servicios (SNITIS), es reconocida por acompa\u00f1ar a trabajadoras y trabajadores en diversas denuncias ante negligencias, malos tratos y falta de compromiso de las empresas, principalmente de la industria maquiladora, por lo que su detenci\u00f3n provoco diversas reacciones en el \u00e1mbito laboral nacional e internacional.<\/p>\n\n\n\n<p class=\"wp-block-paragraph\">Actualmente est\u00e1 presa en una c\u00e1rcel de Ciudad Victoria y los cargos de la a Fiscal\u00eda de Tamaulipas, son \u201cde asonada, amenazas, coacci\u00f3n y delitos cometidos contra servidores p\u00fablicos\u201d en agravio de los integrantes de la Junta Especial 6 de Conciliaci\u00f3n y Arbitraje de Matamoros, ocurridos el pasado 10 de marzo. Sin embargo, se document\u00f3 que ella ni siquiera estuvo presente en la Junta de Conciliaci\u00f3n ese 10 de marzo.<\/p>\n\n\n\n<p class=\"wp-block-paragraph\">A partir de esa fecha se realizaron diversas manifestaciones como marchas y m\u00edtines tanto en Matamoros, Ciudad de M\u00e9xico, Mexicali, Tampico, Ensenada, Tijuana, Ciudad Reynosa, Ciudad Ju\u00e1rez y Oaxaca.<\/p>\n\n\n\n<p class=\"wp-block-paragraph\">La \u00faltima actividad de la activista Prieto Terrazas antes de ser detenida fue acompa\u00f1ar la denuncia presentada por negligencia de la clase patronal con las y los trabajadores en el contexto de la pandemia COVID 19, por malos tratos y falta de compromiso de las empresas, principalmente de la industria maquiladora, en la prevenci\u00f3n de contagios del nuevo coronavirus.&nbsp;<\/p>\n","protected":false},"excerpt":{"rendered":"<p>La abogada defensora de los derechos de las y los trabajadores de la maquila, fue detenida por acompa\u00f1ar el 10 de marzo de este a\u00f1o una manifestaci\u00f3n de obreros en las inmediaciones de la Junta de Conciliaci\u00f3n y Arbitraje de Matamoros, se\u00f1ala el comunicado del organismo.<\/p>\n","protected":false},"author":3,"featured_media":22389,"comment_status":"open","ping_status":"open","sticky":false,"template":"","format":"standard","meta":{"_monsterinsights_skip_tracking":false,"footnotes":""},"categories":[691,51],"tags":[],"class_list":["post-22388","post","type-post","status-publish","format-standard","has-post-thumbnail","category-691","category-ejecutivo"],"_links":{"self":[{"href":"https:\/\/redsemlac.com\/semmexico\/wp-json\/wp\/v2\/posts\/22388","targetHints":{"allow":["GET"]}}],"collection":[{"href":"https:\/\/redsemlac.com\/semmexico\/wp-json\/wp\/v2\/posts"}],"about":[{"href":"https:\/\/redsemlac.com\/semmexico\/wp-json\/wp\/v2\/types\/post"}],"author":[{"embeddable":true,"href":"https:\/\/redsemlac.com\/semmexico\/wp-json\/wp\/v2\/users\/3"}],"replies":[{"embeddable":true,"href":"https:\/\/redsemlac.com\/semmexico\/wp-json\/wp\/v2\/comments?post=22388"}],"version-history":[{"count":0,"href":"https:\/\/redsemlac.com\/semmexico\/wp-json\/wp\/v2\/posts\/22388\/revisions"}],"wp:featuredmedia":[{"embeddable":true,"href":"https:\/\/redsemlac.com\/semmexico\/wp-json\/wp\/v2\/media\/22389"}],"wp:attachment":[{"href":"https:\/\/redsemlac.com\/semmexico\/wp-json\/wp\/v2\/media?parent=22388"}],"wp:term":[{"taxonomy":"category","embeddable":true,"href":"https:\/\/redsemlac.com\/semmexico\/wp-json\/wp\/v2\/categories?post=22388"},{"taxonomy":"post_tag","embeddable":true,"href":"https:\/\/redsemlac.com\/semmexico\/wp-json\/wp\/v2\/tags?post=22388"}],"curies":[{"name":"wp","href":"https:\/\/api.w.org\/{rel}","templated":true}]}}