{"id":22385,"date":"2020-06-25T18:37:17","date_gmt":"2020-06-25T18:37:17","guid":{"rendered":"https:\/\/redsemlac.com\/semmexico\/?p=22385"},"modified":"2023-07-21T16:25:22","modified_gmt":"2023-07-21T21:25:22","slug":"sepultan-a-las-victimas-de-la-comunidad-ikoot-de-huazatlan-del-rio","status":"publish","type":"post","link":"https:\/\/redsemlac.com\/semmexico\/sepultan-a-las-victimas-de-la-comunidad-ikoot-de-huazatlan-del-rio\/","title":{"rendered":"Sepultan a las v\u00edctimas de la comunidad ikoot de Huazatl\u00e1n del R\u00edo"},"content":{"rendered":"\n<ul class=\"wp-block-list\"><li><strong>Piden que se investigue, la Fiscal\u00eda dice que ya lo est\u00e1 haciendo<\/strong><\/li><\/ul>\n\n\n\n<ul class=\"wp-block-list\"><li><strong> La iglesia cat\u00f3lica habla de desatenci\u00f3n gubernamental<\/strong><\/li><\/ul>\n\n\n\n<p class=\"wp-block-paragraph\"><strong>Patricia Brise\u00f1o<\/strong><\/p>\n\n\n\n<p class=\"wp-block-paragraph\">SemM\u00e9xico, Oaxaca, 25 de junio, 2020.- De forma r\u00e1pida se realiz\u00f3 el entierro de 13 de las 15 v\u00edctimas de la masacre ocurrida la madrugada del pasado lunes en la comunidad ind\u00edgena ikoot de Huazantl\u00e1n del R\u00edo.<\/p>\n\n\n\n<p class=\"wp-block-paragraph\">A pesar de la postura de los activistas de la Uni\u00f3n de Agencias y Comunidades Ikoots, UACI, quienes un d\u00eda antes se apostaron afuera del pante\u00f3n de Huazantl\u00e1n, al considerar que los fallecidos formaron parte del bloque opositor, finalmente, este mi\u00e9rcoles las familias pudieron sepultarlas, adem\u00e1s de impedir que se oficiara una misa colectiva en el templo de la localidad.<\/p>\n\n\n\n<p class=\"wp-block-paragraph\">El sepelio se efectu\u00f3 en forma r\u00e1pida debido al avanzado estado de descomposici\u00f3n de los cuerpos, los familiares estuvieron resguardados por la Guardia Nacional y una partida de elementos de la Secretar\u00eda de Marina.<\/p>\n\n\n\n<p class=\"wp-block-paragraph\">En la comunidad Laguna Santa Cruz fueron enterrados los otros dos cuerpos con vigilancia policiaca a distancia.&nbsp;<\/p>\n\n\n\n<p class=\"wp-block-paragraph\">Las familias de las v\u00edctimas exigen que se investigue al grupo de UACI, quienes se ostentan como autoridades aut\u00f3nomas de Huazantl\u00e1n del R\u00edo, los acusan de haber ordenado la masacre.<\/p>\n\n\n\n<p class=\"wp-block-paragraph\">Entre las v\u00edctimas se encuentra Okas Marisa Rangel Oviedo, quien el pasado 5 de mayo, estuvo en la capital oaxaque\u00f1a donde solicit\u00f3 medidas cautelares para ella y sus dos menores hijas ante la Defensor\u00eda de los Derechos Humanos del Pueblo de Oaxaca, DDHPO, luego de haber sufrido una agresi\u00f3n d\u00edas antes. &nbsp;Las medidas no le fueron concedidas y 16 d\u00edas despu\u00e9s fue brutalmente asesinada.<\/p>\n\n\n\n<p class=\"wp-block-paragraph\">Por otra parte, la Fiscal\u00eda General de Oaxaca (FGEO) inform\u00f3 que contin\u00faan lasinvestigaci\u00f3n por la masacre ocurrida la madrugada del pasado lunes en la comunidad ind\u00edgena ikoot de Huazantl\u00e1n del R\u00edo, donde 15 personas fueron torturadas, incendiadas y ejecutadas por un grupo de personas habitantes de la misma comunidad, identificados con la Uni\u00f3n de Agencias y Comunidades Ikoots (UACI)<\/p>\n\n\n\n<p class=\"wp-block-paragraph\">Durante las \u00faltimas horas, la Fiscal\u00eda asegur\u00f3 que tras realizar un operativo de b\u00fasqueda en comunidades colindantes con Huazantl\u00e1n del R\u00edo, \u201cno encontraron indicios o los cuerpos de presuntos desaparecidos.<\/p>\n\n\n\n<p class=\"wp-block-paragraph\">\u201cNo hay m\u00e1s v\u00edctimas que las dadas a conocer por la instituci\u00f3n el pasado lunes, mismas que ya fueron identificadas\u201d. &nbsp;De esta manera, la instituci\u00f3n descart\u00f3 la presunta localizaci\u00f3n de dos personas sin vida, presuntamente encontrados por los familiares de las victimas<\/p>\n\n\n\n<p class=\"wp-block-paragraph\"><strong>Aboga iglesia por las v\u00edctimas; urge proceso de paz<\/strong><\/p>\n\n\n\n<p class=\"wp-block-paragraph\">Los obispos en funciones y em\u00e9rito de la Di\u00f3cesis de Tehuantepec, Crisp\u00edn Ojeda M\u00e1rquez y Arturo Lona Reyes pidieron al presidente Andr\u00e9s Manuel L\u00f3pez Obrador y al gobernador Alejandro Murat Hinojosa investigar y castigar los sucesos de violencia e iniciar un proceso de paz en San Mateo del Mar.<\/p>\n\n\n\n<p class=\"wp-block-paragraph\">\u201cCon profunda preocupaci\u00f3n nos dirigimos para solicitar su intervenci\u00f3n en hechos que, seguramente son de su conocimiento y que por la gravedad, da\u00f1an de manera profunda a una comunidad ind\u00edgena\u201d, escribieron en una carta.<\/p>\n\n\n\n<p class=\"wp-block-paragraph\">En la misiva, dirigida tambi\u00e9n a la secretaria de Gobernaci\u00f3n, Olga S\u00e1nchez Cordero, expusieron que la desatenci\u00f3n ancestral y actual de los niveles de gobierno ha tra\u00eddo como consecuencia una grave violaci\u00f3n al derecho a la vida, a la integridad y seguridad personal, al desarrollo, al acceso pleno de los derechos econ\u00f3micas, sociales y culturales, as\u00ed como al derecho a la paz de los habitantes de esa San Mateo del Mar.<\/p>\n\n\n\n<p class=\"wp-block-paragraph\">Adem\u00e1s, manifestaron su preocupaci\u00f3n por la eventual existencia de actores ajenos a la comunidad quienes alienten la violencia en la comunidad entre hermanos.<\/p>\n\n\n\n<p class=\"wp-block-paragraph\">Tambi\u00e9n, lamentaron que los gobiernos federal y estatal no previnieron la violencia generada, la muerte, las lesiones y los da\u00f1os de personas, aun cuando se tiene conocimiento del problema de alto riesgo para la vida, la seguridad y la paz en la comunidad.<\/p>\n\n\n\n<p class=\"wp-block-paragraph\">De esta manera, reclamaron que se garanticen las medidas de apoyo y asistencia dispuestas por la Ley General de V\u00edctimas y por la Ley de V\u00edctimas del Estado de Oaxaca, a los deudos de las personas fallecidas.<\/p>\n\n\n\n<p class=\"wp-block-paragraph\">SEM\/pb\/sj<\/p>\n","protected":false},"excerpt":{"rendered":"<p>De forma r\u00e1pida se realiz\u00f3 el entierro de 13 de las 15 v\u00edctimas de la masacre ocurrida la madrugada del pasado lunes en la comunidad ind\u00edgena ikoot de Huazantl\u00e1n del R\u00edo.<\/p>\n","protected":false},"author":3,"featured_media":22386,"comment_status":"open","ping_status":"open","sticky":false,"template":"","format":"standard","meta":{"_monsterinsights_skip_tracking":false,"footnotes":""},"categories":[691,52],"tags":[],"class_list":["post-22385","post","type-post","status-publish","format-standard","has-post-thumbnail","category-691","category-hombres"],"_links":{"self":[{"href":"https:\/\/redsemlac.com\/semmexico\/wp-json\/wp\/v2\/posts\/22385","targetHints":{"allow":["GET"]}}],"collection":[{"href":"https:\/\/redsemlac.com\/semmexico\/wp-json\/wp\/v2\/posts"}],"about":[{"href":"https:\/\/redsemlac.com\/semmexico\/wp-json\/wp\/v2\/types\/post"}],"author":[{"embeddable":true,"href":"https:\/\/redsemlac.com\/semmexico\/wp-json\/wp\/v2\/users\/3"}],"replies":[{"embeddable":true,"href":"https:\/\/redsemlac.com\/semmexico\/wp-json\/wp\/v2\/comments?post=22385"}],"version-history":[{"count":0,"href":"https:\/\/redsemlac.com\/semmexico\/wp-json\/wp\/v2\/posts\/22385\/revisions"}],"wp:featuredmedia":[{"embeddable":true,"href":"https:\/\/redsemlac.com\/semmexico\/wp-json\/wp\/v2\/media\/22386"}],"wp:attachment":[{"href":"https:\/\/redsemlac.com\/semmexico\/wp-json\/wp\/v2\/media?parent=22385"}],"wp:term":[{"taxonomy":"category","embeddable":true,"href":"https:\/\/redsemlac.com\/semmexico\/wp-json\/wp\/v2\/categories?post=22385"},{"taxonomy":"post_tag","embeddable":true,"href":"https:\/\/redsemlac.com\/semmexico\/wp-json\/wp\/v2\/tags?post=22385"}],"curies":[{"name":"wp","href":"https:\/\/api.w.org\/{rel}","templated":true}]}}