{"id":22383,"date":"2020-06-25T18:32:12","date_gmt":"2020-06-25T18:32:12","guid":{"rendered":"https:\/\/redsemlac.com\/semmexico\/?p=22383"},"modified":"2023-07-21T16:25:22","modified_gmt":"2023-07-21T21:25:22","slug":"entresemana-59","status":"publish","type":"post","link":"https:\/\/redsemlac.com\/semmexico\/entresemana-59\/","title":{"rendered":"Entresemana"},"content":{"rendered":"\n<h2 class=\"wp-block-heading\">\u00bfDescarrilar a Monreal?<\/h2>\n\n\n\n<p class=\"wp-block-paragraph\"><strong>Mois\u00e9s S\u00e1nchez Lim\u00f3n<\/strong><\/p>\n\n\n\n<p class=\"wp-block-paragraph\">SemM\u00e9xico, 25 de junio, 2020.- \u00bfCu\u00e1l es el juego de John Ackerman y et al?<\/p>\n\n\n\n<p class=\"wp-block-paragraph\">Con horas de diferencia, el doctor en derecho y sociolog\u00eda e investigador del Instituto de Investigaciones Jur\u00eddicas de la UNAM, aire\u00f3 p\u00fablicamente las tareas que suelen tener los oficiosos en la pol\u00edtica, a riesgo de hacer el rid\u00edculo y asumir el papel de cabeza de playa de un operativo que tiene burdo sustento en una pueril pataleta.<\/p>\n\n\n\n<p class=\"wp-block-paragraph\">\u00bfLo tomamos en cuenta o le seguimos el cuento histri\u00f3nico? Porque, por si usted no lo sab\u00eda, hasta mayo pasado el acad\u00e9mico protagonizaba un programa televisivo de supuesto humor pol\u00edtico, aunque era una mala copia de humorismo a costillas de pol\u00edticos pero del pasado neoliberal.<\/p>\n\n\n\n<p class=\"wp-block-paragraph\">En el plat\u00f3 de la tev\u00e9 p\u00fablica, a John lo acompa\u00f1aba la respetada y respetable Sabina Berman, quien no ocultaba la incomodidad que le provocaban ciertos comentarios del acad\u00e9mico; por ejemplo aquella rabiosa defensa que hizo de Andr\u00e9s Manuel L\u00f3pez Obrador, a quien calific\u00f3 como cient\u00edfico y, bueno, para completar el cuadro, la doctora Irma Er\u00e9ndira Sandoval Ballesteros, secretaria de la Funci\u00f3n P\u00fablica, dijo que es el presidente m\u00e1s culto que ha tenido M\u00e9xico. \u00bfQu\u00e9 le parece?<\/p>\n\n\n\n<p class=\"wp-block-paragraph\">Pero, vaya, le dec\u00eda que, con horas de diferencia, el licenciado Ackerman asumi\u00f3 el papel de quien quiere quedar bien con el jefe, a costa de la p\u00e9rdida del respeto personal, por encima de sus grados acad\u00e9micos.<\/p>\n\n\n\n<p class=\"wp-block-paragraph\">Se fue contra el Instituto Nacional Electoral, en una suerte de oportunismo a partir de la malquerencia que por el organismo ha manifestado p\u00fablicamente el licenciado presidente.<\/p>\n\n\n\n<p class=\"wp-block-paragraph\">Olvid\u00f3 que, como investigador del Instituto de Investigaciones Jur\u00eddicas de la UNAM, se infiere conocedor de la ley que norma al INE, pero en su cuenta de Twitter escribi\u00f3 una ofensiva descalificaci\u00f3n:<\/p>\n\n\n\n<p class=\"wp-block-paragraph\">\u201cEl cinismo y la parcialidad del @INEMexico no tiene l\u00edmite. Ayer amenaz\u00f3 con censurar la #Ma\u00f1anera de @lopezobrador_ si vuelve a hablar de pol\u00edtica.<\/p>\n\n\n\n<p class=\"wp-block-paragraph\">\u201cUna inaceptable extralimitaci\u00f3n de sus funciones que comprueba que efectivamente s\u00ed pertenece al BOA\u201d.<\/p>\n\n\n\n<p class=\"wp-block-paragraph\">No, ninguna extralimitaci\u00f3n, el consejero presidente del INE, Lorenzo C\u00f3rdova Vianello, cuyo curr\u00edculum incluye ser investigador del IIJUNAM, es un experto en derecho electoral.<\/p>\n\n\n\n<p class=\"wp-block-paragraph\">Quiz\u00e1 el doctor Ackerman confunde al rid\u00edculo con el servicio a la causa del grupo de impresentables a los que pertenece, una pl\u00e9yade que incluye a senadores y senadoras que hace un a\u00f1o pretendi\u00f3 impulsar la reelecci\u00f3n de Mart\u00ed Batres Guadarrama en la presidencia de la mesa directiva de la C\u00e1mara alta, incluso con declaraciones despectivas contra la senadora tabasque\u00f1a M\u00f3nica Fern\u00e1ndez Balboa, quien finalmente fue elegida presidenta senatorial.<\/p>\n\n\n\n<p class=\"wp-block-paragraph\">As\u00ed, pas\u00f3 del respetable y coherente simpatizante al rabioso fan\u00e1tico que pide la cabeza del compa\u00f1ero de causa porque platica con el vecino, al que ha centrado como enemigo de su jefe y tlatoani. Cuesti\u00f3n de aprovechar el viaje y urgir a la muchedumbre para el linchamiento y de paso faltar al respeto a la bancada morenista.<\/p>\n\n\n\n<p class=\"wp-block-paragraph\">\u00bfQu\u00e9 ocurre? Bueno, cuesti\u00f3n de recordar que, hace unos d\u00edas, John Ackerman y su esposa, Irma Er\u00e9ndira Sandoval Ballesteros, la responsable de combatir a la corrupci\u00f3n en el gobierno de la 4T, fueron pillados en posesi\u00f3n de media docena de inmuebles que dif\u00edcilmente podr\u00edan haber adquirido con sus salarios como acad\u00e9micos universitarios.<\/p>\n\n\n\n<p class=\"wp-block-paragraph\">El matrimonio Ackerman-Sandoval no ha negado las propiedades pero insiste en haberlas adquirido con el fruto de su trabajo y donaciones familiares. Y se victimizaron y amenazaron con proceder legalmente contra Carlos Loret de Mola, en cuyo nuevo espacio noticioso se divulg\u00f3 el reportaje que desnud\u00f3 a la pareja que se ha caracterizado por su obsesiva cuanto rid\u00edcula pleites\u00eda hacia Andr\u00e9s Manuel L\u00f3pez Obrador.<\/p>\n\n\n\n<p class=\"wp-block-paragraph\">En la par\u00e1frasis del inquilino de Palacio, la entrevista que concedi\u00f3 Ricardo Monreal a Carlos Loret le cay\u00f3 como anillo al dedo y, en su papel de periodista, porque el doctor John se asume periodista, emprendi\u00f3 la embestida para descarrilar al presidente de la Junta de Coordinaci\u00f3n Pol\u00edtica, porque os\u00f3 platicar con el enemigo de la 4T y, por supuesto, de su \u00eddolo y gran jefe Andr\u00e9s Manuel L\u00f3pez Obrador.<\/p>\n\n\n\n<p class=\"wp-block-paragraph\">No cabe duda que, desnudados en la incongruencia de lo que presumen como honestidad y se asumen parte de la austeridad franciscana, a la pareja Ackerman-Sandoval y el grupo al que pertenecen, el miedo esc\u00e9nico se apoder\u00f3 de ellos m\u00e1s que el temblor del martes pasado, porque sus cartas de presentaci\u00f3n los revelan impresentables.<\/p>\n\n\n\n<p class=\"wp-block-paragraph\">Y no hay que olvidar que el miedo es muy mal consejero, porque mientras, guste o no, Ricardo Monreal suma y multiplica, con esa larga experiencia de m\u00e1s de cuatro d\u00e9cadas en las ligas mayores, mientras aquellos aprendices de brujo dividen y restan.<\/p>\n\n\n\n<p class=\"wp-block-paragraph\">Ackerman est\u00e1 acorralado junto con los radicales que lo acompa\u00f1an, \u00e9stos que le digo son impresentables y buscan acomodarse a la diestra del se\u00f1orpresidente. Lea usted la amenaza con car\u00e1cter de exhorto que recuerda a aquellas reyertas juveniles, de adolescente, en la cuenta tuitera del doctor Ackerman:<\/p>\n\n\n\n<p class=\"wp-block-paragraph\"><strong>\u201cTe he le\u00eddo y te sigo y en tu trabajo est\u00e1s en lo correcto\u201d<\/strong><\/p>\n\n\n\n<p class=\"wp-block-paragraph\"><strong>\u201cAs\u00ed le dice @RicardoMonrealA a @CarlosLoret en esta muy interesante entrevista.<\/strong><\/p>\n\n\n\n<p class=\"wp-block-paragraph\"><strong>\u201c\u00bfQu\u00e9 esperan @MorenaSenadores para renovar su coordinaci\u00f3n?<\/strong><\/p>\n\n\n\n<p class=\"wp-block-paragraph\"><strong>\u201cYa lo dijo @lopezobrador_. Es #TiempoDeDefiniciones<\/strong><\/p>\n\n\n\n<p class=\"wp-block-paragraph\"><strong>Y aparece un video editado con el encabezado: MONREAL LE HACE EL CALDO GORDO A LORET ATACA A AMLO GATELL Y LA 4T<\/strong><\/p>\n\n\n\n<p class=\"wp-block-paragraph\">Y contin\u00faa el tweet:<\/p>\n\n\n\n<p class=\"wp-block-paragraph\"><strong>\u201cMientras @carlos loret ataca a @JohnMAckerman y a la 4T con viles calumnias, @RicardoMonrealA, alaba a #LordMontajes y hasta se lanza contra el Presidente @LopezObrador_ y @HLGatell\u201d.<\/strong><\/p>\n\n\n\n<p class=\"wp-block-paragraph\">No, no es un mensaje a trasmano de L\u00f3pez Obrador dirigido a Ricardo Monreal. Es la pueril demostraci\u00f3n de quien no puede desmentir un trabajo period\u00edstico de un periodista del que se ha burlado y descalificado porque su jefe lo ha hecho.<\/p>\n\n\n\n<p class=\"wp-block-paragraph\">Quiso el acad\u00e9mico cobrarse una afrenta y acarrear agua al molino del grupo de impresentables que pretenden el control de la presidencia senatorial y del INE, no hay que olvidar que Ackerman forma parte del grupo que determinar\u00e1 qui\u00e9nes ser\u00e1n los cuatro consejeros electorales que sancionar\u00e1n a la elecci\u00f3n intermedia federal del a\u00f1o pr\u00f3ximo.<\/p>\n\n\n\n<p class=\"wp-block-paragraph\"><strong>El caso es que el doctor Ricardo Monreal, acorde con ese enorme colmillo pol\u00edtico que se le reconoce, lejos de caer en el garlito, dio una lecci\u00f3n de urbanidad pol\u00edtica (aseo pol\u00edtico dec\u00eda el profesor Enrique Olivares Santana que fue presidente del Senado) al doctor Ackerman.<\/strong><\/p>\n\n\n\n<p class=\"wp-block-paragraph\">Primero, en un video mensaje, Monreal declar\u00f3:<\/p>\n\n\n\n<p class=\"wp-block-paragraph\">\u201cMe he reunido con el Presidente de la Rep\u00fablica, para revisar la Agenda Legislativa del pr\u00f3ximo Periodo Extraordinario de Sesiones, que vamos a llevar a cabo el lunes 29 y martes 30 (\u2026). Escuch\u00e9 al Presidente, lo vi de muy buen \u00e1nimo, con una actitud siempre muy positiva, optimista, muy firme en la toma de decisiones. Y eso me alegr\u00f3\u201d.<\/p>\n\n\n\n<p class=\"wp-block-paragraph\">Y luego entr\u00f3 en materia sin citar nombres, pero de evidente destinatario &#8211;\u00bfverdad John?&#8211;. Lea usted, el texto no tiene desperdicio y su opini\u00f3n es la mejor:<\/p>\n\n\n\n<p class=\"wp-block-paragraph\">\u201cPor eso \u2013acot\u00f3 Ricardo Monreal&#8211;, me parece que en este momento lejos de buscar contradicciones internas en nuestro movimiento, debemos buscar de qu\u00e9 manera podemos todos, impulsar la fuerza del pa\u00eds para enfrentarnos a la etapa post-covid.<\/p>\n\n\n\n<p class=\"wp-block-paragraph\">\u201cYo voy a seguir hablando con todos, voy a seguir reuni\u00e9ndome con empresarios, <strong>me voy a seguir reuniendo con comunicadores de distintas \u00f3pticas y de distintas vertientes<\/strong>. Creo que nosotros como movimiento, debemos ocupar todos los espacios.<\/p>\n\n\n\n<p class=\"wp-block-paragraph\">\u201cEn pol\u00edtica, los espacios vac\u00edos se llenan. Nunca me voy a confrontar con quienes simpatizamos en la construcci\u00f3n de este movimiento. Los respeto, respeto su forma de actuar, pero no me voy a generar condiciones de confrontaci\u00f3n con nadie.<\/p>\n\n\n\n<p class=\"wp-block-paragraph\">\u201cSi no lo hago con la oposici\u00f3n, menos lo har\u00eda con mis compa\u00f1eros que est\u00e1n en el movimiento, luchando por la Cuarta Transformaci\u00f3n. A todos, frente a lo que haya, les expreso mis respetos, les mando un abrazo de solidaridad a todos, porque la lucha nos une, porque los principios nos unen y porque tenemos que actuar con mucha seriedad y responsabilidad, defendiendo lo que creemos e impulsando esta profunda transformaci\u00f3n que est\u00e1 llevando a cabo el Presidente de la Rep\u00fablica\u201d. Hasta aqu\u00ed la cita.<\/p>\n\n\n\n<p class=\"wp-block-paragraph\">En septiembre pr\u00f3ximo concluye la presidencia de la senadora M\u00f3nica Fern\u00e1ndez Balboa y, \u00a1atin\u00f3!, Mart\u00ed quiere repetir en el cargo, o impulsar a uno de los impresentables porque en estricto apego a la igualdad de g\u00e9nero, toca a un var\u00f3n presidir la Mesa Directiva senatorial; le tocar\u00eda al PAN, pero es asunto de negociar y hay morenistas anotados para la nominaci\u00f3n.<\/p>\n\n\n\n<p class=\"wp-block-paragraph\">Ni hablar, a John le toc\u00f3 arrancar el trabajo sucio con un pretexto de secundaria y se meti\u00f3 con quien no debi\u00f3 meterse. Y mire, Ricardo Monreal se defiende solo, pero en defensa de su trabajo y libre pensamiento salieron incluso senadores del PAN. \u00bfDescarrilarlo? El acad\u00e9mico fue por lana y sali\u00f3 trasquilado. Conste.<\/p>\n\n\n\n<p class=\"wp-block-paragraph\"><a href=\"mailto:sanchezlim\u00f3n@gmail.com\">sanchezlim\u00f3n@gmail.com<\/a><\/p>\n\n\n\n<p class=\"wp-block-paragraph\"><a href=\"http:\/\/www.entresemana.mx\">www.entresemana.mx<\/a><\/p>\n\n\n\n<p class=\"wp-block-paragraph\">@msanchezlimon<\/p>\n","protected":false},"excerpt":{"rendered":"<p>\u00bfDescarrilar a Monreal?<\/p>\n","protected":false},"author":3,"featured_media":15805,"comment_status":"open","ping_status":"open","sticky":false,"template":"","format":"standard","meta":{"_monsterinsights_skip_tracking":false,"footnotes":""},"categories":[691,105,83],"tags":[],"class_list":["post-22383","post","type-post","status-publish","format-standard","has-post-thumbnail","category-691","category-entresemana","category-moises-sanchez-limon"],"_links":{"self":[{"href":"https:\/\/redsemlac.com\/semmexico\/wp-json\/wp\/v2\/posts\/22383","targetHints":{"allow":["GET"]}}],"collection":[{"href":"https:\/\/redsemlac.com\/semmexico\/wp-json\/wp\/v2\/posts"}],"about":[{"href":"https:\/\/redsemlac.com\/semmexico\/wp-json\/wp\/v2\/types\/post"}],"author":[{"embeddable":true,"href":"https:\/\/redsemlac.com\/semmexico\/wp-json\/wp\/v2\/users\/3"}],"replies":[{"embeddable":true,"href":"https:\/\/redsemlac.com\/semmexico\/wp-json\/wp\/v2\/comments?post=22383"}],"version-history":[{"count":0,"href":"https:\/\/redsemlac.com\/semmexico\/wp-json\/wp\/v2\/posts\/22383\/revisions"}],"wp:featuredmedia":[{"embeddable":true,"href":"https:\/\/redsemlac.com\/semmexico\/wp-json\/wp\/v2\/media\/15805"}],"wp:attachment":[{"href":"https:\/\/redsemlac.com\/semmexico\/wp-json\/wp\/v2\/media?parent=22383"}],"wp:term":[{"taxonomy":"category","embeddable":true,"href":"https:\/\/redsemlac.com\/semmexico\/wp-json\/wp\/v2\/categories?post=22383"},{"taxonomy":"post_tag","embeddable":true,"href":"https:\/\/redsemlac.com\/semmexico\/wp-json\/wp\/v2\/tags?post=22383"}],"curies":[{"name":"wp","href":"https:\/\/api.w.org\/{rel}","templated":true}]}}