{"id":22361,"date":"2020-06-24T19:02:14","date_gmt":"2020-06-24T19:02:14","guid":{"rendered":"https:\/\/redsemlac.com\/semmexico\/?p=22361"},"modified":"2023-07-21T16:24:49","modified_gmt":"2023-07-21T21:24:49","slug":"mujeres-y-tambien-hombres-mueren-por-el-machismo-conducta-que-se-puede-desaprender","status":"publish","type":"post","link":"https:\/\/redsemlac.com\/semmexico\/mujeres-y-tambien-hombres-mueren-por-el-machismo-conducta-que-se-puede-desaprender\/","title":{"rendered":"\u201cMujeres y tambi\u00e9n hombres mueren por el machismo, conducta que se puede desaprender\u201d"},"content":{"rendered":"\n<ul class=\"wp-block-list\"><li><strong>La presidenta del Consejo Social del Instituto Nacional de las Mujeres se\u00f1al\u00f3 que en tiempos de COVID-19 est\u00e1 m\u00e1s visibilizada la violencia y los feminicidios.<\/strong><\/li><\/ul>\n\n\n\n<p class=\"wp-block-paragraph\"><strong>Jorge Manzo \/ La Voz de Michoac\u00e1n<\/strong><\/p>\n\n\n\n<p class=\"wp-block-paragraph\">SemM\u00e9xico\/La Voz de Michoac\u00e1n. Morelia, Michoac\u00e1n. 24 de junio 2020.-  \u201cLas mujeres estamos muriendo por el machismo, y los hombres tambi\u00e9n por el machismo\u201d, reflexion\u00f3 la maestra Gretel Eunice Castorena Escalera, quien reproch\u00f3 que \u201chay un mont\u00f3n de hombres muertos, pero tambi\u00e9n mujeres muertas y la causa es la misma: el machismo; y que tiene que ver con esta actitud aprendida, que yo siempre he dicho que se puede desaprender. Las personas no nacemos ni hembristas ni machistas, sino que son circunstancias que vamos aprendiendo\u201d.<\/p>\n\n\n\n<p class=\"wp-block-paragraph\"><em>Cara a Cara con La Voz de Michoac\u00e1n<\/em>, advirti\u00f3 que las mujeres est\u00e1n muriendo al interior de sus casas, en un lugar en donde se supone que tendr\u00edan que estar seguras, pero que no lo es, pues incluso se cohabita con sus agresores. \u201cLos hombres mueren en la calle por rencillas, por arma de fuego, de una manera indiscriminada y por gente que a lo mejor ni conocen\u201d.<\/p>\n\n\n\n<h4 class=\"wp-block-heading\"><strong>Bajo esta l\u00f3gica, \u00bflos hombres son malos por esencia y naturaleza?<\/strong><\/h4>\n\n\n\n<p class=\"wp-block-paragraph\">\u201cCreo que no. Los hombres no nacen malos. Sin embargo, dependiendo de lugar donde ellos se desenvuelvan es que se van cubriendo de esta din\u00e1mica que hace que el mundo gira alrededor de los hombres, porque adem\u00e1s as\u00ed han sido construidos. Es decir, no es culpa de alguien en espec\u00edfica\u201d.<\/p>\n\n\n\n<p class=\"wp-block-paragraph\">Castorena, comunic\u00f3loga, conferencista, y experta en temas de equidad de g\u00e9nero, retom\u00f3 dichos que ha escuchado en la tierra caliente de Michoac\u00e1n, en donde \u201chombres y mujeres cr\u00edan a las hijas y a los hijos con unas palabrotas y con golpes; es una forma muy arcaica de sacar un problema que no es culpa de la mam\u00e1 o del pap\u00e1 sino del contexto y del entorno\u201d.<\/p>\n\n\n\n<p class=\"wp-block-paragraph\">La consejera cree que llegar a los golpes y a la violencia es la forma dem\u00e1s r\u00e1pida de solucionar un conflicto, pero tambi\u00e9n la forma m\u00e1s tonta de poder hacerlo, \u201cte falta inteligencia, hace falta ese di\u00e1logo que tendr\u00eda que existir en todos los niveles y que no existe en funci\u00f3n de que se nos termina el discurso para poder entrar en conciencia. S\u00ed es un trabajo que tendr\u00edamos que hacer en familia y el entorno educativo\u201d.<\/p>\n\n\n\n<p class=\"wp-block-paragraph\">La michoacana encabeza el Consejo Social del Instituto Nacional de las Mujeres, \u00f3rgano de gobierno que vincula a la instituci\u00f3n con la sociedad civil en el pa\u00eds. Ella afirma que nacer en un cuerpo de hombre no es lo mismo que nacer en un cuerpo de mujer y eso se tendr\u00eda que poner en la mesa de la reflexi\u00f3n.<\/p>\n\n\n\n<blockquote class=\"wp-block-quote is-layout-flow wp-block-quote-is-layout-flow\"><p><strong>\u201cSiglo XXI, todav\u00eda existen algunos pap\u00e1s que dicen \u201cAh\u201d, \u201cporque va a sufrir\u201d, \u201cva a menstruar\u201d, \u201cse va a casar\u201d, \u201cpodr\u00eda tener violencia\u201d; a diferencia de decir \u201cmi hijo, el heredero universal\u201d y hay gente que sigue pensando as\u00ed. Se trata de que caminemos de una forma mucho m\u00e1s equilibrada y en apego a los derechos humanos, que tard\u00edamente se entendi\u00f3 que los derechos humanos tambi\u00e9n son para las mujeres\u201d.<\/strong><\/p><\/blockquote>\n\n\n\n<p class=\"wp-block-paragraph\">En medio de la contingencia sanitaria por el coronavirus, la especialista alert\u00f3 que de esta cuarentena saldr\u00e1n muchos divorcios, sin embargo, no \u201cestamos preparadas ni preparados para tener clases virtuales, yo lo hablo a prop\u00f3sito de la misma Universidad Michoacana, que cuenta con estudiantes que viven al interior del estado y no cuentan con los elementos. Habr\u00e1 que reinventarnos y repensar en funci\u00f3n de c\u00f3mo estamos viviendo esta contingencia de manera conjunta\u201d.<\/p>\n\n\n\n<h4 class=\"wp-block-heading\"><strong>En estos tiempos, est\u00e1 m\u00e1s visibilizada la violencia y feminicidios.<\/strong><\/h4>\n\n\n\n<p class=\"wp-block-paragraph\">\u201cEs lo \u00fanico que ha sucedido, se ha visibilizado, se ha puesto en la mesa de reflexi\u00f3n este grado tan alto de violencia que tenemos hoy en d\u00eda en el mundo y en este caso en el pa\u00eds y en Michoac\u00e1n con 14 municipios con alerta. Se ha visibilizado, s\u00ed. Pero me parece que ha sido lo \u00fanico. Falta que el estado ponga m\u00e1s \u00edmpetu en poder tener los elementos para no solamente visibilizarlos sino para saber c\u00f3mo se est\u00e1 trabajando con esas nuevas masculinidades para que no se convierta en un problema social que hoy en d\u00eda vivimos. Yo veo muchas campa\u00f1as que van dirigidas a las mismas mujeres, incluso que dicen que denuncien\u201d.<\/p>\n\n\n\n<h4 class=\"wp-block-heading\"><strong>Se sigue creyendo que, si vas al MP, te sale peor y te revictimizan\u2026<\/strong><\/h4>\n\n\n\n<p class=\"wp-block-paragraph\">\u201cExactamente. El estado est\u00e1 funcionado o no est\u00e1 funcionando o no les est\u00e1 diciendo a ellos que no peguen o que canalicen esa violencia hacia otra vertiente. Me parece que desde el cuerpo de los hombres se tendr\u00eda que estar repensando c\u00f3mo es que esa violencia que yo traigo, c\u00f3mo la desaprendo y c\u00f3mo interact\u00fao con mis pares para decir \u201cNo me est\u00e9s mandando esos chistes\u201d (SIC), ese meme que hace vulnerable a las mujeres o los travestis o gays o lesbianas. No le veo la gracia, tienes que ser m\u00e1s fino en tu dosis de humor\u201d.<\/p>\n\n\n\n<p class=\"wp-block-paragraph\">Castorena reconoci\u00f3 que la Alerta por Violencia de G\u00e9nero no ha funcionado en la entidad, e insisti\u00f3 que lo \u00fanico que ha hecho es visibilizar el problema, \u201cpero no se tienen que dejar de hacer, para que en alg\u00fan momento caigamos en cuenta desde el Gobierno Federal que no es sensible al tema, los gobiernos estatales, tenemos un gobernador que s\u00ed es sensible pero que no se ha resuelto de manera igual hacia los municipios y que tampoco les ha terminado de caer el 20 que este es un problema social\u201d.<\/p>\n\n\n\n<p class=\"wp-block-paragraph\">Deplor\u00f3 que haya ayuntamientos que cuenten con \u00e1reas para atender a mujeres, pero que s\u00f3lo sea un banquito, una computadora y una persona que las est\u00e1 atendiendo, y en esas condiciones es imposible pensar que se podr\u00e1 solucionar el problema de la violencia general, puesto que se requiere un cambio cultural, y que implicar\u00e1 mucho tiempo.<\/p>\n\n\n\n<h4 class=\"wp-block-heading\"><strong>Esto no debe quedar solo en un papel, y que el victimario regrese y la mate.<\/strong><\/h4>\n\n\n\n<p class=\"wp-block-paragraph\">\u201cY que se lleve entre las patas a otras personas de la familia. S\u00ed se tiene que seguir visibilizando el tema, me parece que no existe otra f\u00f3rmula; y trabajar con ellos de una forma equitativa en un estado como Michoac\u00e1n, me parece que es un gran reto. Hace meses estuve en Sinaloa, es un estado que yo no conoc\u00eda; est\u00e1s hablando de Culiac\u00e1n, sorprendentemente me espero que es un municipio muy prospero que est\u00e1 acostumbrado a vivir con una violencia que a m\u00ed me gustar\u00eda que no lleg\u00e1ramos a ese nivel en Michoac\u00e1n\u201d.<\/p>\n\n\n\n<blockquote class=\"wp-block-quote is-layout-flow wp-block-quote-is-layout-flow\"><p><strong>\u201cEn Michoac\u00e1n s\u00ed tenemos la sangre caliente, los pur\u00e9pechas fueron un grupo de personas que nos antecedieron que no se dejaron conquistar y finalmente estamos con la casta bien puesta. Creo que no es imposible. Se tiene que poder, pero tenemos que empezar por algo. Hasta la fecha no conozco un solo municipio que, en el centro, en las plazas p\u00fablicas, donde venden fayuca, no dejen de vender esposas, pistolitas, metralletas (de juguete), esos elementos que siguen siendo la apolog\u00eda del delito y que lo seguimos consumiendo de forma indiscriminada\u201d.<\/strong><\/p><\/blockquote>\n\n\n\n<p class=\"wp-block-paragraph\">Gretel Castorena puso sobre la mesa repensarnos con una agenda de g\u00e9nero \u201cque este pa\u00eds no tiene\u201d. Reproch\u00f3 que se tenga a un presidente que le hace falta sensibilidad en estos temas y \u201cque lo he escuchado o le\u00eddo que cree que el Movimiento Feminista lo est\u00e1 atacando en su investidura como presidente cuando evidentemente no es as\u00ed\u201d.<\/p>\n\n\n\n<h4 class=\"wp-block-heading\"><strong>\u00bfQu\u00e9 retos tienes?<\/strong><\/h4>\n\n\n\n<p class=\"wp-block-paragraph\">\u201cA veces me siento un poco frustrada en el sentido de que no hemos podido comunicar de manera puntual de qu\u00e9 va este movimiento y todav\u00eda hay una falta de sensibilidad y de empat\u00eda para poder conocer de lleno el feminismo. El reto es llevar mensajes de una forma muy clara y sencilla hacia un gobierno que hoy en d\u00eda nos rige y que no est\u00e1 sensible al tema y que eso nos va costar un mont\u00f3n de trabajo\u201d.<\/p>\n\n\n\n<p class=\"wp-block-paragraph\">La entrevistada expone que desde la sociedad civil se tiene que seguir empujando la participaci\u00f3n a trav\u00e9s de contralor\u00edas sociales, de levantar la voz \u201cde no quedarnos calladas\u201d e incidir en la pol\u00edtica p\u00fablica para no dar un solo paso atr\u00e1s. \u201cSi no vamos a dar un paso adelante, por lo menos no dar un paso atr\u00e1s, que me parece que este gobierno, creemos que est\u00e1 sin tocarse el coraz\u00f3n para tomar decisiones de dar pasos en retroceso por derechos ya ganados\u201d.<\/p>\n\n\n\n<h4 class=\"wp-block-heading\"><strong>\u00bfComo cu\u00e1les?<\/strong><\/h4>\n\n\n\n<p class=\"wp-block-paragraph\">\u201cCortar el apoyo a los mismos refugios que \u00e9l ya hab\u00eda dicho que no y que se estuvo empujando para que fuera un s\u00ed, pero si fuera por \u00e9l quiz\u00e1 no hubiese cambiado de opini\u00f3n. El caso de los refugios es muy claro y el de las estancias infantiles que nuevamente pega en imposibilitar a las mujeres de tener un lugar seguro para poder alimentar a sus hijos cuando no tienes un lugar seguro. Este es un tema que no se ha solucionado. Era un tema que ya se hab\u00eda ganado en otros gobiernos. Se recort\u00f3 tambi\u00e9n el programa de mujeres jefas de familia. Se recort\u00f3 tambi\u00e9n el programa para apoyar a hu\u00e9rfanos o hu\u00e9rfanas por parte de la mam\u00e1 por causa de un feminicidio o por narcotr\u00e1fico o por enfermedad\u201d.<\/p>\n\n\n\n<p class=\"wp-block-paragraph\">La presidenta del Consejo Social de Inmujeres tambi\u00e9n habl\u00f3 de la manera en que se han desarrollado las movilizaciones m\u00e1s emblem\u00e1ticas para el feminismo en el pa\u00eds durante los \u00faltimos meses y que han tenido su dosis de vandalismo.<\/p>\n\n\n\n<h4 class=\"wp-block-heading\"><strong>\u00bfPor qu\u00e9 vandalizar?<\/strong><\/h4>\n\n\n\n<p class=\"wp-block-paragraph\">\u201cPuedo decir que respeto mucho la decisi\u00f3n de las mujeres que est\u00e1n cansadas, que est\u00e1n hartas de que el sistema las tenga de una manera tan oprimida. Hemos tenido desde el feminismo, foros, conferencias, conferencias de prensa, comunicados, incidido en la educaci\u00f3n p\u00fablica, hemos estado en plazas p\u00fablicas y no ha sucedido nada y resulta que salimos a la calle y se vandaliza y es la \u00fanica forma de llamar a la atenci\u00f3n\u201d.<\/p>\n\n\n\n<p class=\"wp-block-paragraph\">Puso un claro ejemplo: \u201csi a mi hija de 18 a\u00f1os la violaran o la mataran, yo no rayo, yo tumbo o muerdo o hago (SIC) para recordar que el sistema no me est\u00e1 dando las condiciones. Es empat\u00eda, me parece que hace falta eso, que de una manera mucho m\u00e1s intensa podamos entender a la otra, a la otra que a lo mejor no me presenta pero que tengo que respetar\u201d.<\/p>\n\n\n\n<h4 class=\"wp-block-heading\"><strong>Son consideradas el sexo d\u00e9bil<\/strong><\/h4>\n\n\n\n<p class=\"wp-block-paragraph\">\u201cMe parece que est\u00e1 mal fundamentado, que tenemos las mismas capacidades, me parece que podemos hacer de manera equitativa las cosas, tenemos que llegar a un mundo much\u00edsimo m\u00e1s justo, tenemos que caminar de la mano y dejar de lado todos esos tab\u00faes y recuentos de la historia que nos ha invisibilizado y no nos ha permitido decir la aportaci\u00f3n de las mujeres y que finalmente hoy estamos escribiendo una nueva historia\u201d.<\/p>\n\n\n\n<p class=\"wp-block-paragraph\">\u201cEn esta contingencia, yo me preguntar\u00eda qui\u00e9n est\u00e1 escribiendo la historia del COVID, porque si la siguen escribiendo los hombres, lo m\u00e1s seguro es que las mujeres sigan invisibilizadas. Esta pandemia puede ser doble o triple. Ya ven\u00edamos diciendo desde hace muchos meses c\u00f3mo el incremento de feminicidios en este pa\u00eds se iba incrementando de una manera considerable, ya hab\u00edamos dicho que hab\u00eda 10 muertes por feminicidios en el pa\u00eds diarios y cuando vienen la pandemia por COVID es \u201cUn muerto, escandalo\u201d (SIC). A ver, tendr\u00edamos que hacer una comparaci\u00f3n en funci\u00f3n de n\u00famero de muertas y muertos, por supuesto que esta pandemia nos lleva a recontar de alguna manera c\u00f3mo est\u00e1n muriendo los hombres y las mujeres por esta enfermedad\u201d.<\/p>\n\n\n\n<h4 class=\"wp-block-heading\"><strong>Tienes lo pies en la tierra para tomar decisiones<\/strong><\/h4>\n\n\n\n<p class=\"wp-block-paragraph\">\u201cSe requiere de un mont\u00f3n de paciencia, en funci\u00f3n de que lo temas de las mujeres son muy pol\u00e9micos, son temas que cuestan un mont\u00f3n de trabajo y hay que dar pasos s\u00f3lidos. Creo que mi generaci\u00f3n estamos recibiendo a un grupo de mujeres que han trabajo desde hace un mont\u00f3n de tiempo en esto temas y que estamos recibiendo la estafeta con un mont\u00f3n de responsabilidad y tambi\u00e9n vemos c\u00f3mo esas nuevas generaciones que son nuestras hijas o en algunos casos nuestras nietas, est\u00e1n empujando el tema\u201d.<\/p>\n\n\n\n<p class=\"wp-block-paragraph\">\u201cHoy en d\u00eda esa coyuntura de repensar en un feminismo que abone por todas, es fundamental. Rompimos estereotipos. Hay mujeres muy adultas, hay mujeres de mediana edad y mujeres muy j\u00f3venes que est\u00e1n entrando en esta nueva din\u00e1mica en el mundo\u201d, expuso.<\/p>\n\n\n\n<h4 class=\"wp-block-heading\"><strong>Imaginaste llegar a donde est\u00e1s ahora el m\u00e1ximo \u00f3rgano de gobierno del Inmujeres.<\/strong><\/h4>\n\n\n\n<p class=\"wp-block-paragraph\">\u201cF\u00edjate que no. Yo ten\u00eda mucha inquietud en estos temas, intent\u00e9 hacer un trabajo de licenciatura con tema feminista y no pude porque yo escuchaba y ve\u00eda a las grandes de la Universidad Michoacana, a la doctora Rub\u00ed de Mar\u00eda, que para m\u00ed ha sido una mujer referente en estos temas y la escuchaba y dec\u00eda \u201cPor supuesto que me falta un mont\u00f3n\u201d. Cuando decido volver a estudiar la maestr\u00eda, la volv\u00eda a escuchar y otra vez dec\u00eda \u201cNo\u201d. Finalmente tom\u00e9 la decisi\u00f3n, estoy capitalizando el resultado de todas esas mujeres que desde hace 200 a\u00f1os han estado empujando estos temas para que, por ejemplo, podamos decidir con qui\u00e9n nos casamos, que todav\u00eda te puedes dar cuenta que hay muchos lugares en donde ya est\u00e1 establecido con qui\u00e9n te tienes que casar. Hoy en d\u00eda, podemos divorciarnos, que es una maravilla, finalmente tomar esas decisiones es fundamental\u201d.<\/p>\n\n\n\n<h4 class=\"wp-block-heading\">Una comunic\u00f3loga en el Inmujeres<\/h4>\n\n\n\n<p class=\"wp-block-paragraph\">Gretel Castorena es la persona que representa a Michoac\u00e1n en el Consejo Social del Instituto Nacional de las Mujeres. Ella es integrante especialista del Observatorio de Participaci\u00f3n Pol\u00edtica de las Mujeres en Michoac\u00e1n. Es comunic\u00f3loga, con maestr\u00eda, y adem\u00e1s tiene diversos diplomados enfocados al tema de la equidad de g\u00e9nero.<\/p>\n\n\n\n<p class=\"wp-block-paragraph\">Es catedr\u00e1tica de las escuelas de Lenguas y Literaturas Hisp\u00e1nicas y de Salud P\u00fablicas. En su labor ha logrado vincular a los profesionales de estas \u00e1reas con la tarea que se desarrolla en los medios de comunicaci\u00f3n, pero tambi\u00e9n en prepararlos para saber dar los mensajes adecuados a sus respectivos targets.<\/p>\n\n\n\n<p class=\"wp-block-paragraph\">Ha sido coordinadora de Comunicaci\u00f3n Social en las delegaciones federales de las secretar\u00edas de Desarrollo Social y de Desarrollo Agrario, Territorial y Urbano. Fue asesora de la Secretar\u00eda de Gobierno, y adem\u00e1s se desempe\u00f1\u00f3 como columnista de varios medios de comunicaci\u00f3n, entre ellos, Capital Michoac\u00e1n.<\/p>\n\n\n\n<p class=\"wp-block-paragraph\">Fue subdirectora de noticias y eventos especiales del Sistema Michoacano de Radio y Televisi\u00f3n y jefa de informaci\u00f3n de la Corresponsal\u00eda de Televisa Michoac\u00e1n.<\/p>\n","protected":false},"excerpt":{"rendered":"<p>La presidenta del Consejo Social del Instituto Nacional de las Mujeres se\u00f1al\u00f3 que en tiempos de COVID-19 est\u00e1 m\u00e1s visibilizada la violencia y los feminicidios.<\/p>\n","protected":false},"author":3,"featured_media":22362,"comment_status":"open","ping_status":"open","sticky":false,"template":"","format":"standard","meta":{"_monsterinsights_skip_tracking":false,"footnotes":""},"categories":[691,56],"tags":[],"class_list":["post-22361","post","type-post","status-publish","format-standard","has-post-thumbnail","category-691","category-redes"],"_links":{"self":[{"href":"https:\/\/redsemlac.com\/semmexico\/wp-json\/wp\/v2\/posts\/22361","targetHints":{"allow":["GET"]}}],"collection":[{"href":"https:\/\/redsemlac.com\/semmexico\/wp-json\/wp\/v2\/posts"}],"about":[{"href":"https:\/\/redsemlac.com\/semmexico\/wp-json\/wp\/v2\/types\/post"}],"author":[{"embeddable":true,"href":"https:\/\/redsemlac.com\/semmexico\/wp-json\/wp\/v2\/users\/3"}],"replies":[{"embeddable":true,"href":"https:\/\/redsemlac.com\/semmexico\/wp-json\/wp\/v2\/comments?post=22361"}],"version-history":[{"count":0,"href":"https:\/\/redsemlac.com\/semmexico\/wp-json\/wp\/v2\/posts\/22361\/revisions"}],"wp:featuredmedia":[{"embeddable":true,"href":"https:\/\/redsemlac.com\/semmexico\/wp-json\/wp\/v2\/media\/22362"}],"wp:attachment":[{"href":"https:\/\/redsemlac.com\/semmexico\/wp-json\/wp\/v2\/media?parent=22361"}],"wp:term":[{"taxonomy":"category","embeddable":true,"href":"https:\/\/redsemlac.com\/semmexico\/wp-json\/wp\/v2\/categories?post=22361"},{"taxonomy":"post_tag","embeddable":true,"href":"https:\/\/redsemlac.com\/semmexico\/wp-json\/wp\/v2\/tags?post=22361"}],"curies":[{"name":"wp","href":"https:\/\/api.w.org\/{rel}","templated":true}]}}