{"id":22328,"date":"2020-06-23T21:20:35","date_gmt":"2020-06-23T21:20:35","guid":{"rendered":"https:\/\/redsemlac.com\/semmexico\/?p=22328"},"modified":"2023-07-21T16:24:50","modified_gmt":"2023-07-21T21:24:50","slug":"gobernacion-en-menos-de-lo-que-canta-un-gallo-propone-6-indigenas-para-conapred","status":"publish","type":"post","link":"https:\/\/redsemlac.com\/semmexico\/gobernacion-en-menos-de-lo-que-canta-un-gallo-propone-6-indigenas-para-conapred\/","title":{"rendered":"Gobernaci\u00f3n en menos de lo que canta un gallo propone 6 ind\u00edgenas para CONAPRED"},"content":{"rendered":"\n<ul class=\"wp-block-list\"><li><strong>Dijo que fue la asamblea del Conapred <\/strong><\/li><li><strong>No consider\u00f3 la propuesta abierta\npor el Frente Plural de Mujeres Ind\u00edgenas <\/strong><\/li><\/ul>\n\n\n\n<p class=\"wp-block-paragraph\"><strong>Sara Lovera con informaci\u00f3n de\nExpansi\u00f3n Pol\u00edtica<\/strong><\/p>\n\n\n\n<p class=\"wp-block-paragraph\">SemM\u00e9xico. Cd. de M\u00e9xico. 23 de junio de 2020.- Sorpresivamente,\ncuando no ha pasado una semana despu\u00e9s que qued\u00f3 sin direcci\u00f3n Consejo Nacional\npara Prevenir la Discriminaci\u00f3n (CONAPRED) en Gobernaci\u00f3n se proponen a seis\nmujeres para elegir a la nueva titular de este organismo.<\/p>\n\n\n\n<p class=\"wp-block-paragraph\">No fue tomada en cuenta la propuesta de mujeres\nind\u00edgenas organizadas, para generar un proceso de consulta, di\u00e1logo y\nrazonamientos para elegir a qui\u00e9n sustituyera a M\u00f3nica Maccise Duayhe. Y, hubo\nuna decisi\u00f3n \u201cvertical\u201d.<\/p>\n\n\n\n<p class=\"wp-block-paragraph\">Como se recordar\u00e1 luego de que Maccise Duayhe present\u00f3\nsu renuncia al CONAPRED y tras la pol\u00e9mica que levant\u00f3 la organizaci\u00f3n de un\nforo en materia de racismo y clasismo y las cr\u00edticas del presidente Andr\u00e9s\nManuel L\u00f3pez Obrador al consejo, este lunes los miembros del \u00f3rgano ciudadano\ndel Conapred, convocados por Olga S\u00e1nchez Cordero \u201cacordaron proponer al\npresidente tanto a las candidatas como una serie de lineamientos a seguir para\nelegir a la nueva titular\u201d. Momento en que el organismo est\u00e1 amenazado de muerte\ny tras las renuncias de los consejeros Mauricio Merino, Katia D\u2019 Artigues y\nRegina Tam\u00e9s, integrantes de la Asamblea Consultiva por diez a\u00f1os.<\/p>\n\n\n\n<p class=\"wp-block-paragraph\">Al parecer no se ley\u00f3 sobre la\ncreaci\u00f3n del \u201cFrente Plural de Mujeres Ind\u00edgenas\u201d quienes pidieron participar\ncon voz y voto en la designaci\u00f3n de quien estar\u00e1 al frente del CONAPRED y\nllamaron a no aceptar designaciones verticales y autoritarias.<\/p>\n\n\n\n<p class=\"wp-block-paragraph\">Propusieron a&nbsp;\nMartha S\u00e1nchez N\u00e9stor de la Coordinadora Nacional de Mujeres Ind\u00edgenas\n(CONAMI), a Zenaida P\u00e9rez Guti\u00e9rrez de la Asamblea Nacional Pol\u00edtica de Mujeres\nInd\u00edgenas (ANPMI) y Colectiva de Mujeres Ind\u00edgenas en Movimiento (MUAFRO), y a\nF\u00e1tima Leonor Gamboa Estrella de la Red Nacional de Abogadas Ind\u00edgenas (RAI) y\nMujeres Colbr\u00ed Colectiva LesBica Ind\u00edgena. A Amaranta G\u00f3mez Regalado de la\nCoalici\u00f3n Mexicana LGBTTI y Grupo de Mujeres Ind\u00edgenas de la CDMX, a Nelly\nAntonia Ju\u00e1rez Audelo de Alianza por la Reconstrucci\u00f3n de los Pueblos y Barrios\noriginarios de la Ciudad de M\u00e9xico, a Rub\u00ed Celia Huerta Norberto, de\nAcad\u00e9micas, acad\u00e9micos, gestores culturales y personas originarios de las 4\nregiones pur\u00e9pecha de Michoac\u00e1n, y a Marcelina Bautista de Trabajadoras del\nHogar (CACEH), e Ismerai Betanzos Ordaz, independiente. 8 mujeres.<\/p>\n\n\n\n<p class=\"wp-block-paragraph\">No obstante s\u00f3lo propusieron a 4 de las 8 que propuso este Frente y\nagregaron a. Larisa Ortiz Quintero, Ind\u00edgena Nahua y a Mar\u00eda\nS\u00e1nchez \u00c1lvarez, que trabaja con la comunicad Zoque.<\/p>\n\n\n\n<p class=\"wp-block-paragraph\">Se inform\u00f3 que fue la Asamblea\nConstitutiva del Conapred, conformada por Elena Azaola Garrido; Miguel Concha\nMalo; Sarah Corona Berkin; Mario Luis Fuentes Alcal\u00e1; Jos\u00e9 Antonio Guevara\nBerm\u00fadez; Carlos Heredia Zubieta; Mauricio Meschoulam; Pedro Sergio Pe\u00f1aloza\nP\u00e9rez; Hayde\u00e9 P\u00e9rez Garrido; Jessica Marjane Dur\u00e1n Franco; Diego Petersen\nFarah; Patricio Sol\u00eds Guti\u00e9rrez; Leticia Bonifaz Alfonzo; Estefan\u00eda Vela Barba.<\/p>\n\n\n\n<ul class=\"wp-block-list\"><li><strong>Marcelina Bautista Bautista<\/strong>: Directora del Centro de  Apoyo y Capacitaci\u00f3n para Empleadas del Hogar y fundadora del Centro de  Apoyo y Capacitaci\u00f3n para Empleadas del Hogar (CACEH), primera  organizaci\u00f3n sindical que agrupa a personas trabajadoras del hogar en  M\u00e9xico.<\/li><\/ul>\n\n\n\n<ul class=\"wp-block-list\"><li><strong>F\u00e1tima Leonor Gamboa:\u00a0<\/strong>Abogada maya y lesbiana,  experta en Derechos de los Pueblos Ind\u00edgenas y Cooperaci\u00f3n Internacional  por la Universidad Carlos III de Madrid y coordinadora del \u00e1rea legal de Equis Justicia para las Mujeres A. C. ; Leonor Gamboa tambi\u00e9n fue candidateada   por la Red Nacional de Abogadas Ind\u00edgenas (RAI).<\/li><li><strong>Amaranta G\u00f3mez      Regalado:\u00a0<\/strong>Antrop\u00f3loga      Social egresada de la Universidad Veracruzana, ind\u00edgena Zapoteca y Muxhe,  coordinadora del Secretariado Internacional Regional para Pueblos  Ind\u00edgenas ante el VIH\/SIDA, la Sexualidad y los Derechos Humanos (SIPIA) e  integrante del comit\u00e9 de selecci\u00f3n de proyectos de \u201cThe Foundation for  AIDS Research\u201d para Am\u00e9rica Latina y el Caribe.<\/li><li><strong>Larisa Ortiz Quintero:<\/strong>\u00a0Ind\u00edgena Nahua,  defensora e impulsora de los derechos de los pueblos ind\u00edgenas.  Actualmente es titular de la Secretar\u00eda de Pueblos y Barrios Originarios y Comunidades Ind\u00edgenas Residentes, primera secretar\u00eda del Gobierno de la  Ciudad de M\u00e9xico dedicada a los pueblos ind\u00edgenas.<\/li><li><strong>Zenaida P\u00e9rez Guti\u00e9rrez:<\/strong>\u00a0Integrante de la   Asamblea Nacional Pol\u00edtica de Mujeres Ind\u00edgenas y coordinadora del  Programa de Mujeres Ind\u00edgenas del Instituto de Liderazgo Simone de Beauvoir AC (ILSB).<\/li><li><strong>Mar\u00eda S\u00e1nchez \u00c1lvarez:<\/strong>\u00a0Licenciada en Derecho y maestra en Defensa de los derechos Humanos. Realiza trabajo organizativo con su comunidad ind\u00edgena ZOQUE.<\/li><\/ul>\n\n\n\n<p class=\"wp-block-paragraph\"><strong>\u00bfC\u00f3mo deben ser las candidatas a titular del\nConapred?<\/strong><\/p>\n\n\n\n<p class=\"wp-block-paragraph\">La Asamblea Consultiva pidi\u00f3 al\npresidente L\u00f3pez Obrador y a la Secretar\u00eda de Gobernaci\u00f3n que la persona que\nocupe la titularidad del Consejo no solo cumpla con los requisitos que\nestablece la Ley Federal para Prevenir y Eliminar la Discriminaci\u00f3n sino que\ntambi\u00e9n est\u00e9 caracterizada por los siguientes elementos:<\/p>\n\n\n\n<ul class=\"wp-block-list\"><li>Capacidad para intervenir y arbitrar sobre casos relevantes de discriminaci\u00f3n en la sociedad<\/li><li>Liderazgo y autoridad para exhibir y sancionar actos y procesos discriminatorios de las autoridades p\u00fablicas de todos los niveles<\/li><li>Liderazgo e independencia para proponer pol\u00edticas y conductas igualitarias y antidiscriminatorias en todos los niveles del gobierno; Honestidad acreditada y capacidad de  gesti\u00f3n de una instituci\u00f3n p\u00fablica que requiere ser reforzada<\/li><li>Di\u00e1logo y confianza con la sociedad civil a efecto de potenciar el alcance de las acciones del Conapred<\/li><li>Capacidad de conducir el  organismo agregando las agendas de todos los grupos hist\u00f3ricamente  discriminados, sin reducir ni limitar la acci\u00f3n de Conapred a alg\u00fan grupo o causa particular<\/li><li>Experiencia en el di\u00e1logo p\u00fablico, pedagog\u00eda social e intervenci\u00f3n en el debate cultural del pa\u00eds en favor de la igualdad, los derechos humanos y la no discriminaci\u00f3n.<\/li><\/ul>\n","protected":false},"excerpt":{"rendered":"<p>Dijo que fue la asamblea del Conapred <\/p>\n","protected":false},"author":3,"featured_media":22329,"comment_status":"open","ping_status":"open","sticky":false,"template":"","format":"standard","meta":{"_monsterinsights_skip_tracking":false,"footnotes":""},"categories":[691,51],"tags":[],"class_list":["post-22328","post","type-post","status-publish","format-standard","has-post-thumbnail","category-691","category-ejecutivo"],"_links":{"self":[{"href":"https:\/\/redsemlac.com\/semmexico\/wp-json\/wp\/v2\/posts\/22328","targetHints":{"allow":["GET"]}}],"collection":[{"href":"https:\/\/redsemlac.com\/semmexico\/wp-json\/wp\/v2\/posts"}],"about":[{"href":"https:\/\/redsemlac.com\/semmexico\/wp-json\/wp\/v2\/types\/post"}],"author":[{"embeddable":true,"href":"https:\/\/redsemlac.com\/semmexico\/wp-json\/wp\/v2\/users\/3"}],"replies":[{"embeddable":true,"href":"https:\/\/redsemlac.com\/semmexico\/wp-json\/wp\/v2\/comments?post=22328"}],"version-history":[{"count":0,"href":"https:\/\/redsemlac.com\/semmexico\/wp-json\/wp\/v2\/posts\/22328\/revisions"}],"wp:featuredmedia":[{"embeddable":true,"href":"https:\/\/redsemlac.com\/semmexico\/wp-json\/wp\/v2\/media\/22329"}],"wp:attachment":[{"href":"https:\/\/redsemlac.com\/semmexico\/wp-json\/wp\/v2\/media?parent=22328"}],"wp:term":[{"taxonomy":"category","embeddable":true,"href":"https:\/\/redsemlac.com\/semmexico\/wp-json\/wp\/v2\/categories?post=22328"},{"taxonomy":"post_tag","embeddable":true,"href":"https:\/\/redsemlac.com\/semmexico\/wp-json\/wp\/v2\/tags?post=22328"}],"curies":[{"name":"wp","href":"https:\/\/api.w.org\/{rel}","templated":true}]}}