{"id":22324,"date":"2020-06-23T21:09:20","date_gmt":"2020-06-23T21:09:20","guid":{"rendered":"https:\/\/redsemlac.com\/semmexico\/?p=22324"},"modified":"2023-07-21T16:24:50","modified_gmt":"2023-07-21T21:24:50","slug":"oaxaca-207","status":"publish","type":"post","link":"https:\/\/redsemlac.com\/semmexico\/oaxaca-207\/","title":{"rendered":"Repuestas exigen defensoras de derechos humanos respuestas por masacre en Oaxaca"},"content":{"rendered":"\n<ul class=\"wp-block-list\"><li><strong>Responsabilizamos a los tres niveles de gobierno por los asesinatos, las agresiones y da\u00f1os al patrimonio del pueblo ikoots<\/strong><\/li><\/ul>\n\n\n\n<ul class=\"wp-block-list\"><li><strong> Hubo una escalada de violencia no atendida, se\u00f1alan y hacen el recuento<\/strong><\/li><\/ul>\n\n\n\n<p class=\"wp-block-paragraph\"><strong>Lorena Vaniezcot<\/strong><\/p>\n\n\n\n<p class=\"wp-block-paragraph\">SemM\u00e9xico,\nOaxaca, 23 de junio, 2020.- La Iniciativa Mesoamericana de las Mujeres\nDefensoras de Derechos Humanos (IM-Defensoras) y la Red Nacional de Defensoras\nde Derechos Humanos en M\u00e9xico demandaron una respuesta de las autoridades\nestatales y federales que permita una pronta intervenci\u00f3n para solucionar las\ncausas estructurales del conflicto en San Mateo del Mar, las cuales derivaron\nen la masacre del d\u00eda 22 de junio de 2020. <\/p>\n\n\n\n<p class=\"wp-block-paragraph\">En un\ncomunicado expresan su preocupaci\u00f3n por la grave omisi\u00f3n de las autoridades de\nlos tres niveles de gobierno para prevenir esta escalada de violencia, ello\nluego de que desde mayo pasado la IM-Defensoras y la Red hab\u00edan hecho eco de\nlas denuncias presentadas por integrantes de las comunidades afectadas.<\/p>\n\n\n\n<p class=\"wp-block-paragraph\">Desde\nel pasado mes de mayo la violencia que viven las personas que integran el\npueblo Ikoots de San Mateo del Mar, en el estado de Oaxaca, por defender su\nterritorio no ha dejado de agravarse, se\u00f1alan.<\/p>\n\n\n\n<p class=\"wp-block-paragraph\">La \u00faltima y m\u00e1s grave situaci\u00f3n de violencia tuvo lugar durante los d\u00edas 21 y 22 de junio, la cual deriv\u00f3 en una masacre en el que al menos 15 personas fueron asesinadas y cerca de 30 m\u00e1s desaparecidas. Estos hechos ocurrieron a pesar de la presencia de la Guardia Nacional, cuyos elementos abandonaron el pueblo en el momento m\u00e1s \u00e1lgido del ataque. <\/p>\n\n\n\n<p class=\"wp-block-paragraph\">Esta\nescalada de la violencia se ha desatado pese a las advertencias y denuncias\nante las autoridades estatales y federales, motivadas por diversos ataques\nprevios. El primero de ellos tuvo lugar el 2 de mayo, cuando un grupo armado\nse\u00f1alado de actuar por instrucciones de Bernardino Ponce Hinojosa, Presidente\nMunicipal de San Mateo del Mar, dispar\u00f3 contra varias personas de la comunidad\nHuazantl\u00e1n del R\u00edo, en cuya entrada manten\u00edan un ret\u00e9n como medida de control\nsanitario para evitar la propagaci\u00f3n de la COVID-19, quem\u00f3 autom\u00f3viles y casas,\nretuvo y someti\u00f3 a torturas a integrantes de la comunidad y asesin\u00f3 a una\nautoridad comunitaria. <\/p>\n\n\n\n<p class=\"wp-block-paragraph\">M\u00e1s\ntarde, el 22 de mayo, nuevos hechos de violencia a la entrada de la poblaci\u00f3n\ntuvieron como resultado varias personas heridas. <\/p>\n\n\n\n<p class=\"wp-block-paragraph\">El\nmunicipio de San Mateo del Mar est\u00e1 poblado por ind\u00edgenas Ikoots, quienes desde\nhace m\u00e1s de diez a\u00f1os sostienen una f\u00e9rrea defensa de su territorio ante la\namenaza de empresas e\u00f3licas y, en la actualidad, frente al megaproyecto\n\u201cCorredor Inter-oce\u00e1nico\u201d. <\/p>\n\n\n\n<p class=\"wp-block-paragraph\">Esta\nlucha leg\u00edtima ha generado represalias en su contra por m\u00e1s de una d\u00e9cada, las\ncuales han sido utilizadas para desprestigiar y debilitar el proceso de defensa\ndel territorio. A ello se suma que la autonom\u00eda del pueblo Ikoots est\u00e1 siendo\nvulnerada desde 2017, cuando el Instituto Estatal Electoral y de Participaci\u00f3n\nCiudadana de Oaxaca (IEEPCO), como estrategia de toma de control y ruptura de\nla resistencia aval\u00f3 las elecciones de presidente municipal de San Mateo del\nMar, obviando que el pueblo Ikoots tiene un mecanismo propio para elegir a sus\nautoridades, reconocido constitucionalmente. <\/p>\n\n\n\n<p class=\"wp-block-paragraph\">Por\nello demandan: <\/p>\n\n\n\n<p class=\"wp-block-paragraph\">1. El\ncese inmediato de la actuaci\u00f3n violenta por parte de las autoridades locales. <\/p>\n\n\n\n<p class=\"wp-block-paragraph\">2. Una\noportuna intervenci\u00f3n de las fuerzas de seguridad con el fin de prevenir nuevos\nhechos de violencia y garantizar la integridad de las personas que se est\u00e1n\nviendo sometidas a esta violencia. <\/p>\n\n\n\n<p class=\"wp-block-paragraph\">3. El\ndesarrollo de investigaciones que permita la identificaci\u00f3n y sanci\u00f3n de\nautores materiales e intelectuales de los hechos violentos ocurridos desde el 3\nde mayo. <\/p>\n\n\n\n<p class=\"wp-block-paragraph\">4. Una\nrespuesta de las autoridades estatales y federales que permita una pronta intervenci\u00f3n\npara solucionar las causas estructurales del conflicto en San Mateo del Mar,\nlas cuales derivaron en la masacre del d\u00eda 22 de junio de 2020. <\/p>\n\n\n\n<p class=\"wp-block-paragraph\">5. Al\nGobierno Federal establecer en colaboraci\u00f3n con las autoridades comunales de\nSan Mateo del Mar el mecanismo de seguridad para garantizar que no surjan\nnuevos enfrentamientos, observando el marco internacional de derecho de los\npueblos ind\u00edgenas, espec\u00edficamente el art\u00edculo 4 incisos a, b y c del Convenio\n169 de la OIT. <\/p>\n\n\n\n<p class=\"wp-block-paragraph\">6.\nGarantizar la protecci\u00f3n de las personas defensoras de los derechos humanos que\ndesarrollan su labor en la comunidad de San Mateo del Mar, as\u00ed como a sus\nfamiliares. Por ello requerimos de la Comisi\u00f3n Nacional de Derechos Humanos la\natracci\u00f3n de la queja iniciada en la Defensor\u00eda del Pueblo de Oaxaca, la\nemisi\u00f3n de medidas cautelares para el pueblo Ikoots y la realizaci\u00f3n de una\nvisita en Situ en compa\u00f1\u00eda de integrantes de la Oficina del Alto Comisionado de\nNaciones Unidas para M\u00e9xico, con la finalidad de conocer e identificar la gravedad\ndel contexto y recoger testimonios de las v\u00edctimas directas e indirectas. <\/p>\n\n\n\n<p class=\"wp-block-paragraph\">7. Al\nGobierno de Oaxaca y sus autoridades dar inicio al procedimiento\ncorrespondiente frente los se\u00f1alamientos que desde el a\u00f1o 2019 se han venido\nrealizando en contra del Presidente Municipal de San Mateo del Mar, y en ese\nmarco actuar con debida diligencia para prevenir que surjan nuevos actos de\nviolencia.<\/p>\n","protected":false},"excerpt":{"rendered":"<p>Hubo una escalada de violencia no atendida, se\u00f1alan y hacen el recuento<\/p>\n","protected":false},"author":3,"featured_media":22325,"comment_status":"open","ping_status":"open","sticky":false,"template":"","format":"standard","meta":{"_monsterinsights_skip_tracking":false,"footnotes":""},"categories":[691,54],"tags":[],"class_list":["post-22324","post","type-post","status-publish","format-standard","has-post-thumbnail","category-691","category-mujeres"],"_links":{"self":[{"href":"https:\/\/redsemlac.com\/semmexico\/wp-json\/wp\/v2\/posts\/22324","targetHints":{"allow":["GET"]}}],"collection":[{"href":"https:\/\/redsemlac.com\/semmexico\/wp-json\/wp\/v2\/posts"}],"about":[{"href":"https:\/\/redsemlac.com\/semmexico\/wp-json\/wp\/v2\/types\/post"}],"author":[{"embeddable":true,"href":"https:\/\/redsemlac.com\/semmexico\/wp-json\/wp\/v2\/users\/3"}],"replies":[{"embeddable":true,"href":"https:\/\/redsemlac.com\/semmexico\/wp-json\/wp\/v2\/comments?post=22324"}],"version-history":[{"count":0,"href":"https:\/\/redsemlac.com\/semmexico\/wp-json\/wp\/v2\/posts\/22324\/revisions"}],"wp:featuredmedia":[{"embeddable":true,"href":"https:\/\/redsemlac.com\/semmexico\/wp-json\/wp\/v2\/media\/22325"}],"wp:attachment":[{"href":"https:\/\/redsemlac.com\/semmexico\/wp-json\/wp\/v2\/media?parent=22324"}],"wp:term":[{"taxonomy":"category","embeddable":true,"href":"https:\/\/redsemlac.com\/semmexico\/wp-json\/wp\/v2\/categories?post=22324"},{"taxonomy":"post_tag","embeddable":true,"href":"https:\/\/redsemlac.com\/semmexico\/wp-json\/wp\/v2\/tags?post=22324"}],"curies":[{"name":"wp","href":"https:\/\/api.w.org\/{rel}","templated":true}]}}