{"id":22318,"date":"2020-06-23T20:39:46","date_gmt":"2020-06-23T20:39:46","guid":{"rendered":"https:\/\/redsemlac.com\/semmexico\/?p=22318"},"modified":"2023-07-21T16:24:50","modified_gmt":"2023-07-21T21:24:50","slug":"maria-fernanda-garza-merodio-primera-vicepresidenta-de-icc-mundial-presidira-la-camara-en-2022","status":"publish","type":"post","link":"https:\/\/redsemlac.com\/semmexico\/maria-fernanda-garza-merodio-primera-vicepresidenta-de-icc-mundial-presidira-la-camara-en-2022\/","title":{"rendered":"Mar\u00eda Fernanda Garza Merodio primera vicepresidenta de ICC Mundial; presidir\u00e1 la c\u00e1mara en 2022"},"content":{"rendered":"\n<ul class=\"wp-block-list\"><li><strong>El CEO de MasterCard, Ajay Banga, toma la batuta por los pr\u00f3ximos dos a\u00f1os<\/strong><\/li><\/ul>\n\n\n\n<ul class=\"wp-block-list\"><li><strong>Empresaria de larga trayectoria, especialista en comunicaci\u00f3n y gobernanza dirige Orestia, empresa de productos de plomer\u00eda e iluminaci\u00f3n.<\/strong><\/li><\/ul>\n\n\n\n<p class=\"wp-block-paragraph\"><strong>Por\nRedacci\u00f3n<\/strong><\/p>\n\n\n\n<p class=\"wp-block-paragraph\">SemM\u00e9xico. Cd. de\nM\u00e9xico. 23 de junio de 2020.- La empresaria mexicana Mar\u00eda Fernanda Garza\nMerodio fue electa ayer como la primera vicepresidenta de la International\nChamber of Commerce Mundial y, por las normas que rigen a la organizaci\u00f3n,\nrepresentante institucional de m\u00e1s de 45 millones de empresas en m\u00e1s de 100\npa\u00edses. Presidir\u00e1 a los empresarios a nivel global por dos a\u00f1os a partir de\n2022.<\/p>\n\n\n\n<p class=\"wp-block-paragraph\">La reuni\u00f3n 210 del\nConsejo Mundial de la ICC se realiz\u00f3 de forma virtual y en ella se ratific\u00f3\ncomo presidenta al CEO de MasterCard, Ajay Banga, quien fung\u00eda como primer\nvicepresidente desde 2018 al lado del presidente Paul Polman. En el sistema\nnormativo de ICC el primer vicepresidente trabaja de forma coordinada con el\npresidente actual y el presidente saliente durante dos a\u00f1os, con el fin de\ndarle continuidad al trabajo entre las distintas gestiones, sin que se pierdan\nlos objetivos de fondo y los cambios sean tersos.<\/p>\n\n\n\n<p class=\"wp-block-paragraph\">Mar\u00eda Fernanda Garza\nMerodio, quien la semana pasada dej\u00f3 el liderazgo de la ICC MEXICO en manos de\nClaus von Wobeser, trabajar\u00e1 dos a\u00f1os en coordinaci\u00f3n con el empresario\nestadounidense Ajay Banga y el presidente saliente, Paul Polman, antes de\nasumir la presidencia de ICC Mundial en 2022.<\/p>\n\n\n\n<p class=\"wp-block-paragraph\">Ser\u00e1 esta la primera\nocasi\u00f3n que una empresaria ocupe la vicepresidencia mundial de ICC y ser\u00e1\ntambi\u00e9n la primera mujer en presidir el organismo. S\u00f3lo una ocasi\u00f3n lo presidi\u00f3\nun latinoamericano. Ser\u00e1, adem\u00e1s, la primera ocasi\u00f3n que el CEO de una mediana\nempresa estar\u00e1 al frente de la Organizaci\u00f3n Mundial de las Empresas. Garza\nMerodio dirige los destinos de Orestia, especialista en productos de plomer\u00eda e\niluminaci\u00f3n.<\/p>\n\n\n\n<p class=\"wp-block-paragraph\">De acuerdo con Mar\u00eda\nFernanda Garza Merodio, la idea de la nueva administraci\u00f3n de la ICC Mundial va\nen dos v\u00edas, la que ten\u00edan marcada antes del Covid 19 y la coyuntural a partir\nde la de la pandemia.<\/p>\n\n\n\n<p class=\"wp-block-paragraph\">Es decir, en primer\nlugar, la parte estrat\u00e9gica como que la tecnolog\u00eda sirva y funcione para todos;\nque el comercio sea pensando en las personas y en el planeta mediante una\neconom\u00eda circular; acabar con la inequidad global y acortar la brecha entre\npa\u00edses y entre las sociedades; hacer que las acciones contra el cambio\nclim\u00e1tico sea un asunto de todos e impulsar a\u00fan m\u00e1s el libre comercio a nivel\nglobal.<\/p>\n\n\n\n<p class=\"wp-block-paragraph\">Por otra parte,\ntener una respuesta efectiva de las empresas ante la crisis por la pandemia y,\nsobre todo, que el comercio siga fluyendo a nivel internacional, poder mitigar\nel riesgo de un colapso del sistema y apoyar a las empresas a proteger los\nempleos.<\/p>\n\n\n\n<p class=\"wp-block-paragraph\">Y para que el\nregreso de las empresas sea de una manera m\u00e1s segura, ICC ha establecido\nalianzas con la Organizaci\u00f3n Mundial de la Salud (OMS) y el Fondo de las\nNaciones Unidas para la Infancia (UNICEF), para la protecci\u00f3n de los ni\u00f1os,\napoyando el teletrabajo para quienes est\u00e1n con sus hijos y el empleo se los\npermite&#8211;; adem\u00e1s, hay 14 documentos construidos durante la pandemia, como\n\u201cSalvemos a las peque\u00f1as y medianas empresas\u201d, las propuestas al G-20, el apoyo\na las medianas empresas, y los lineamientos a los gobiernos para que no sigan\nimponiendo aranceles y tarifas sobre todo en los insumos que se requieren para\npaliar la pandemia, como ya lo han hecho 80 naciones.<\/p>\n\n\n\n<p class=\"wp-block-paragraph\">La experiencia por\nla crisis de 2008-2009 debe servir para que no volvamos en el mismo lugar donde\nest\u00e1bamos, como lo hicimos aquella ocasi\u00f3n, con un consumo acelerado, sino\nsalir mejor que como entramos a esta pandemia. Debemos reconocer que el rumbo\nque llev\u00e1bamos no era el \u00f3ptimo, entonces hay que poner mucho \u00e9nfasis en el\nmedio ambiente, que haya mayor inclusi\u00f3n social, que existan m\u00e1s oportunidades\necon\u00f3micas para todos.<\/p>\n\n\n\n<p class=\"wp-block-paragraph\">Es la oportunidad de\nreconfigurar el rumbo que llev\u00e1bamos: en los \u00faltimos 20 a\u00f1os si bien muchas\npersonas salieron en la pobreza, se configuraron en solo una regi\u00f3n del mundo:\nAsia, y el resto sigui\u00f3 aumentando la brecha de pobres y ricos; de los que\ntienen acceso a medios digitales y los que no.<\/p>\n\n\n\n<p class=\"wp-block-paragraph\">Mar\u00eda Fernanda Garza\nMerodio dijo que se necesita una digitalizaci\u00f3n m\u00e1s r\u00e1pida y que llegue\nrealmente a todas las personas, porque el riesgo actual, dadas las\ncircunstancias de la pandemia, es que esa brecha se va a abrir\u00e1 a\u00fan m\u00e1s entre\nlos que tienen acceso a la digitaci\u00f3n y los que no; va a ser todav\u00eda m\u00e1s grande\ny ya no la podremos manejar.<\/p>\n\n\n\n<p class=\"wp-block-paragraph\"><strong>\u00bfQui\u00e9n es?<\/strong><\/p>\n\n\n\n<p class=\"wp-block-paragraph\">Estudi\u00f3 en el\nInstituto Panamericano de Alta Direcci\u00f3n de Empresa (IPADE) especialidad:\nGobernabilidad Institucional 2008 \u2013 2009; Universidad Iberoamericana, Ciudad de\nM\u00e9xico, licenciada en Comunicaci\u00f3n 1980 \u2013 1984<\/p>\n\n\n\n<div class=\"wp-block-image\"><figure class=\"alignleft size-large\"><img loading=\"lazy\" decoding=\"async\" width=\"314\" height=\"369\" src=\"https:\/\/redsemlac.com\/semmexico\/wp-content\/uploads\/2020\/06\/MARIA-FERNANDA.jpg\" alt=\"\" class=\"wp-image-22319\"\/><\/figure><\/div>\n\n\n\n<p class=\"wp-block-paragraph\">Graduada con\nestudios en Comunicaci\u00f3n y Gobernanza Institucional.<\/p>\n\n\n\n<p class=\"wp-block-paragraph\">Empresaria mexicana,\nfundadora de varias empresas de productos relacionados con el sector de la\nconstrucci\u00f3n. Actualmente es CEO de Orestia, empresa especializada en\nsoluciones innovadoras en el ramo de plomer\u00eda que exporta a EEUU, Canad\u00e1,\nTailandia, Chile, Costa Rica y Hong Kong.<\/p>\n\n\n\n<p class=\"wp-block-paragraph\">Presidenta de ICC\n(International Chamber of Commerce) M\u00e9xico, Coordinadora Regional para las\nAm\u00e9ricas de ICC y miembro de la Comisi\u00f3n Ejecutiva Mundial de ICC, la\nOrganizaci\u00f3n Mundial de las Empresas.<\/p>\n\n\n\n<p class=\"wp-block-paragraph\">Ha participado\nactivamente en organizaciones empresariales y de la sociedad civil, ocupando\ndiversas posiciones CCE, Coparmex, AliaRSE, e ICC. Durante diez a\u00f1os fue integrante\nde la Delegaci\u00f3n de Empleadores de M\u00e9xico ante la Conferencia de la\nOrganizaci\u00f3n Internacional del Trabajo y en 2009 fue nombrada Vice-Presidente\nempleador en la 98\ufe7e Conferencia de la OIT en Ginebra, Suiza.<\/p>\n\n\n\n<p class=\"wp-block-paragraph\">&nbsp;Ha sido nombrada representante del Sector\nEmpresarial ante diversas instancias gubernamentales. Promotora de la Responsabilidad\nSocial Empresarial en M\u00e9xico y form\u00f3 parte o del Corporate Responsibility\nNetwork del BIAC \u2013 OCDE e incansable luchadora contra la corrupci\u00f3n en M\u00e9xico,\nparticipa activamente en el movimiento social por una cultura de honestidad e\nintegridad.<\/p>\n\n\n\n<p class=\"wp-block-paragraph\">Por esto, ICC har\u00e1\nuna campa\u00f1a para que micros, peque\u00f1as, medianas y grandes empresas que no est\u00e1n\ndigitalizadas a\u00fan, lo hagan a trav\u00e9s de la red de ICC, de los comit\u00e9s\nnacionales y de las c\u00e1maras de comercio.<\/p>\n\n\n\n<p class=\"wp-block-paragraph\">Am\u00e9rica Latina y\n\u00c1frica son un foco rojo por ser las regiones m\u00e1s atrasadas en este momento, y\nante la pandemia la preocupaci\u00f3n es que se aumente la brecha, en lugar de que\nse acorte. Despu\u00e9s de la crisis econ\u00f3mica de 2008-2009 se perdi\u00f3 la oportunidad\nde reconfigurar el rumbo y las acciones que est\u00e1bamos tomando. Nos llev\u00f3 mucho\ntiempo salir de la crisis, pero volvimos a salir con el mismo rumbo que\nllev\u00e1bamos, con el consumo acelerado y, lo que queremos buscar, es que podamos\ncambiar las formas de consumo, llevar esto hacia una econom\u00eda circular, no\nlineal como ahora.<\/p>\n\n\n\n<p class=\"wp-block-paragraph\">Y en el aspecto de\nla inclusi\u00f3n social, es importante que las empresas, adem\u00e1s de sus accionistas,\ntomen en consideraci\u00f3n tambi\u00e9n a su comunidad; llevar el comercio hacia una\neconom\u00eda circular y eso lo podemos hacer porque somos la \u00fanica organizaci\u00f3n\nmundial de empresas y lo podemos hacer con los comit\u00e9s nacionales que estamos\nen 130 pa\u00edses, adem\u00e1s de las c\u00e1maras de comercio que existen.<\/p>\n\n\n\n<p class=\"wp-block-paragraph\">La parte estrat\u00e9gica\nes que la tecnolog\u00eda sirva y funcione para todos; que el comercio sea pensando\nen las personas y en el planeta; acabar con la inequidad global; hacer que las\nacciones contra el cambio clim\u00e1tico sea un asunto de todos y el comercio fluya\ncada d\u00eda m\u00e1s entre todas las regiones del mundo.<\/p>\n\n\n\n<p class=\"wp-block-paragraph\">ICC M\u00e9xico\nrepresenta y apoya a las empresas establecidas en nuestro pa\u00eds en el \u00e1mbito\nnacional e internacional, con el fin de impulsar el crecimiento econ\u00f3mico, la\napertura comercial y alentar la inversi\u00f3n a nuestro pa\u00eds. Nuestro trabajo es\naut\u00f3nomo, apartidista y busca incidir en el progreso de M\u00e9xico para lograr una\nnaci\u00f3n m\u00e1s justa, competitiva e incluyente, para que las personas y las\nempresas puedan desarrollar todo su potencial. <\/p>\n","protected":false},"excerpt":{"rendered":"<p>El CEO de MasterCard, Ajay Banga, toma la batuta por los pr\u00f3ximos dos a\u00f1os<\/p>\n","protected":false},"author":3,"featured_media":22320,"comment_status":"open","ping_status":"open","sticky":false,"template":"","format":"standard","meta":{"_monsterinsights_skip_tracking":false,"footnotes":""},"categories":[691,54],"tags":[],"class_list":["post-22318","post","type-post","status-publish","format-standard","has-post-thumbnail","category-691","category-mujeres"],"_links":{"self":[{"href":"https:\/\/redsemlac.com\/semmexico\/wp-json\/wp\/v2\/posts\/22318","targetHints":{"allow":["GET"]}}],"collection":[{"href":"https:\/\/redsemlac.com\/semmexico\/wp-json\/wp\/v2\/posts"}],"about":[{"href":"https:\/\/redsemlac.com\/semmexico\/wp-json\/wp\/v2\/types\/post"}],"author":[{"embeddable":true,"href":"https:\/\/redsemlac.com\/semmexico\/wp-json\/wp\/v2\/users\/3"}],"replies":[{"embeddable":true,"href":"https:\/\/redsemlac.com\/semmexico\/wp-json\/wp\/v2\/comments?post=22318"}],"version-history":[{"count":0,"href":"https:\/\/redsemlac.com\/semmexico\/wp-json\/wp\/v2\/posts\/22318\/revisions"}],"wp:featuredmedia":[{"embeddable":true,"href":"https:\/\/redsemlac.com\/semmexico\/wp-json\/wp\/v2\/media\/22320"}],"wp:attachment":[{"href":"https:\/\/redsemlac.com\/semmexico\/wp-json\/wp\/v2\/media?parent=22318"}],"wp:term":[{"taxonomy":"category","embeddable":true,"href":"https:\/\/redsemlac.com\/semmexico\/wp-json\/wp\/v2\/categories?post=22318"},{"taxonomy":"post_tag","embeddable":true,"href":"https:\/\/redsemlac.com\/semmexico\/wp-json\/wp\/v2\/tags?post=22318"}],"curies":[{"name":"wp","href":"https:\/\/api.w.org\/{rel}","templated":true}]}}