{"id":22312,"date":"2020-06-23T20:27:37","date_gmt":"2020-06-23T20:27:37","guid":{"rendered":"https:\/\/redsemlac.com\/semmexico\/?p=22312"},"modified":"2023-07-21T16:24:50","modified_gmt":"2023-07-21T21:24:50","slug":"este-ano-el-orgullo-sale-a-los-balcones","status":"publish","type":"post","link":"https:\/\/redsemlac.com\/semmexico\/este-ano-el-orgullo-sale-a-los-balcones\/","title":{"rendered":"Este a\u00f1o el Orgullo sale a los balcones"},"content":{"rendered":"\n<ul class=\"wp-block-list\"><li> <strong>El FELGTB propone que en este Orgullo 2020 los balcones, que han sido la conexi\u00f3n de gran parte de la poblaci\u00f3n con el mundo exterior durante meses, cobren un significado especial y se conviertan en el s\u00edmbolo del Orgullo como emblema de visibilidad, expresi\u00f3n y denuncia <\/strong><\/li><\/ul>\n\n\n\n<p class=\"wp-block-paragraph\"><strong>Por Redacci\u00f3n\u00a0<\/strong><\/p>\n\n\n\n<p class=\"wp-block-paragraph\">sEMm\u00e9xico\/Amecopress. Madrid, 23 jun. 20.- La Federaci\u00f3n Estatal de Lesbianas, Gays, Trans y Bisexuales (FELGTB) ha explicado en su p\u00e1gina web c\u00f3mo ser\u00e1 la reivindicaci\u00f3n del Orgullo de este a\u00f1o que, ante el panorama actual, tendr\u00e1 que ser desde casa.<\/p>\n\n\n\n<p class=\"wp-block-paragraph\">Aunque el Estado de Alarma impuesto en Espa\u00f1a ya haya llegado a su fin, la situaci\u00f3n de pandemia contin\u00faa vigente y los actos multitudinarios &#8211; como podr\u00eda ser la manifestaci\u00f3n del Orgullo &#8211; a\u00fan tendr\u00e1n que esperar un tiempo para poder llevarse a cabo.<\/p>\n\n\n\n<p class=\"wp-block-paragraph\">La crisis del 2020 ha modificado en la sociedad la manera de comunicarse, de visibilizarse y relacionarse. Por eso, desde FELGTB proponemos que en este Orgullo 2020 los balcones, que han sido la conexi\u00f3n de gran parte de la poblaci\u00f3n con el mundo exterior durante meses, cobren un significado especial y se conviertan en el s\u00edmbolo del Orgullo como emblema de visibilidad, expresi\u00f3n y denuncia.<\/p>\n\n\n\n<p class=\"wp-block-paragraph\">Porque, tal como explica nuestra presidenta, Uge Sangil, \u201csi algo nos caracteriza es nuestro esp\u00edritu de lucha, de no rendirnos ante nada, de reinventarnos. Por eso, si este a\u00f1o no podemos salir un mill\u00f3n de personas a la calle, saldremos muchas m\u00e1s a nuestros balcones y ventanas para reivindicar lo que es nuestro, para celebrar lo que ya hemos conseguido, para visibilizarnos y enorgullecernos de lo que somos\u201d.<\/p>\n\n\n\n<p class=\"wp-block-paragraph\"><strong>\u00bfC\u00f3mo participar en el Orgullo de este a\u00f1o?<\/strong><\/p>\n\n\n\n<p class=\"wp-block-paragraph\">Todos podemos sumarnos a esta acci\u00f3n entre el 26 de junio y el 5 de julio para que los balcones, que han sido un s\u00edmbolo importante durante esta pandemia, se conviertan de nuevo en nuestra voz y en nuestro Orgullo:<\/p>\n\n\n\n<p class=\"wp-block-paragraph\">PASO 1: Saca tu bandera y\/o tu reivindicaci\u00f3n a tu balc\u00f3n o ventana.<\/p>\n\n\n\n<p class=\"wp-block-paragraph\">PASO 2: Hazte una foto, \u00a1s\u00fabela a tus redes sociales y etiqu\u00e9tanos usando #MiBalc\u00f3nMiOrgullo!<\/p>\n","protected":false},"excerpt":{"rendered":"<p>El FELGTB propone que en este Orgullo 2020 los balcones, que han sido la conexi\u00f3n de gran parte de la poblaci\u00f3n con el mundo exterior durante meses, cobren un significado especial y se conviertan en el s\u00edmbolo del Orgullo como emblema de visibilidad, expresi\u00f3n y denuncia<\/p>\n","protected":false},"author":3,"featured_media":22313,"comment_status":"open","ping_status":"open","sticky":false,"template":"","format":"standard","meta":{"_monsterinsights_skip_tracking":false,"footnotes":""},"categories":[691,53],"tags":[],"class_list":["post-22312","post","type-post","status-publish","format-standard","has-post-thumbnail","category-691","category-internacional"],"_links":{"self":[{"href":"https:\/\/redsemlac.com\/semmexico\/wp-json\/wp\/v2\/posts\/22312","targetHints":{"allow":["GET"]}}],"collection":[{"href":"https:\/\/redsemlac.com\/semmexico\/wp-json\/wp\/v2\/posts"}],"about":[{"href":"https:\/\/redsemlac.com\/semmexico\/wp-json\/wp\/v2\/types\/post"}],"author":[{"embeddable":true,"href":"https:\/\/redsemlac.com\/semmexico\/wp-json\/wp\/v2\/users\/3"}],"replies":[{"embeddable":true,"href":"https:\/\/redsemlac.com\/semmexico\/wp-json\/wp\/v2\/comments?post=22312"}],"version-history":[{"count":0,"href":"https:\/\/redsemlac.com\/semmexico\/wp-json\/wp\/v2\/posts\/22312\/revisions"}],"wp:featuredmedia":[{"embeddable":true,"href":"https:\/\/redsemlac.com\/semmexico\/wp-json\/wp\/v2\/media\/22313"}],"wp:attachment":[{"href":"https:\/\/redsemlac.com\/semmexico\/wp-json\/wp\/v2\/media?parent=22312"}],"wp:term":[{"taxonomy":"category","embeddable":true,"href":"https:\/\/redsemlac.com\/semmexico\/wp-json\/wp\/v2\/categories?post=22312"},{"taxonomy":"post_tag","embeddable":true,"href":"https:\/\/redsemlac.com\/semmexico\/wp-json\/wp\/v2\/tags?post=22312"}],"curies":[{"name":"wp","href":"https:\/\/api.w.org\/{rel}","templated":true}]}}