{"id":2231,"date":"2018-12-14T18:50:22","date_gmt":"2018-12-14T18:50:22","guid":{"rendered":"https:\/\/redsemlac.com\/semmexico\/?p=2231"},"modified":"2023-07-21T14:34:41","modified_gmt":"2023-07-21T19:34:41","slug":"los-legisladores-locales-y-federales-deberan-incorporar-en-una-ley-lo-que-en-un-principio-fue-una-accion-afirmativa-e-a-nivel-nacional","status":"publish","type":"post","link":"https:\/\/redsemlac.com\/semmexico\/los-legisladores-locales-y-federales-deberan-incorporar-en-una-ley-lo-que-en-un-principio-fue-una-accion-afirmativa-e-a-nivel-nacional\/","title":{"rendered":"Los legisladores locales y federales deber\u00e1n incorporar en una ley, lo que en un principio fue una acci\u00f3n afirmativa e a nivel nacional."},"content":{"rendered":"\n<p class=\"wp-block-paragraph\"><a href=\"https:\/\/www.semmexico.com\/gallery-post.php?id=6652#\">Josefina Aguilar Pastor,<\/a><\/p>\n\n\n\n<p class=\"wp-block-paragraph\">SemM\u00e9xico. Chilpancingo, Guerrero. 14&nbsp;de diciembre de 2018.-Del proceso electoral 2017-2018, el Observatorio de Participaci\u00f3n Pol\u00edtica de las Mujeres del Estado de Guerrero, recibi\u00f3 solo tres denuncias formales de violencia pol\u00edtica contra mujeres, una de las cuales sent\u00f3 un precedente a nivel nacional, inform\u00f3, Nazar\u00edn Vargas Armenta, consejero presidente del Instituto Electoral y Participaci\u00f3n Ciudadana (IEPC).<\/p>\n\n\n\n<p class=\"wp-block-paragraph\">En entrevista luego de rendir el informe anual de actividades 2018, como presidente del consejo t\u00e9cnico del Observatorio de Participaci\u00f3n Pol\u00edtica de las Mujeres del Estado de Guerrero, el consejero presidente del IEPC, destac\u00f3 la importancia de este \u00f3rgano, para medir el nivel de reconocimiento y protecci\u00f3n de la participaci\u00f3n pol\u00edtica de las mujeres desde los institutos pol\u00edticos electorales y las consecuencias de ello, a trav\u00e9s de las resoluciones de los casos ventilados por las propias mujeres, ante los tribunales.<\/p>\n\n\n\n<p class=\"wp-block-paragraph\">Uno de estos casos, fue el de Zulma Carbajal Salgado, aspirante a la presidencia municipal de Iguala por el Partido de la Revoluci\u00f3n Democr\u00e1tica (PRD), quien interpuso un recurso ante el propio IEPC, por el incumplimiento de su partido, del principio de paridad de g\u00e9nero, en la asignaci\u00f3n de candidaturas, \u00f3rgano que declar\u00f3 infundado el recurso, el cual fue impugnado y resuelto a su favor por una sentencia en la sala Regional del Tribunal Electoral del Poder Judicial de la Federaci\u00f3n (TRIFE).<\/p>\n\n\n\n<p class=\"wp-block-paragraph\">Otro m\u00e1s, el de Rosa Mar\u00eda Aguilar, aspirante a la diputaci\u00f3n por el principio de mayor\u00eda relativa para el V Distrito Electoral Local con sede en Acapulco, quien interpuso un recurso de reconsideraci\u00f3n ante el Tribunal Electoral del Estado (TEE), contra de la resoluci\u00f3n de la Comisi\u00f3n de Candidaturas del PRD, que design\u00f3 a otra persona como candidato, a pesar de haber sido ella, quien se registr\u00f3; el \u00e1rbitro electoral;&nbsp; la denunciante&nbsp; promovi\u00f3 un juicio para la protecci\u00f3n de los derechos pol\u00edtico-electorales a fin de controvertir las sentencia emitidas, la Sala Regional Ciudad de M\u00e9xico emiti\u00f3 sentencia, por la que revoc\u00f3 el acuerdo de designaci\u00f3n de candidaturas emitido por el CEN del PRD.<\/p>\n\n\n\n<p class=\"wp-block-paragraph\">El tercer caso, fue el de Judith T\u00e9llez N\u00fa\u00f1ez, candidata a regidora del PRD, en contra del Consejo Distrital 08 con sede en Acapulco, por la inobservancia del principio de paridad de g\u00e9nero en la conformaci\u00f3n del ayuntamiento, y quien debi\u00f3 haber sido incluida a pesar de que la sala regional&nbsp; resolvi\u00f3 a su favor, lo hizo ya que la comuna hab\u00eda quedado integrada, sin embargo, sent\u00f3 un precedente a nivel nacional, debido a que a ra\u00edz de este recurso, el TRIFE resolvi\u00f3 dar vista a todos los \u00f3rganos p\u00fablicos del pa\u00eds, tomar en cuenta esta resoluci\u00f3n para la conformaci\u00f3n de los cabildos.<\/p>\n\n\n\n<p class=\"wp-block-paragraph\">Vargas Armenta se\u00f1al\u00f3 que las mujeres continuar\u00e1n luchando por lograr mayor participaci\u00f3n pol\u00edtica hasta lograr la igualdad de participaci\u00f3n \u201cme parece que eso es una tarea de las mujeres y los \u00f3rganos administrativos y los \u00f3rganos jurisdiccionales ir\u00e1n respondiendo a esas demandas\u201d.<\/p>\n\n\n\n<p class=\"wp-block-paragraph\">Agreg\u00f3 que la participaci\u00f3n pol\u00edtica de las mujeres, est\u00e1 regulada por una serie de acciones afirmativas que deber\u00e1n traducirse en ley; para ello, los legisladores locales y federales consider\u00f3, deber\u00e1n incorporar en una ley, lo que en un principio fue una acci\u00f3n afirmativa y con ello lograr una mayor tutela de los derechos pol\u00edticos de las mujeres.<br><\/p>\n","protected":false},"excerpt":{"rendered":"<p>Josefina Aguilar Pastor, SemM\u00e9xico. Chilpancingo, Guerrero. 14&nbsp;de diciembre de 2018.-Del proceso electoral 2017-2018, el Observatorio de Participaci\u00f3n Pol\u00edtica de las Mujeres del Estado de Guerrero, recibi\u00f3 solo tres denuncias formales de violencia pol\u00edtica contra mujeres, una de las cuales sent\u00f3 un precedente a nivel nacional, inform\u00f3, Nazar\u00edn Vargas Armenta, consejero presidente del Instituto Electoral y [&hellip;]<\/p>\n","protected":false},"author":3,"featured_media":2232,"comment_status":"open","ping_status":"open","sticky":false,"template":"","format":"standard","meta":{"_monsterinsights_skip_tracking":false,"footnotes":""},"categories":[689,33],"tags":[],"class_list":["post-2231","post","type-post","status-publish","format-standard","has-post-thumbnail","category-689","category-elecciones-2018"],"_links":{"self":[{"href":"https:\/\/redsemlac.com\/semmexico\/wp-json\/wp\/v2\/posts\/2231","targetHints":{"allow":["GET"]}}],"collection":[{"href":"https:\/\/redsemlac.com\/semmexico\/wp-json\/wp\/v2\/posts"}],"about":[{"href":"https:\/\/redsemlac.com\/semmexico\/wp-json\/wp\/v2\/types\/post"}],"author":[{"embeddable":true,"href":"https:\/\/redsemlac.com\/semmexico\/wp-json\/wp\/v2\/users\/3"}],"replies":[{"embeddable":true,"href":"https:\/\/redsemlac.com\/semmexico\/wp-json\/wp\/v2\/comments?post=2231"}],"version-history":[{"count":0,"href":"https:\/\/redsemlac.com\/semmexico\/wp-json\/wp\/v2\/posts\/2231\/revisions"}],"wp:featuredmedia":[{"embeddable":true,"href":"https:\/\/redsemlac.com\/semmexico\/wp-json\/wp\/v2\/media\/2232"}],"wp:attachment":[{"href":"https:\/\/redsemlac.com\/semmexico\/wp-json\/wp\/v2\/media?parent=2231"}],"wp:term":[{"taxonomy":"category","embeddable":true,"href":"https:\/\/redsemlac.com\/semmexico\/wp-json\/wp\/v2\/categories?post=2231"},{"taxonomy":"post_tag","embeddable":true,"href":"https:\/\/redsemlac.com\/semmexico\/wp-json\/wp\/v2\/tags?post=2231"}],"curies":[{"name":"wp","href":"https:\/\/api.w.org\/{rel}","templated":true}]}}