{"id":22309,"date":"2020-06-23T20:25:45","date_gmt":"2020-06-23T20:25:45","guid":{"rendered":"https:\/\/redsemlac.com\/semmexico\/?p=22309"},"modified":"2023-07-21T16:24:50","modified_gmt":"2023-07-21T21:24:50","slug":"el-coronavirus-no-puede-ser-una-excusa-para-no-respetar-el-derecho-de-asilo","status":"publish","type":"post","link":"https:\/\/redsemlac.com\/semmexico\/el-coronavirus-no-puede-ser-una-excusa-para-no-respetar-el-derecho-de-asilo\/","title":{"rendered":"El coronavirus no puede ser una \u00abexcusa\u00bb para no respetar el derecho de asilo"},"content":{"rendered":"\n<ul class=\"wp-block-list\"><li> <strong>La crisis del COVID-19 ha afectado tambi\u00e9n a las personas refugiadas, uno de los colectivos m\u00e1s vulnerables de la sociedad, en el que las mujeres est\u00e1n expuestas a la trata y explotaci\u00f3n sexual<\/strong><\/li><\/ul>\n\n\n\n<p class=\"wp-block-paragraph\"><strong>Por Nora Fern\u00e1ndez Fern\u00e1ndez<\/strong><\/p>\n\n\n\n<p class=\"wp-block-paragraph\">SemM\u00e9xico\/AmecoPress. Madrid, 23 jun. 20.- La Comisi\u00f3n Espa\u00f1ola de Ayuda al Refugiado (CEAR) presentaba el viernes pasado su informe anual \u2018Las personas refugiadas en Espa\u00f1a y Europa\u2019 con motivo del D\u00eda Mundial de las Personas Refugiadas, que se celebra el 20 de junio. En la rueda de prensa, ha reclamado a las autoridades europeas y espa\u00f1olas que no utilicen la pandemia del COVID-19 como \u201cexcusa\u201d para no respetar el derecho al asilo \u201cy aplicar pol\u00edticas de control migratorio m\u00e1s restrictivas\u201d.<\/p>\n\n\n\n<p class=\"wp-block-paragraph\">CEAR ha avisado de que la emergencia sanitaria causada por el virus plantea \u201cnumerosos retos en materia de acceso al derecho de asilo\u201d. Los confinamientos, el cierre de fronteras generalizado, precarias condiciones higi\u00e9nicas en los campos de refugiados, problemas econ\u00f3micos que agravan sus condiciones de vida, son algunos de los retos que destaca la entidad.<\/p>\n\n\n\n<p class=\"wp-block-paragraph\">Durante la presentaci\u00f3n del informe, el presidente de la organizaci\u00f3n, Carlos Berzosa, ha valorado el \u201ccomportamiento c\u00edvico\u201d de las personas refugiadas durante la crisis sanitaria, destacando que han seguido las normas \u201ca rajatabla\u201d. \u201cInmigrantes y refugiados est\u00e1n facilitando que podamos comer, llevando a cabo actividades esenciales. Pedimos que no se queden marginados con las nuevas medidas\u201d, ha dicho. Por su parte, Estrella Gal\u00e1n, directora de CEAR, ha declarado que \u201ces necesario que los Estados no pongan en cuarentena sus obligaciones con las personas que se han visto obligadas a huir de sus hogares\u201d.<\/p>\n\n\n\n<p class=\"wp-block-paragraph\"><strong>Europa y las personas refugiadas<\/strong><\/p>\n\n\n\n<p class=\"wp-block-paragraph\">El informe anual de CEAR ha reflejado que, un a\u00f1o m\u00e1s, se han alcanzado cifras sin precedentes a nivel global de personas refugiadas. Seg\u00fan ACNUR, m\u00e1s de 79 millones de personas se han visto obligadas a huir de sus hogares en busca de una vida mejor, superando las 70,8 millones de personas que se contabilizaron en el a\u00f1o 2018.<\/p>\n\n\n\n<p class=\"wp-block-paragraph\">Justamente a finales de ese a\u00f1o, Venezuela protagonizaba el mayor \u00e9xodo en Am\u00e9rica y una de las mayores crisis de desplazamiento a escala mundial, con 4 millones de personas desplazadas a mediados de 2019, convirti\u00e9ndose as\u00ed en el primer pa\u00eds de origen de nuevas solicitudes de asilo a escala global.<\/p>\n\n\n\n<p class=\"wp-block-paragraph\">Seg\u00fan los datos recogidos por CEAR, el a\u00f1o pasado se interrumpi\u00f3 la constante decreciente del n\u00famero de solicitantes de asilo en la Uni\u00f3n Europea, que tuvo su mayor n\u00famero en 2015 con 1,3 millones de solicitudes. El a\u00f1o pasado, el 57% de las 721.090 personas solicitantes formalizaron su petici\u00f3n en solo tres pa\u00edses: Alemania (165.615), Francia (128.940) y Espa\u00f1a (118.264).<\/p>\n\n\n\n<p class=\"wp-block-paragraph\">La nueva Comisi\u00f3n Europea, presidida por \u00darsula Von der Leyen, atribuy\u00f3 a la migraci\u00f3n y el derecho de asilo un lugar preferente en su denominada \u201cAgenda para Europa\u201d y anunci\u00f3, entre sus prioridades, la aprobaci\u00f3n de un Pacto Europeo en estas materias, pero, m\u00e1s all\u00e1 de la ret\u00f3rica habitual acerca del compromiso con las personas refugiadas, la realidad actual solo invita al pesimismo: en 2019 \u00fanicamente hubo consenso en una reforma ajena al SECA (Sociedad Espa\u00f1ola de Calidad Asistencial), la del reglamento del Frontex, centrada en el refuerzo de la vigilancia policial de las fronteras exteriores de la UE.<\/p>\n\n\n\n<p class=\"wp-block-paragraph\">En 2019 las llegadas irregulares de migrantes a la Uni\u00f3n Europea, tanto por v\u00eda terrestre como mar\u00edtima, se redujeron el 13% respecto a 2018, aunque en el caso de Espa\u00f1a este descenso fue ligeramente superior al 50%. Como ya sucedi\u00f3 en a\u00f1os anteriores tanto en Espa\u00f1a como en otros de la UE, la intensificaci\u00f3n del control migratorio y de las relaciones de cooperaci\u00f3n en esta materia con Marruecos llev\u00f3 a la reactivaci\u00f3n desde septiembre de 2019 de la ruta atl\u00e1ntica hacia Canarias desde el nordeste de \u00c1frica.<\/p>\n\n\n\n<p class=\"wp-block-paragraph\">Mientras los pa\u00edses europeos blindan sus fronteras, la figura del reasentamiento es pr\u00e1cticamente la \u00fanica v\u00eda legal y segura en marcha. A mediados de diciembre de 2019 ya se hab\u00eda cubierto en un 83% el compromiso asumido por veinte pa\u00edses europeos (Espa\u00f1a entre ellos) de acoger a un total de 50 000 personas en el marco de estos programas, aunque es preciso mejorar su implementaci\u00f3n y corregir los defectos detectados, como la larga duraci\u00f3n de los procesos, la falta de informaci\u00f3n durante los mismos, la carencia de criterios \u00fanicos y en algunos casos su falta de flexibilidad.<\/p>\n\n\n\n<p class=\"wp-block-paragraph\"><strong>Las personas refugiadas en Espa\u00f1a<\/strong><\/p>\n\n\n\n<p class=\"wp-block-paragraph\">En 2019, con 118.264, Espa\u00f1a duplic\u00f3 ampliamente su registro hist\u00f3rico de solicitantes de protecci\u00f3n internacional alcanzado en 2018, siendo el tercer pa\u00eds de la Uni\u00f3n Europea que registr\u00f3 un mayor n\u00famero de solicitantes de asilo. El 77% del total procedi\u00f3 de seis pa\u00edses americanos: Venezuela (40.906), Colombia (29.363), Honduras (6.792), Nicaragua (5.931), El Salvador (4.784) y Per\u00fa (3.989). Por el contrario, la exigencia de un visado de tr\u00e1nsito explica el acusado descenso de las personas originarias de Siria y Palestina que pidieron asilo.<\/p>\n\n\n\n<p class=\"wp-block-paragraph\">De las 60.198 personas afectadas por expedientes resueltos en 2019, 1.653 (2,7%) lograron el estatuto de refugiada y 1.503 la protecci\u00f3n subsidiaria (2,5%). Asimismo, de las 39.776 personas solicitantes, el 66% del total de las afectadas por resoluciones de expedientes, obtuvieron una autorizaci\u00f3n de residencia por razones humanitarias (en su inmensa mayor\u00eda originarias de Venezuela), mientras que 17.266 (28,7%) quedaron sin ning\u00fan tipo de protecci\u00f3n. Muchas de estas proceden de pa\u00edses donde la situaci\u00f3n es especialmente grave: por ejemplo, el 98,9% de las personas solicitantes de Colombia, el 90,6% de las originarias de Palestina, el 88,5% de las nacionales de El Salvador, el 84% de las de Nicaragua y el 79,5% de las de Honduras no recibieron protecci\u00f3n internacional, ni obtuvieron una autorizaci\u00f3n de residencia por razones humanitarias.<\/p>\n\n\n\n<p class=\"wp-block-paragraph\">Por otra parte, y a pesar del refuerzo importante de los medios y del personal de la Oficina de Asilo y Refugio, continu\u00f3 la enorme acumulaci\u00f3n de expedientes pendientes de resoluci\u00f3n, que a finales de 2019 ya sumaban 133.020, la mitad de ellos de dos nacionalidades: Colombia (34.110) y Venezuela (33.960). En la Uni\u00f3n Europea, solo Alemania tiene m\u00e1s solicitudes en tr\u00e1mite.<\/p>\n\n\n\n<p class=\"wp-block-paragraph\">Adem\u00e1s, en Ceuta y Melilla persistieron las restricciones a la libertad de movimiento de las personas solicitantes de protecci\u00f3n internacional, a pesar de que desde 2010 los tribunales han subrayado su ilegalidad en numeras ocasiones.<\/p>\n\n\n\n<p class=\"wp-block-paragraph\"><strong>M\u00e1s dificultades para solicitar las peticiones<\/strong><\/p>\n\n\n\n<p class=\"wp-block-paragraph\">En el informe 2020, CEAR recoge los obst\u00e1culos que se mantuvieron en 2019 para hacer efectivo el derecho de asilo, a pesar de registrarse un r\u00e9cord en el n\u00famero de peticiones presentadas.<\/p>\n\n\n\n<p class=\"wp-block-paragraph\">En este sentido, Estrella Gal\u00e1n ha explicado que tras la declaraci\u00f3n del estado de alarma los flujos de entrada \u201cse han reducido enormemente\u201d en Espa\u00f1a y que \u201cse suspendieron de facto\u201d las solicitudes de asilo que, en sus palabras, \u201cno se han considerado esenciales\u201d.<\/p>\n\n\n\n<p class=\"wp-block-paragraph\">Pese al aumento en solicitudes, disminuy\u00f3 el porcentaje de personas que lograron protecci\u00f3n internacional, seg\u00fan lamenta la entidad. Espa\u00f1a solo ofreci\u00f3 protecci\u00f3n internacional al 5,2% de solicitantes, en contraste con el 24% del a\u00f1o anterior y el 31% de media en el conjunto de pa\u00edses de la Uni\u00f3n Europea en 2019.<\/p>\n\n\n\n<p class=\"wp-block-paragraph\">La organizaci\u00f3n apunta tambi\u00e9n que en 2019 aumentaron las dificultades para acceder al procedimiento, con esperas para formalizar la solicitud en ocasiones superiores a un a\u00f1o. Adem\u00e1s, sostiene que los avances en materia de acogida e inclusi\u00f3n \u201cfueron insuficientes\u201d para atender las necesidades del conjunto de personas solicitantes de protecci\u00f3n internacional y refugiadas. Tambi\u00e9n ha se\u00f1alado que \u201cEspa\u00f1a sigui\u00f3 poniendo numerosas trabas para que muchas personas puedan solicitar asilo en nuestro pa\u00eds, con la persistencia de las devoluciones en caliente, la exigencia de visado de tr\u00e1nsito a las personas originarias de Siria, Palestina o Yemen, o dificultando los procesos de reagrupaci\u00f3n\u201d.<\/p>\n\n\n\n<p class=\"wp-block-paragraph\"><strong>Propuestas para la mejora de la protecci\u00f3n de las personas refugiadas<\/strong><\/p>\n\n\n\n<p class=\"wp-block-paragraph\">En su informe, la entidad incluye 18 propuestas dirigidas a las autoridades espa\u00f1olas para que se garanticen los derechos de las personas migrantes, solicitantes de asilo y refugiadas. Para la entidad, urge seguir adoptando medidas que protejan y garanticen los derechos de estas personas, especialmente ante la progresiva desescalada.<\/p>\n\n\n\n<p class=\"wp-block-paragraph\">Entre muchas otras, CEAR pide asegurar unos est\u00e1ndares de calidad adecuados a lo largo de todo el procedimiento de protecci\u00f3n internacional y garantizar el acceso al procedimiento para las personas refugiadas. Asimismo, insiste en reclamar la puesta en marcha de medidas de regularizaci\u00f3n extraordinaria, al tiempo que ve \u201curgente\u201d concluir los m\u00e1s de 100.000 expedientes de asilo pendientes de resoluci\u00f3n. Seg\u00fan Eurostat, a finales de abril de 2020 hab\u00eda 140.640 solicitudes pendientes en Espa\u00f1a.<\/p>\n\n\n\n<p class=\"wp-block-paragraph\">Para la directora general de CEAR, el impacto del Covid-19 \u201cha convertido la poca movilidad en mucho m\u00e1s arriesgada y mucho m\u00e1s compleja para las personas que huyen\u201d, por lo que han quedado \u201cm\u00e1s vulnerables\u201d. En la misma l\u00ednea, ha incidido en que la pandemia \u201cha empeorado y recrudecido\u201d las condiciones de vida de las personas cuyas situaciones \u201cya eran de por s\u00ed extremadamente vulnerables\u201d.<\/p>\n","protected":false},"excerpt":{"rendered":"<p>La crisis del COVID-19 ha afectado tambi\u00e9n a las personas refugiadas, uno de los colectivos m\u00e1s vulnerables de la sociedad, en el que las mujeres est\u00e1n expuestas a la trata y explotaci\u00f3n sexual<\/p>\n","protected":false},"author":3,"featured_media":22322,"comment_status":"open","ping_status":"open","sticky":false,"template":"","format":"standard","meta":{"_monsterinsights_skip_tracking":false,"footnotes":""},"categories":[691,135],"tags":[],"class_list":["post-22309","post","type-post","status-publish","format-standard","has-post-thumbnail","category-691","category-emergencia-sanitaria-covid-19"],"_links":{"self":[{"href":"https:\/\/redsemlac.com\/semmexico\/wp-json\/wp\/v2\/posts\/22309","targetHints":{"allow":["GET"]}}],"collection":[{"href":"https:\/\/redsemlac.com\/semmexico\/wp-json\/wp\/v2\/posts"}],"about":[{"href":"https:\/\/redsemlac.com\/semmexico\/wp-json\/wp\/v2\/types\/post"}],"author":[{"embeddable":true,"href":"https:\/\/redsemlac.com\/semmexico\/wp-json\/wp\/v2\/users\/3"}],"replies":[{"embeddable":true,"href":"https:\/\/redsemlac.com\/semmexico\/wp-json\/wp\/v2\/comments?post=22309"}],"version-history":[{"count":0,"href":"https:\/\/redsemlac.com\/semmexico\/wp-json\/wp\/v2\/posts\/22309\/revisions"}],"wp:featuredmedia":[{"embeddable":true,"href":"https:\/\/redsemlac.com\/semmexico\/wp-json\/wp\/v2\/media\/22322"}],"wp:attachment":[{"href":"https:\/\/redsemlac.com\/semmexico\/wp-json\/wp\/v2\/media?parent=22309"}],"wp:term":[{"taxonomy":"category","embeddable":true,"href":"https:\/\/redsemlac.com\/semmexico\/wp-json\/wp\/v2\/categories?post=22309"},{"taxonomy":"post_tag","embeddable":true,"href":"https:\/\/redsemlac.com\/semmexico\/wp-json\/wp\/v2\/tags?post=22309"}],"curies":[{"name":"wp","href":"https:\/\/api.w.org\/{rel}","templated":true}]}}