{"id":22306,"date":"2020-06-23T20:21:08","date_gmt":"2020-06-23T20:21:08","guid":{"rendered":"https:\/\/redsemlac.com\/semmexico\/?p=22306"},"modified":"2023-07-21T16:24:50","modified_gmt":"2023-07-21T21:24:50","slug":"que-hacer-para-acabar-con-las-violencias-contra-las-mujeres","status":"publish","type":"post","link":"https:\/\/redsemlac.com\/semmexico\/que-hacer-para-acabar-con-las-violencias-contra-las-mujeres\/","title":{"rendered":"Qu\u00e9 hacer para acabar con las violencias contra las mujeres"},"content":{"rendered":"\n<ul class=\"wp-block-list\"><li> <strong>El debate del tercer webinario del ciclo \u2018La igualdad de g\u00e9nero para la (re)construcci\u00f3n de un mundo sostenible\u2019 aporta ideas y propuestas legislativas, pol\u00edticas y sociales para transformar las normas sociales y los imaginarios que reproducen, normalizan y nutren las violencias machistas y su impunidad <\/strong><\/li><\/ul>\n\n\n\n<p class=\"wp-block-paragraph\"><strong>Por Gloria L\u00f3pez<\/strong><\/p>\n\n\n\n<p class=\"wp-block-paragraph\">SemM\u00e9xico\/Amecopress. Madrid, 23 jun. 2020. El webinario \u00abBeijing +25: El fin de las violencias contra las mujeres y su vinculaci\u00f3n con nuevos modelos de relaciones sociales\u00bb reuni\u00f3 a expertas de distintos \u00e1mbitos y pa\u00edses para analizar en el \u00e1mbito nacional e internacional, el estado, la evoluci\u00f3n y las propuestas realizadas desde la sociedad civil como respuesta ante las violencias que sufren mujeres y ni\u00f1as por el hecho de ser mujeres. Adem\u00e1s, se analizaron las normas sociales e imaginarios que dentro de las sociedades legitiman, sustentan y reproducen estas violencias y se compartieron propuestas para avanzar.<\/p>\n\n\n\n<p class=\"wp-block-paragraph\">Seg\u00fan la Organizaci\u00f3n Mundial de la Salud \u201cUna de cada tres mujeres en el mundo sufre violencia f\u00edsica o sexual, principalmente por parte de su pareja. Eso convierte esta forma de violencia en la violaci\u00f3n de los derechos humanos m\u00e1s extendida, pero tambi\u00e9n en una de las menos denunciadas. Es frecuente en tiempos de paz y estabilidad, pero los riesgos se multiplican cuando estalla una crisis\u201d. La experiencia de la pandemia del Covid-19 as\u00ed lo confirma.<\/p>\n\n\n\n<p class=\"wp-block-paragraph\">Las expertas destacaron la vigencia de la agenda y objetivos establecidos por la Conferencia de Beijing, que supuso un cambio sustancial, gracias a la acci\u00f3n del movimiento feminista, al conseguir ubicar la violencia que se ejerce contra las mujeres como un asunto p\u00fablico y no simplemente dom\u00e9stico. Sin embargo, en estos 25 a\u00f1os, a pesar de los avances normativos, en numerosas ocasiones los Estados han priorizado la respuesta judicial y han dejado de lado cuestiones que afectan a la prevenci\u00f3n, protecci\u00f3n y reparaci\u00f3n de las v\u00edctimas y, de manera especial, a la trasformaci\u00f3n del imaginario o conciencia social, el sustrato que la sostiene.<\/p>\n\n\n\n<p class=\"wp-block-paragraph\">La ley org\u00e1nica de protecci\u00f3n integral contra la violencia de g\u00e9nero que Espa\u00f1a aprob\u00f3 en 2004 en un ejemplo que ilustra bien esta tendencia. A pesar de ser una ley pionera, que se ha convertido en un modelo internacional a la hora de legislar por su car\u00e1cter integral, en su aplicaci\u00f3n se ha desarrollado sobre todo uno de sus t\u00edtulos, el cuarto, relacionado con la respuesta policial y judicial. \u201cDe este modo\u201d, explic\u00f3 Victoria Rosell, Delegada del Gobierno para la Violencia de G\u00e9nero, \u201cel Estado remarca un enfoque policial y judicial en lo que no es un problema judicial, lo cual nos lleva a conformarnos con una visi\u00f3n absolutamente limitada y sin perspectiva de g\u00e9nero\u201d.<\/p>\n\n\n\n<p class=\"wp-block-paragraph\"><strong>\u00abViolencia que domestica\u00bb<\/strong><\/p>\n\n\n\n<p class=\"wp-block-paragraph\">En el trasfondo de esta respuesta sigue operando la concepci\u00f3n de la violencia contra las mujeres como una \u201cviolencia que domestica\u201d, una justicia neoliberal que trata los problemas como casos aislados e individuales y opera sobre un marco de seguridad. Frente a ello, hay una concepci\u00f3n relacional dentro del marco de las estructuras de g\u00e9nero patriarcales que examina las causas sociales, que toma medidas anti discriminaci\u00f3n e impulsa pol\u00edticas de igualdad y cuyo marco es de derechos sociales y econ\u00f3micos.<\/p>\n\n\n\n<p class=\"wp-block-paragraph\">Efectivamente, hay que ir m\u00e1s all\u00e1 de la mirada judicial y m\u00e1s all\u00e1 de los feminicidios, que son los casos m\u00e1s visibles. En ese sentido, Mar\u00eda Naredo, especialista en violencias, destac\u00f3 otras expresiones como la violencia psicol\u00f3gica, las humillaciones machistas, el acoso callejero o el acoso en el trabajo que tambi\u00e9n requieren de atenci\u00f3n. Y resalt\u00f3 formas de violencia contra las mujeres que han crecido desde Beijing o que simplemente no exist\u00edan hace 25 a\u00f1os. En primer lugar, la violencia que sufren las mujeres que migran, agravada por los efectos del cierre de fronteras, y en segundo lugar, las violencias digitales, especialmente relevantes en las m\u00e1s j\u00f3venes y en donde Naredo destac\u00f3 que, \u201caunque algunas pr\u00e1cticas en el \u00e1mbito digital ya se han tipificado como delito, es imprescindible reforzar el trabajo desde un enfoque de prevenci\u00f3n\u201d.<\/p>\n\n\n\n<p class=\"wp-block-paragraph\"><strong>Mirada social, medi\u00e1tica e institucional<\/strong><\/p>\n\n\n\n<p class=\"wp-block-paragraph\">Pero m\u00e1s all\u00e1 de estas nuevas manifestaciones \u201cpersisten grandes desaf\u00edos en cuanto a la mirada social, medi\u00e1tica e institucional de las violencias machistas, que no ha cambiado tanto en los \u00faltimos 25 a\u00f1os, a pesar de que el movimiento social feminista haya desbordado las calles y contribuido a su visibilizaci\u00f3n\u201d, contextualizaba M\u00f3nica Novillo, representante de la Coordinadora de la Mujer en Bolivia. La experta resalt\u00f3 que todav\u00eda no se ha incorporado la igualdad de g\u00e9nero en los curr\u00edculos escolares y que queda mucho que avanzar en lo que respecta a los medios de comunicaci\u00f3n. \u201cA pesar del trabajo que han realizado las comunicadoras desde hace a\u00f1os sobre c\u00f3mo abordar la violencia y los maltratos, no se ha logrado articular una alianza s\u00f3lida con los medios de comunicaci\u00f3n que siguen aplicando enfoques que culpabilizan a las mujeres de la violencia que sufren\u201d.<\/p>\n\n\n\n<p class=\"wp-block-paragraph\">Desde su experiencia en Am\u00e9rica Latina destac\u00f3 la necesidad de atender a las particularidades de algunos colectivos muy numerosos en el continente como son las mujeres ind\u00edgenas, las mujeres afrodescendientes o las mujeres que viven en el \u00e1mbito rural.<\/p>\n\n\n\n<p class=\"wp-block-paragraph\"><strong>Cinco medidas<\/strong><\/p>\n\n\n\n<p class=\"wp-block-paragraph\">Las entidades que organizan el ciclo de webinarios \u2018La igualdad de g\u00e9nero para la (re)construcci\u00f3n de un mundo sostenible\u2019 consideran que para alcanzar la igualdad de g\u00e9nero es imprescindible poner fin a las violencias machistas ya que constituyen la mayor manifestaci\u00f3n de las relaciones de poder hist\u00f3ricamente desiguales entre hombres y mujeres.<\/p>\n\n\n\n<p class=\"wp-block-paragraph\">La soluci\u00f3n pasa por transformar las normas sociales y los imaginarios que reproducen, normalizan y nutren las violencias machistas y su impunidad, reforzar el desarrollo y la implementaci\u00f3n de leyes integrales y medidas urgentes y eficaces, entre las cuales est\u00e1n las de prevenci\u00f3n, y asegurar que las supervivientes de violencia tienen acceso a servicios de apoyo de calidad, as\u00ed como mecanismos de protecci\u00f3n, justicia y reparaci\u00f3n eficaces.<\/p>\n\n\n\n<p class=\"wp-block-paragraph\">Helena Leit\u00e3o, del Grupo de Expertos en la lucha contra la violencia contra la mujer y la violencia dom\u00e9stica (GREVIO), defendi\u00f3 la importancia del Convenio de Estambul en el avance en la lucha contra la violencia de g\u00e9nero, especialmente en lo que respecta a servicios estatales. Y propuso cinco medidas que los Estados pueden aplicar \u201cya\u201d para avanzar en esta materia: legislaci\u00f3n que observe los acuerdos internacionales; planes nacionales y locales de acci\u00f3n en los que participen administraciones p\u00fablicas, organizaciones de mujeres y medios de comunicaci\u00f3n; formaci\u00f3n para el personal que atiende a las v\u00edctimas de violencia (polic\u00eda, judicatura y servicios sociales); aplicaci\u00f3n de recursos econ\u00f3micos y humanos suficientes; y fomento de la autonom\u00eda econ\u00f3mica de las mujeres, garantizando los derechos de las mujeres a poseer las tierras y muy especialmente a la igualdad salarial y al acceso a un empleo seguro y decente.<\/p>\n\n\n\n<p class=\"wp-block-paragraph\"><strong>Violencias sexuales<\/strong><\/p>\n\n\n\n<p class=\"wp-block-paragraph\">En el debate hubo espacio para la atenci\u00f3n a las violencias sexuales y m\u00e1s concretamente para el anteproyecto de ley de libertad sexual aprobado recientemente por el Consejo de Ministros y Ministras en Espa\u00f1a, el cual, seg\u00fan expuso Rosell \u201ces un cambio de paradigma en el tratamiento de las violencias sexuales\u201d, al poner el acento no tanto en el delito como en las garant\u00edas.<\/p>\n\n\n\n<p class=\"wp-block-paragraph\">\u201cTenemos un concepto equivocado de violaci\u00f3n\u201d, explic\u00f3 la Delegada del Gobierno. En Espa\u00f1a, seg\u00fan la macroencuesta de 2015, ha sufrido violencia sexual a lo largo de toda su vida un 5,9% de las mujeres mayores de 16 a\u00f1os, y violaci\u00f3n, un 2%, es decir, 400.000 mujeres aproximadamente. Solo el 14% de las violaciones se denuncian en la polic\u00eda y los juzgados. El 18% de las violaciones se cometen por desconocidos, mientras que en el 82% de los casos los violadores son personas del entorno cercano de las v\u00edctimas (familiares, compa\u00f1eros).<\/p>\n\n\n\n<p class=\"wp-block-paragraph\">El proyecto legislativo plantea un tratamiento integral de las violencias sexuales. Cuenta con varios t\u00edtulos, a pesar de que el de penal es que ha despertado mayor inter\u00e9s. En ese sentido, hay dos elementos claves: \u00abno es abuso, es violaci\u00f3n\u00bb y \u00abs\u00f3lo s\u00ed es s\u00ed\u00bb.<\/p>\n\n\n\n<p class=\"wp-block-paragraph\">El ciclo \u2019La igualdad de g\u00e9nero para la (re)construcci\u00f3n de un mundo sostenible\u2019 est\u00e1 organizado por Futuro en Com\u00fan, el grupo de g\u00e9nero de Coordinadora de ONG para el Desarrollo, la Federaci\u00f3n de Planificaci\u00f3n Familiar Estatal y Oxfam Interm\u00f3n, con el apoyo del Ministerio de Exteriores, la Comisi\u00f3n Europea y Countdown 2030. Las entidades destacan la relevancia del Foro Generaci\u00f3n Igualdad, en el que se har\u00e1 una revisi\u00f3n internacional de los avances y desaf\u00edos relativos a la igualdad de g\u00e9nero, 25 a\u00f1os despu\u00e9s de Conferencia de Beijing.<\/p>\n","protected":false},"excerpt":{"rendered":"<p>El debate del tercer webinario del ciclo \u2018La igualdad de g\u00e9nero para la (re)construcci\u00f3n de un mundo sostenible\u2019 aporta ideas y propuestas legislativas, pol\u00edticas y sociales para transformar las normas sociales y los imaginarios que reproducen, normalizan y nutren las violencias machistas y su impunidad<\/p>\n","protected":false},"author":3,"featured_media":22307,"comment_status":"open","ping_status":"open","sticky":false,"template":"","format":"standard","meta":{"_monsterinsights_skip_tracking":false,"footnotes":""},"categories":[691,53],"tags":[],"class_list":["post-22306","post","type-post","status-publish","format-standard","has-post-thumbnail","category-691","category-internacional"],"_links":{"self":[{"href":"https:\/\/redsemlac.com\/semmexico\/wp-json\/wp\/v2\/posts\/22306","targetHints":{"allow":["GET"]}}],"collection":[{"href":"https:\/\/redsemlac.com\/semmexico\/wp-json\/wp\/v2\/posts"}],"about":[{"href":"https:\/\/redsemlac.com\/semmexico\/wp-json\/wp\/v2\/types\/post"}],"author":[{"embeddable":true,"href":"https:\/\/redsemlac.com\/semmexico\/wp-json\/wp\/v2\/users\/3"}],"replies":[{"embeddable":true,"href":"https:\/\/redsemlac.com\/semmexico\/wp-json\/wp\/v2\/comments?post=22306"}],"version-history":[{"count":0,"href":"https:\/\/redsemlac.com\/semmexico\/wp-json\/wp\/v2\/posts\/22306\/revisions"}],"wp:featuredmedia":[{"embeddable":true,"href":"https:\/\/redsemlac.com\/semmexico\/wp-json\/wp\/v2\/media\/22307"}],"wp:attachment":[{"href":"https:\/\/redsemlac.com\/semmexico\/wp-json\/wp\/v2\/media?parent=22306"}],"wp:term":[{"taxonomy":"category","embeddable":true,"href":"https:\/\/redsemlac.com\/semmexico\/wp-json\/wp\/v2\/categories?post=22306"},{"taxonomy":"post_tag","embeddable":true,"href":"https:\/\/redsemlac.com\/semmexico\/wp-json\/wp\/v2\/tags?post=22306"}],"curies":[{"name":"wp","href":"https:\/\/api.w.org\/{rel}","templated":true}]}}