{"id":22303,"date":"2020-06-23T20:16:11","date_gmt":"2020-06-23T20:16:11","guid":{"rendered":"https:\/\/redsemlac.com\/semmexico\/?p=22303"},"modified":"2023-07-21T16:24:50","modified_gmt":"2023-07-21T21:24:50","slug":"lorena-villavicencio-rechaza-el-atentado-contra-sipinna","status":"publish","type":"post","link":"https:\/\/redsemlac.com\/semmexico\/lorena-villavicencio-rechaza-el-atentado-contra-sipinna\/","title":{"rendered":"Lorena Villavicencio rechaza el atentado contra SIPINNA"},"content":{"rendered":"\n<ul class=\"wp-block-list\"><li><strong>La austeridad no justifica un grave retroceso que pretende el presidente de la Rep\u00fablica<\/strong><\/li><\/ul>\n\n\n\n<ul class=\"wp-block-list\"><li><strong>Se pone en riesgo a casi 40 millones de ni\u00f1as, ni\u00f1os y adolescentes y a 26 mil que mueren antes de cumplir un a\u00f1o<\/strong><\/li><\/ul>\n\n\n\n<ul class=\"wp-block-list\"><li><strong>SIPINNA es un \u00f3rgano del Estado Mexicano creado por ley<\/strong><\/li><\/ul>\n\n\n\n<ul class=\"wp-block-list\"><li><strong>Atentado a la democracia dice el PAN<\/strong><\/li><\/ul>\n\n\n\n<p class=\"wp-block-paragraph\"><strong>Por Sara Lovera<\/strong><\/p>\n\n\n\n<p class=\"wp-block-paragraph\">SemM\u00e9xico. Cd. de M\u00e9xico. 23 de junio de 2020.- Luego que este lunes el presidente Andr\u00e9s Manuel L\u00f3pez Obrador critic\u00f3 y amenaz\u00f3 la actividad del l Sistema Nacional de Protecci\u00f3n de Ni\u00f1as, Ni\u00f1os y Adolescente (SIPINNA), la diputada morenista Lorena Villavicencio Ayala rechaz\u00f3 contundente la intenci\u00f3n presidencial de desaparecer o disminuir la actividad de este sistema porque dejar\u00eda en a casi 40 millones de j\u00f3venes y criaturas y le record\u00f3 que es un organismo del \u201cm\u00e1s alto nivel\u201d. Dijo que no es argumento la austeridad.<\/p>\n\n\n\n<p class=\"wp-block-paragraph\">Opt\u00f3 la diputada por hacer un exhorto al jefe del Estado mexicano, para que no lo haga. Le record\u00f3 que SIPINNA realiza pol\u00edticas p\u00fablicas en favor de la ni\u00f1ez mexicana, que existe por decisi\u00f3n gubernamental donde todas las ni\u00f1as, ni\u00f1os y adolescentes pueden exigir y ejercer sus derechos humanos.<\/p>\n\n\n\n<p class=\"wp-block-paragraph\">Argument\u00f3 y advirti\u00f3 que para el pa\u00eds dejar en estado de indefensi\u00f3n a ni\u00f1os, ni\u00f1as y adolescentes hoy tutelados en sus derechos, por SIPINNA \u00e9sta no puede desaparecer. La austeridad no puede recortar instituciones que garantizan derechos humanos fundamentales.\u201d<\/p>\n\n\n\n<p class=\"wp-block-paragraph\">Lo que urge, dijo al presidente Andr\u00e9s Manuel L\u00f3pez Obrador, es el reconocimiento y continuidad en sus funciones del Sistema y dijo que SIPINNA representa el mecanismo de cambio para garantizar los derechos de 39 millones 705 mil 613 ni\u00f1as, ni\u00f1os y adolescentes en M\u00e9xico que representan el 31.22% del total de la poblaci\u00f3n; y la articulaci\u00f3n de las pol\u00edticas p\u00fablicas de los tres \u00f3rdenes de gobierno dirigidas a NNA que est\u00e1n invisibles.<\/p>\n\n\n\n<p class=\"wp-block-paragraph\">Luego dijo que los retos de la ni\u00f1ez y adolescencia son tan grandes como su importancia, es por lo que, SIPINNA coordina las acciones con el objetivo de asegurar el acceso de NNA a servicios en materia de salud, educaci\u00f3n, prevenci\u00f3n de la violencia, protecci\u00f3n y participaci\u00f3n salvaguardando su integridad.&nbsp;<\/p>\n\n\n\n<p class=\"wp-block-paragraph\">A Lorena Villavicencio, activa en la defensa de los organismo desconcentrados y descentralizado, le preocupa \u201csinceramente la tasa de mortalidad infantil, porque cada a\u00f1o fallecen m\u00e1s de 26 mil ni\u00f1as y ni\u00f1os antes de cumplir su primer a\u00f1o de vida y que en la mayor\u00eda de los casos, se pueden evitar; por eso\u201d rechaz\u00f3 rotundamente la intenci\u00f3n de destruir esta instituci\u00f3n, no s\u00f3lo porque sirve a M\u00e9xico, sino porque desde su creaci\u00f3n en el 2015, representa uno de los compromisos de nuestro pa\u00eds ante la ONU\u201d. Precis\u00f3 la legisladora.<\/p>\n\n\n\n<p class=\"wp-block-paragraph\">Detall\u00f3 que la intenci\u00f3n de recortar gastos no justifica cuestionar sobre la existencia y permanencia de SIPINNA, me duele saber que se crea que SIPINNA no es esencial y ello da cuenta el desconocimiento de algunos datos: el 60% de la pornograf\u00eda que se consume en el mundo viene de M\u00e9xico, adem\u00e1s, m\u00e1s de 30 mil NNA se encuentran en casas hogares sin una familia.<\/p>\n\n\n\n<p class=\"wp-block-paragraph\">Destac\u00f3 tambi\u00e9n que existen diferencias entre las facultades y atribuciones de SIPINNA y los DIF porque el primero articula de forma integral pol\u00edticas p\u00fablicas para la protecci\u00f3n y promoci\u00f3n de la ni\u00f1ez, y el DIF procura la asistencia social de la poblaci\u00f3n m\u00e1s vulnerable del pa\u00eds.<\/p>\n\n\n\n<p class=\"wp-block-paragraph\">Finalmente, rechaz\u00f3 la destrucci\u00f3n de instituciones que sirven a M\u00e9xico en particular de aquellas que se dedican a trabajar por los derechos de las NNA como SIPINNA, que deriva de la Ley General de Derechos de Ni\u00f1as, Ni\u00f1os y Adolescentes, y es un sistema reconocido a nivel internacional, el cual debe ser fortalecido para contar con pol\u00edticas y presupuestos que logren proteger los derechos de la ni\u00f1ez<\/p>\n\n\n\n<p class=\"wp-block-paragraph\">A su vez el senador panista Juan Antonio Mart\u00edn del Campo Mart\u00edn del Campo manifest\u00f3 su preocupaci\u00f3n por que AMLO quiere r borrar los contrapesos en todos los espacios pol\u00edticos y sociales de M\u00e9xico<\/p>\n\n\n\n<p class=\"wp-block-paragraph\">Advirti\u00f3 el riesgo de perder la independencia de los organismos aut\u00f3nomos, debilitando con ello los contrapesos. Hoy se\u00f1al\u00f3 el senador lo que hay&nbsp;&nbsp;&nbsp;la necesidad de fortalecer las instituciones para evitar concentrar poder en el Ejecutivo federal.<\/p>\n\n\n\n<p class=\"wp-block-paragraph\">Advirti\u00f3 que \u201cmejorar la vida democr\u00e1tica de nuestro pa\u00eds, a\u00fan es posible. Perfeccionarla es un proceso natural en toda naci\u00f3n libre\u201d.<\/p>\n\n\n\n<p class=\"wp-block-paragraph\">Estas reacciones se suman a una cascada de advertencias de personas de todos los sectores sociales de M\u00e9xico, ante los anuncios del presidente de la Rep\u00fablica para desaparecer m\u00e1s de 100 fideicomisos y las instituciones aut\u00f3nomas.<\/p>\n\n\n\n<p class=\"wp-block-paragraph\">Durante el foro \u201c\u00bfQu\u00e9 r\u00e9gimen pol\u00edtico para M\u00e9xico en el Siglo XXI?\u201d, el senador panista record\u00f3 que el desarrollo de las instituciones y la separaci\u00f3n de las facultades de las electorales del Estado mexicano han dado paso a una vibrante competencia pol\u00edtica. Optar por poner en riesgo la independencia de los \u00f3rganos aut\u00f3nomos es un retroceso que no debemos permitir, detal\u00b4.<\/p>\n\n\n\n<p class=\"wp-block-paragraph\">Agreg\u00f3: \u201cVemos con preocupaci\u00f3n estos esfuerzos desde la Presidencia que buscan borrar a los contrapesos en todos los espacios\u201d al explicar que por esa raz\u00f3n se present\u00f3 una denuncia ante la Unidad T\u00e9cnica de lo Contencioso Electoral del INE el 10 de junio pasado. Una queja enfocada a denunciar el uso espacios p\u00fablicos para promocionarse y dar informaci\u00f3n con tintes partidistas, violando los art\u00edculos 41 y 134 de la Constituci\u00f3n.<br><\/p>\n","protected":false},"excerpt":{"rendered":"<p>SIPINNA es un \u00f3rgano del Estado Mexicano creado por ley<\/p>\n","protected":false},"author":3,"featured_media":22304,"comment_status":"open","ping_status":"open","sticky":false,"template":"","format":"standard","meta":{"_monsterinsights_skip_tracking":false,"footnotes":""},"categories":[691,50],"tags":[],"class_list":["post-22303","post","type-post","status-publish","format-standard","has-post-thumbnail","category-691","category-congreso"],"_links":{"self":[{"href":"https:\/\/redsemlac.com\/semmexico\/wp-json\/wp\/v2\/posts\/22303","targetHints":{"allow":["GET"]}}],"collection":[{"href":"https:\/\/redsemlac.com\/semmexico\/wp-json\/wp\/v2\/posts"}],"about":[{"href":"https:\/\/redsemlac.com\/semmexico\/wp-json\/wp\/v2\/types\/post"}],"author":[{"embeddable":true,"href":"https:\/\/redsemlac.com\/semmexico\/wp-json\/wp\/v2\/users\/3"}],"replies":[{"embeddable":true,"href":"https:\/\/redsemlac.com\/semmexico\/wp-json\/wp\/v2\/comments?post=22303"}],"version-history":[{"count":0,"href":"https:\/\/redsemlac.com\/semmexico\/wp-json\/wp\/v2\/posts\/22303\/revisions"}],"wp:featuredmedia":[{"embeddable":true,"href":"https:\/\/redsemlac.com\/semmexico\/wp-json\/wp\/v2\/media\/22304"}],"wp:attachment":[{"href":"https:\/\/redsemlac.com\/semmexico\/wp-json\/wp\/v2\/media?parent=22303"}],"wp:term":[{"taxonomy":"category","embeddable":true,"href":"https:\/\/redsemlac.com\/semmexico\/wp-json\/wp\/v2\/categories?post=22303"},{"taxonomy":"post_tag","embeddable":true,"href":"https:\/\/redsemlac.com\/semmexico\/wp-json\/wp\/v2\/tags?post=22303"}],"curies":[{"name":"wp","href":"https:\/\/api.w.org\/{rel}","templated":true}]}}