{"id":22292,"date":"2020-06-23T19:59:09","date_gmt":"2020-06-23T19:59:09","guid":{"rendered":"https:\/\/redsemlac.com\/semmexico\/?p=22292"},"modified":"2023-07-21T16:24:50","modified_gmt":"2023-07-21T21:24:50","slug":"sismo-de-7-5-en-oaxaca-una-persona-fallecida","status":"publish","type":"post","link":"https:\/\/redsemlac.com\/semmexico\/sismo-de-7-5-en-oaxaca-una-persona-fallecida\/","title":{"rendered":"Sismo de 7.5 en Oaxaca, dos personas fallecidas"},"content":{"rendered":"\n<ul class=\"wp-block-list\"><li><strong>Se sacude la tierra, da\u00f1os materiales<\/strong><\/li><\/ul>\n\n\n\n<ul class=\"wp-block-list\"><li><strong>Epicentro en La Crucecita, Huatulco<\/strong><br> <\/li><\/ul>\n\n\n\n<p class=\"wp-block-paragraph\"><strong>Patricia Brise\u00f1o<\/strong><br> SemMexico, Oaxaca, 23 de junio 2020.- El gobierno de Oaxaca report\u00f3 de manera preliminar dos personas fallecidas,  un hombre en San Francisco, Olozotepec y una mujer en Huatulco.  y algunos lesionados leves, as\u00ed como da\u00f1os materiales, derivado del sismo de magnitud 7.5 registrado a las 10:29 de este martes y con epicentro a 23 kil\u00f3metros al sur de La Crucecita, perteneciente a la regi\u00f3n de la Costa.<\/p>\n\n\n\n<p class=\"wp-block-paragraph\">El monitoreo en las ocho regiones del estado son evaluados desde el Centro de Control, Comando y Comunicaci\u00f3n de Oaxaca (C4) el Consejo.<\/p>\n\n\n\n<figure class=\"wp-block-gallery columns-2 is-cropped wp-block-gallery-1 is-layout-flex wp-block-gallery-is-layout-flex\"><ul class=\"blocks-gallery-grid\"><li class=\"blocks-gallery-item\"><figure><img decoding=\"async\" src=\"https:\/\/redsemlac.com\/semmexico\/wp-content\/uploads\/2020\/06\/WhatsApp-Image-2020-06-23-at-1.31.44-PM-1024x768.jpeg\" alt=\"\" data-id=\"22293\" data-full-url=\"https:\/\/redsemlac.com\/semmexico\/wp-content\/uploads\/2020\/06\/WhatsApp-Image-2020-06-23-at-1.31.44-PM.jpeg\" data-link=\"https:\/\/redsemlac.com\/semmexico\/?attachment_id=22293\" class=\"wp-image-22293\"\/><\/figure><\/li><li class=\"blocks-gallery-item\"><figure><img loading=\"lazy\" decoding=\"async\" width=\"720\" height=\"960\" src=\"https:\/\/redsemlac.com\/semmexico\/wp-content\/uploads\/2020\/06\/WhatsApp-Image-2020-06-23-at-1.32.30-PM-1.jpeg\" alt=\"\" data-id=\"22294\" data-full-url=\"https:\/\/redsemlac.com\/semmexico\/wp-content\/uploads\/2020\/06\/WhatsApp-Image-2020-06-23-at-1.32.30-PM-1.jpeg\" data-link=\"https:\/\/redsemlac.com\/semmexico\/?attachment_id=22294\" class=\"wp-image-22294\"\/><\/figure><\/li><li class=\"blocks-gallery-item\"><figure><img loading=\"lazy\" decoding=\"async\" width=\"720\" height=\"960\" src=\"https:\/\/redsemlac.com\/semmexico\/wp-content\/uploads\/2020\/06\/WhatsApp-Image-2020-06-23-at-1.32.30-PM-2.jpeg\" alt=\"\" data-id=\"22295\" data-full-url=\"https:\/\/redsemlac.com\/semmexico\/wp-content\/uploads\/2020\/06\/WhatsApp-Image-2020-06-23-at-1.32.30-PM-2.jpeg\" data-link=\"https:\/\/redsemlac.com\/semmexico\/?attachment_id=22295\" class=\"wp-image-22295\"\/><\/figure><\/li><li class=\"blocks-gallery-item\"><figure><img decoding=\"async\" src=\"https:\/\/redsemlac.com\/semmexico\/wp-content\/uploads\/2020\/06\/WhatsApp-Image-2020-06-23-at-1.32.30-PM-3-1024x755.jpeg\" alt=\"\" data-id=\"22296\" data-full-url=\"https:\/\/redsemlac.com\/semmexico\/wp-content\/uploads\/2020\/06\/WhatsApp-Image-2020-06-23-at-1.32.30-PM-3.jpeg\" data-link=\"https:\/\/redsemlac.com\/semmexico\/?attachment_id=22296\" class=\"wp-image-22296\"\/><\/figure><\/li><li class=\"blocks-gallery-item\"><figure><img decoding=\"async\" src=\"https:\/\/redsemlac.com\/semmexico\/wp-content\/uploads\/2020\/06\/WhatsApp-Image-2020-06-23-at-1.32.30-PM-1024x470.jpeg\" alt=\"\" data-id=\"22297\" data-full-url=\"https:\/\/redsemlac.com\/semmexico\/wp-content\/uploads\/2020\/06\/WhatsApp-Image-2020-06-23-at-1.32.30-PM.jpeg\" data-link=\"https:\/\/redsemlac.com\/semmexico\/?attachment_id=22297\" class=\"wp-image-22297\"\/><\/figure><\/li><li class=\"blocks-gallery-item\"><figure><img decoding=\"async\" src=\"https:\/\/redsemlac.com\/semmexico\/wp-content\/uploads\/2020\/06\/WhatsApp-Image-2020-06-23-at-1.33.12-PM-1024x768.jpeg\" alt=\"\" data-id=\"22298\" data-full-url=\"https:\/\/redsemlac.com\/semmexico\/wp-content\/uploads\/2020\/06\/WhatsApp-Image-2020-06-23-at-1.33.12-PM.jpeg\" data-link=\"https:\/\/redsemlac.com\/semmexico\/?attachment_id=22298\" class=\"wp-image-22298\"\/><\/figure><\/li><li class=\"blocks-gallery-item\"><figure><img decoding=\"async\" src=\"https:\/\/redsemlac.com\/semmexico\/wp-content\/uploads\/2020\/06\/WhatsApp-Image-2020-06-23-at-1.33.44-PM-768x1024.jpeg\" alt=\"\" data-id=\"22300\" data-full-url=\"https:\/\/redsemlac.com\/semmexico\/wp-content\/uploads\/2020\/06\/WhatsApp-Image-2020-06-23-at-1.33.44-PM.jpeg\" data-link=\"https:\/\/redsemlac.com\/semmexico\/?attachment_id=22300\" class=\"wp-image-22300\"\/><\/figure><\/li><\/ul><\/figure>\n\n\n\n<p class=\"wp-block-paragraph\">De acuerdo con los primeros reportes en los tramos de la regiones Costa e Istmo se reportan el desgarramientos de cerros y laderas que han obstruido la circulaci\u00f3n en algunos puntos carreteros. No se reportan da\u00f1os graves en las regiones de la Ca\u00f1ada, Cuenca e Istmo.<\/p>\n\n\n\n<p class=\"wp-block-paragraph\">Asimismo, en la ciudad de Oaxaca se inform\u00f3 el desprendimiento de cornizas en edificios antiguos, la ca\u00edda de un par de bardas y desalojo de  un mercado.<\/p>\n\n\n\n<p class=\"wp-block-paragraph\">Los Servicios de Salud de Oaxaca report\u00f3 la fractura y da\u00f1os en el Hospital de Especialidades, con \u00e1rea COVID-19, en San Bartolo Coyotepec, as\u00ed como las fisura de una barda perimetral en la cl\u00ednica comunitaria de Santa Mar\u00eda Huatulco.<\/p>\n","protected":false},"excerpt":{"rendered":"<p>Epicentro en La Crucecita, Huatulco<\/p>\n","protected":false},"author":3,"featured_media":22299,"comment_status":"open","ping_status":"open","sticky":false,"template":"","format":"standard","meta":{"_monsterinsights_skip_tracking":false,"footnotes":""},"categories":[691,51],"tags":[],"class_list":["post-22292","post","type-post","status-publish","format-standard","has-post-thumbnail","category-691","category-ejecutivo"],"_links":{"self":[{"href":"https:\/\/redsemlac.com\/semmexico\/wp-json\/wp\/v2\/posts\/22292","targetHints":{"allow":["GET"]}}],"collection":[{"href":"https:\/\/redsemlac.com\/semmexico\/wp-json\/wp\/v2\/posts"}],"about":[{"href":"https:\/\/redsemlac.com\/semmexico\/wp-json\/wp\/v2\/types\/post"}],"author":[{"embeddable":true,"href":"https:\/\/redsemlac.com\/semmexico\/wp-json\/wp\/v2\/users\/3"}],"replies":[{"embeddable":true,"href":"https:\/\/redsemlac.com\/semmexico\/wp-json\/wp\/v2\/comments?post=22292"}],"version-history":[{"count":0,"href":"https:\/\/redsemlac.com\/semmexico\/wp-json\/wp\/v2\/posts\/22292\/revisions"}],"wp:featuredmedia":[{"embeddable":true,"href":"https:\/\/redsemlac.com\/semmexico\/wp-json\/wp\/v2\/media\/22299"}],"wp:attachment":[{"href":"https:\/\/redsemlac.com\/semmexico\/wp-json\/wp\/v2\/media?parent=22292"}],"wp:term":[{"taxonomy":"category","embeddable":true,"href":"https:\/\/redsemlac.com\/semmexico\/wp-json\/wp\/v2\/categories?post=22292"},{"taxonomy":"post_tag","embeddable":true,"href":"https:\/\/redsemlac.com\/semmexico\/wp-json\/wp\/v2\/tags?post=22292"}],"curies":[{"name":"wp","href":"https:\/\/api.w.org\/{rel}","templated":true}]}}