{"id":22287,"date":"2020-06-23T19:49:56","date_gmt":"2020-06-23T19:49:56","guid":{"rendered":"https:\/\/redsemlac.com\/semmexico\/?p=22287"},"modified":"2023-07-21T16:24:50","modified_gmt":"2023-07-21T21:24:50","slug":"propone-la-diputada-villavicencio-ayala-una-fiscalia-para-el-feminicidio","status":"publish","type":"post","link":"https:\/\/redsemlac.com\/semmexico\/propone-la-diputada-villavicencio-ayala-una-fiscalia-para-el-feminicidio\/","title":{"rendered":"Propone la diputada Villavicencio Ayala una fiscal\u00eda para el feminicidio"},"content":{"rendered":"\n<ul class=\"wp-block-list\"><li><strong>Remediar\u00e1 la dispersi\u00f3n del tipo penal que es distinto en las 33 entidades del pa\u00eds<\/strong><\/li><\/ul>\n\n\n\n<ul class=\"wp-block-list\"><li><strong>Asegura que la Fiscal\u00eda General de la Rep\u00fablica: atraiga, investigue y persiga los delitos de violencia de g\u00e9nero.<\/strong><\/li><\/ul>\n\n\n\n<p class=\"wp-block-paragraph\"><strong>Argelia Guevara<\/strong><\/p>\n\n\n\n<p class=\"wp-block-paragraph\">SemM\u00e9xico. Cd. de M\u00e9xico. 23 de junio de 2020.- Es urgente la creaci\u00f3n de una Fiscal\u00eda Especializada en Materia de Feminicidios y Violencia de G\u00e9nero capaz de atraer, investigar y perseguir estos delitos, contribuir\u00e1 a evitar la dispersi\u00f3n normativa, afirm\u00f3 la diputada federal morenista, Lorena Villavicencio Ayala.<\/p>\n\n\n\n<p class=\"wp-block-paragraph\">Inform\u00f3 que ya elabor\u00f3 la iniciativa al respecto, cuando en el Congreso est\u00e1n en proceso iniciativas para cambiar el sistema judicial. Se\u00f1al\u00f3 que este es el momento de tomar una oportunidad irrepetible para enfrentar la crisis de impunidad y aprovechar en la transici\u00f3n hacia una Fiscal\u00eda General de la Rep\u00fablica aut\u00f3noma.<\/p>\n\n\n\n<p class=\"wp-block-paragraph\">Dijo que la iniciativa busca modificar la Ley Org\u00e1nica de la Fiscal\u00eda General de la Rep\u00fablica, para incorporar a su estructura esta Fiscal\u00eda Especializada en Materia de Feminicidios y Violencia de G\u00e9nero, de modo que destrabe las dificultades para la investigaci\u00f3n y ello ser\u00e1 posible con el registro y la comparabilidad de la informaci\u00f3n.<\/p>\n\n\n\n<p class=\"wp-block-paragraph\">Esa dispersi\u00f3n, dijo tiene que ver con la diversidad en la tipificaci\u00f3n del delito de feminicidio. Afirm\u00f3 que ha observado que en algunos casos las entidades tienden a homologar su tipo penal con el federal, sin embargo, al analizar c\u00f3mo se encuentra tipificado el feminicidio en todo el pa\u00eds, se identifica que es preciso abrir el debate a nivel nacional sobre c\u00f3mo plantear las razones de g\u00e9nero, de tal modo que sean susceptibles de ser acreditadas en la investigaci\u00f3n ministerial.<\/p>\n\n\n\n<p class=\"wp-block-paragraph\">La nueva fiscal\u00eda podr\u00e1 atraer, investigar y perseguir los delitos de feminicidio y la violencia de g\u00e9nero.<\/p>\n\n\n\n<p class=\"wp-block-paragraph\">Consider\u00f3 que el problema del delito de feminicidio que enfrentan las mujeres en M\u00e9xico se agrava, por una parte, por la dispersi\u00f3n normativa existente ya que actualmente se cuenta con 33 tipos penales distintos, uno por cada entidad federativa y otro a nivel federal, adem\u00e1s de la falta de mecanismos que registren de manera homog\u00e9nea el n\u00famero de feminicidios en nuestro pa\u00eds.<\/p>\n\n\n\n<p class=\"wp-block-paragraph\"><strong>Argumentos y bases de la propuesta<\/strong><\/p>\n\n\n\n<p class=\"wp-block-paragraph\">La iniciativa argumenta que actualmente existe un porcentaje muy bajo de carpetas de investigaci\u00f3n abiertas por feminicidio, lo que muestra la resistencia de las instancias de procuraci\u00f3n de justicia estatales para investigar todas las muertes violentas de mujeres. Contrario a los est\u00e1ndares internacionales.<\/p>\n\n\n\n<p class=\"wp-block-paragraph\">Afirma que hay una diferencia. Se ha reducido de 2015 a septiembre de 2018, pasando de 60.91 puntos porcentuales de diferencia entre carpetas iniciadas por homicidio doloso y por feminicidio, a 52.44 puntos porcentuales.<\/p>\n\n\n\n<p class=\"wp-block-paragraph\">Informa que de acuerdo con informaci\u00f3n del Secretariado Ejecutivo del Sistema Nacional de Seguridad P\u00fablica, en 2018, \u00fanicamente Sinaloa y Yucat\u00e1n reportan el 100% de los asesinatos de mujeres como feminicidio, y no como homicidio doloso. Ello atendiendo al Acuerdo del Consejo Nacional de Seguridad P\u00fablica para investigar todas las muertes violentas de mujeres bajo protocolos de feminicidio, que dispuso: \u201cEl Consejo Nacional de Seguridad P\u00fablica y acuerda que la Procuradur\u00eda General de la Rep\u00fablica y las Procuradur\u00edas y Fiscal\u00edas Generales de Justicia de las 32 entidades federativas inicien la investigaci\u00f3n de toda muerte violenta de mujeres de car\u00e1cter doloso bajo protocolos de feminicidio.\u201d<\/p>\n\n\n\n<p class=\"wp-block-paragraph\">Desde su perspectiva las instituciones de procuraci\u00f3n de justicia no atienden a este Acuerdo, lo que por s\u00ed mismo constituye una alerta en el acceso a la justicia.<\/p>\n\n\n\n<p class=\"wp-block-paragraph\">Consider\u00f3 que aun cuando la mayor parte de las entidades federativas ya cuentan con protocolos para la investigaci\u00f3n de delitos constitutivos de violencia contra las mujeres, la tipificaci\u00f3n de \u00e9stos sigue siendo problem\u00e1tica.<\/p>\n\n\n\n<p class=\"wp-block-paragraph\">Detall\u00f3 que el tipo penal de feminicidio requiere una revisi\u00f3n a la luz de la perspectiva de g\u00e9nero, y de esfuerzos importantes para su armonizaci\u00f3n con instrumentos internacionales, pero tambi\u00e9n el fortalecimiento de la investigaci\u00f3n ministerial e impartici\u00f3n de justicia con perspectiva de g\u00e9nero, de ah\u00ed la iniciativa.<\/p>\n\n\n\n<p class=\"wp-block-paragraph\">Explica que la iniciativa que propone pretender reformar la Ley Org\u00e1nica de la Fiscal\u00eda General de la Rep\u00fablica, para enmendar la falla estructural de no contar con una instancia federal e igualmente pretende mandar un mensaje claro de que las mujeres ser\u00e1n protegidas y los delincuentes perseguidos y castigados, donde quede de manifiesto que la Legislatura de la Paridad tiene toda la voluntad institucional para afrontar este flagelo.<\/p>\n\n\n\n<p class=\"wp-block-paragraph\">Algunas de las caracter\u00edsticas de la iniciativa son:<\/p>\n\n\n\n<ul class=\"wp-block-list\"><li>Adicionar que, en los casos de Feminicidio y Homicidio doloso en contra de mujeres y ni\u00f1as, la solicitud de las v\u00edctimas indirectas o sus representantes legales bastar\u00e1 para la atracci\u00f3n del caso.<\/li><\/ul>\n\n\n\n<ul class=\"wp-block-list\"><li>Incluir dentro de los \u00f3rganos a cargo de la funci\u00f3n fiscal, a la Fiscal\u00eda Especializada en Materia de Feminicidios y Violencia de G\u00e9nero, otorgando el mismo rango jer\u00e1rquico que a la Fiscal\u00eda Especializada en Materia de Derechos Humanos, de la Fiscal\u00eda Especializada de Delitos Electorales, de la Fiscal\u00eda Especializada en Combate a la Corrupci\u00f3n, y de la Fiscal\u00eda Especializada de Asuntos Internos.<\/li><\/ul>\n\n\n\n<ul class=\"wp-block-list\"><li> Esta Fiscal\u00eda propuesta tendr\u00e1 a su cargo la investigaci\u00f3n y persecuci\u00f3n de los homicidios, violencia pol\u00edtica de g\u00e9nero y dem\u00e1s conductas delictivas cometidas en perjuicio de mujeres.<\/li><\/ul>\n\n\n\n<ul class=\"wp-block-list\"><li>Su funci\u00f3n ser\u00e1 reconocer la misma relevancia que el ataque a la corrupci\u00f3n, a los delitos electorales, a los asuntos internos o a la violaci\u00f3n de los derechos humanos.<\/li><\/ul>\n","protected":false},"excerpt":{"rendered":"<p>Remediar\u00e1 la dispersi\u00f3n del tipo penal que es distinto en las 33 entidades del pa\u00eds<\/p>\n","protected":false},"author":3,"featured_media":22290,"comment_status":"open","ping_status":"open","sticky":false,"template":"","format":"standard","meta":{"_monsterinsights_skip_tracking":false,"footnotes":""},"categories":[691,50],"tags":[],"class_list":["post-22287","post","type-post","status-publish","format-standard","has-post-thumbnail","category-691","category-congreso"],"_links":{"self":[{"href":"https:\/\/redsemlac.com\/semmexico\/wp-json\/wp\/v2\/posts\/22287","targetHints":{"allow":["GET"]}}],"collection":[{"href":"https:\/\/redsemlac.com\/semmexico\/wp-json\/wp\/v2\/posts"}],"about":[{"href":"https:\/\/redsemlac.com\/semmexico\/wp-json\/wp\/v2\/types\/post"}],"author":[{"embeddable":true,"href":"https:\/\/redsemlac.com\/semmexico\/wp-json\/wp\/v2\/users\/3"}],"replies":[{"embeddable":true,"href":"https:\/\/redsemlac.com\/semmexico\/wp-json\/wp\/v2\/comments?post=22287"}],"version-history":[{"count":0,"href":"https:\/\/redsemlac.com\/semmexico\/wp-json\/wp\/v2\/posts\/22287\/revisions"}],"wp:featuredmedia":[{"embeddable":true,"href":"https:\/\/redsemlac.com\/semmexico\/wp-json\/wp\/v2\/media\/22290"}],"wp:attachment":[{"href":"https:\/\/redsemlac.com\/semmexico\/wp-json\/wp\/v2\/media?parent=22287"}],"wp:term":[{"taxonomy":"category","embeddable":true,"href":"https:\/\/redsemlac.com\/semmexico\/wp-json\/wp\/v2\/categories?post=22287"},{"taxonomy":"post_tag","embeddable":true,"href":"https:\/\/redsemlac.com\/semmexico\/wp-json\/wp\/v2\/tags?post=22287"}],"curies":[{"name":"wp","href":"https:\/\/api.w.org\/{rel}","templated":true}]}}