{"id":22281,"date":"2020-06-23T18:21:04","date_gmt":"2020-06-23T18:21:04","guid":{"rendered":"https:\/\/redsemlac.com\/semmexico\/?p=22281"},"modified":"2023-07-21T16:24:50","modified_gmt":"2023-07-21T21:24:50","slug":"entresemana-58","status":"publish","type":"post","link":"https:\/\/redsemlac.com\/semmexico\/entresemana-58\/","title":{"rendered":"Entresemana"},"content":{"rendered":"\n<h2 class=\"wp-block-heading\"><strong>Ixmiquilpan, Celaya, Culiac\u00e1n, impunidad\u2026<\/strong><\/h2>\n\n\n\n<p class=\"wp-block-paragraph\"><strong>MOIS\u00c9S S\u00c1NCHEZ LIM\u00d3N.<\/strong>&nbsp;<\/p>\n\n\n\n<p class=\"wp-block-paragraph\">SemM\u00e9xico. Cd. de M\u00e9xico. 23 de junio de 2020.- Nada tiene de raro ni de especial que, rumbo al proceso electoral intermedio del a\u00f1o entrante, la familia pol\u00edtica se reacomode en busca de mantener y lograr el poder, incluso mediante relaciones que no se presumen pero se aceptan. Los poderes f\u00e1cticos que siembran terror e impulsan candidaturas.<\/p>\n\n\n\n<p class=\"wp-block-paragraph\">En este escenario no sorprende, por esperado y apenas elemental en esta presidencia impositiva que consigue objetivos torci\u00e9ndole el brazo a la ley, en ese voluntarismo soportado en la consulta a mano alzada, el anuncio del inquilino de Palacio con el actuar por encima del Instituto Nacional Electoral.<\/p>\n\n\n\n<p class=\"wp-block-paragraph\">El se\u00f1or presidente descalific\u00f3 al INE; insiste en restarle credibilidad y lo echa al saco de los organismos aut\u00f3nomos que se significan por ser contrapeso al Poder Ejecutivo, sin dejar de lado a los Poderes Judicial y Legislativo en los que tambi\u00e9n hay abusos, ausencias y opacidades.<\/p>\n\n\n\n<p class=\"wp-block-paragraph\">\u201cEs muy importante el que s\u00ed quede claro que vamos a estar pendientes para que no haya fraude electoral. Me voy a convertir en guardi\u00e1n para que se respete la libertad de los ciudadanos a elegir libremente a sus autoridades\u201d, dijo el licenciado L\u00f3pez Obrador en la conferencia ma\u00f1anera de inicio de semana, con la facilidad grandilocuente de quien manda en el pa\u00eds.<\/p>\n\n\n\n<p class=\"wp-block-paragraph\">\u00bfY el INE? Por supuesto hubo reacci\u00f3n de consejeros contra esa barbaridad, aunque la sola advertencia presidencial lleva impl\u00edcita la ilegalidad, como ilegal es hacerse de la vista gorda frente al actuar de ciertos grupos del crimen organizado y arremeter contra los que, se infiere, no est\u00e1n en las coordenadas del encubrimiento oficial, como el propio Andr\u00e9s Manuel confes\u00f3 el viernes 19 de la semana pasada.&nbsp;<\/p>\n\n\n\n<p class=\"wp-block-paragraph\">\u201cLa transformaci\u00f3n de M\u00e9xico contin\u00faa. A pesar de los pesares, vamos avanzando en el prop\u00f3sito de desterrar de nuestro pa\u00eds la corrupci\u00f3n, la peste funesta de la corrupci\u00f3n, que imped\u00eda a nuestro querido M\u00e9xico salir adelante\u201d, cit\u00f3 L\u00f3pez Obrador al inicio de su homil\u00eda en el Sal\u00f3n Tesorer\u00eda de Palacio Nacional.<\/p>\n\n\n\n<p class=\"wp-block-paragraph\">Y enfatiz\u00f3:&nbsp;<\/p>\n\n\n\n<p class=\"wp-block-paragraph\">\u201cVamos logrando el renacimiento de M\u00e9xico porque no se permite la corrupci\u00f3n, no se permite la impunidad; esa es la f\u00f3rmula b\u00e1sica: cero corrupci\u00f3n, cero impunidad para liberar fondos al desarrollo y apoyar el bienestar de nuestro pueblo\u201d.<\/p>\n\n\n\n<p class=\"wp-block-paragraph\">\u00a1Aj\u00e1! El se\u00f1or presidente incurre en esa singular amnesia selectiva que en t\u00e9rminos llanos implica complicidad, encubrimiento, abuso de poder y hasta tr\u00e1fico de influencias. En el estado de Hidalgo, la semana pasada el gobernador Omar Fayad le present\u00f3 una enorme l\u00e1mina en la que aparecen, con nombres y apellidos, los 17 objetivos delincuenciales m\u00e1s buscados por la justicia federal y estatal.<\/p>\n\n\n\n<p class=\"wp-block-paragraph\">Uno de esos objetivos es presidente municipal de Ixmiquilpan y otro es un conocido operador con relaciones en las ligas mayores de la pol\u00edtica. \u00bfY por qu\u00e9 no se les detiene?<\/p>\n\n\n\n<p class=\"wp-block-paragraph\">Bueno, bueno, recuerde usted que en pol\u00edtica no hay casualidades. A partir del pasado fin de semana se despleg\u00f3 un singular operativo en Guanajuato, gobernado por el PAN, para desactivar a la organizaci\u00f3n criminal conocida como el c\u00e1rtel de Santa Rosa de Lima, que lleva a\u00f1os de operar impunemente.<\/p>\n\n\n\n<p class=\"wp-block-paragraph\">\u00bfPor qu\u00e9 ahora s\u00ed? El operativo implic\u00f3 la detenci\u00f3n de la madre, la hermana y la novia de Jos\u00e9 Antonio Y\u00e9pez (a) \u201cEl Marro\u201d, quien apareci\u00f3 en un video abatido, al punto del llanto, amenazante por la detenci\u00f3n de su madre \u2013con dinero y droga, refiere el parte policiaco&#8211;. Le pegaron en su punto d\u00e9bil y no dude usted de la severa reacci\u00f3n para cobrar la afrenta, pero pareciera el estertor de un poder f\u00e1ctico en la zona que implica a Celaya y Salamanca, que pele\u00f3 la plaza al Cartel Jalisco Nueva Generaci\u00f3n y a la derivaci\u00f3n de la Familia Michoacana.<\/p>\n\n\n\n<p class=\"wp-block-paragraph\">\u00bfPor qu\u00e9 ahora s\u00ed contra El Marro y por qu\u00e9, en la v\u00edspera del operativo en las proximidades de Celaya, la confesi\u00f3n de Andr\u00e9s Manuel que, en voz de otro pol\u00edtico, en su momento, habr\u00edan levantado una ola de indignaci\u00f3n de esa corriente opositora que llev\u00f3 al poder a L\u00f3pez Obrador?<\/p>\n\n\n\n<p class=\"wp-block-paragraph\">Veamos.&nbsp;Miguel Arzate, reportero del&nbsp;<em>Sistema P\u00fablico de Radiodifusi\u00f3n Canal 14<\/em>, pregunt\u00f3 el viernes pasado a L\u00f3pez Obrador \u00bfqu\u00e9 est\u00e1 haciendo la actual administraci\u00f3n para evitar este trasiego de armas, incluso el trasiego hormiga?, en alusi\u00f3n a lo ocurrido con el Operativo R\u00e1pido y Furioso que permiti\u00f3 el ingreso de armas para ser vendidas al crimen organizado y, as\u00ed, detectar sus rutas.<\/p>\n\n\n\n<p class=\"wp-block-paragraph\">L\u00f3pez Obrador, como es su praxis, present\u00f3 marco hist\u00f3rico, referencias y todos esos etc\u00e9teras de supuesta sapiencia y conocimiento de todo lo que ocurre en M\u00e9xico, aunque ha sido pillado en la mentira como eso de no saber que era el Conapred ni recordar que firm\u00f3 el nombramiento de la directora M\u00f3nica Maccise, y luego confes\u00f3:<\/p>\n\n\n\n<p class=\"wp-block-paragraph\">\u201cCuando se decidi\u00f3, para no poner en riesgo a la poblaci\u00f3n, para que no se afectara a civiles, porque iban a perder la vida si no suspend\u00edamos el operativo m\u00e1s de 200 personas inocentes en Culiac\u00e1n, Sinaloa, y se tom\u00f3 la decisi\u00f3n,&nbsp;<strong>yo orden\u00e9 que se detuviera ese operativo y que se dejara en libertad a este presunto delincuente (Ovidio Guzm\u00e1n, hijo de El Chapo)<\/strong>, habl\u00f3 al d\u00eda siguiente o a los dos d\u00edas el presidente Trump para ofrecer apoyo (\u2026)\u201d.<\/p>\n\n\n\n<p class=\"wp-block-paragraph\">Sin duda, L\u00f3pez Obrador incurri\u00f3 en un delito. \u00bfQui\u00e9n le reclama? Es una actitud de soberbia y demostraci\u00f3n que, en M\u00e9xico y por encima de la Constituci\u00f3n General de la Rep\u00fablica y leyes secundarias, s\u00f3lo sus chicharrones truenan. Me canso ganso.&nbsp;<\/p>\n\n\n\n<p class=\"wp-block-paragraph\">\u00bfSe romper\u00e1 el hilo por lo m\u00e1s delgado, Afonso Durazo comparecer\u00e1 ante un juez porque minti\u00f3 acerca de ese operativo en el que no se protegi\u00f3 a la poblaci\u00f3n sinaloense, s\u00ed a un eslab\u00f3n de esas relaciones inconfesables pero de las que vox populi son del poder p\u00fablico con el poder f\u00e1ctico.<\/p>\n\n\n\n<p class=\"wp-block-paragraph\">La senadora priista Claudia Edith Anaya Mota present\u00f3 la denuncia formal ante la Secretar\u00eda de la Funci\u00f3n P\u00fablica contra el secretario de Seguridad P\u00fablica y Protecci\u00f3n Ciudadana, Alfonso Durazo, luego de que el pasado viernes mostrara un video a trav\u00e9s de su cuenta de Twitter, donde el funcionario bajo protesta de decir verdad, minti\u00f3 en su comparecencia del 5 de noviembre de 2019 ante el Senado de la Rep\u00fablica, en la que explic\u00f3 el operativo fallido para detener a Ovidio Guzm\u00e1n y sostuvo que \u00abnadie decidi\u00f3 liberar a Ovidio. Nunca contamos con la orden de detenci\u00f3n (\u2026). Los integrantes del Gabinete de Seguridad -mi Almirante Ojeda, el General Sandoval y un servidor&#8211; tomamos la decisi\u00f3n, de com\u00fan acuerdo, del repliegue de nuestro personal, a\u00fan y cuando no fuese posible, en virtud de las circunstancias, de llevar detenido al perseguido\u201d.<\/p>\n\n\n\n<p class=\"wp-block-paragraph\">Elemental, la senadora puntualiza en la contradicci\u00f3n porque el inquilino de Palacio declar\u00f3: \u201cYo orden\u00e9 que se detuviera ese operativo y que se dejara en libertad a este presunto delincuente\u201d.<\/p>\n\n\n\n<p class=\"wp-block-paragraph\"><strong>De Culiac\u00e1n a Celaya y hasta Ixmiquilpan &nbsp;<\/strong><\/p>\n\n\n\n<p class=\"wp-block-paragraph\">En esta ruta de los d\u00edas recientes en los que la confesi\u00f3n ha sido una especie de pauta para admitir pecados frente al electorado que, el a\u00f1o pr\u00f3ximo, decidir\u00e1 si mantiene la mayor\u00eda legislativa de Morena en la C\u00e1mara de Diputados, con todo y reelecci\u00f3n, y ajusta a 15 gobiernos estatales con un buen n\u00famero de municipios y congresos locales.<\/p>\n\n\n\n<p class=\"wp-block-paragraph\">\u00bfRecuerda usted el esc\u00e1ndalo del diputado de Morena, Cipriano Charrez Pedraza, quien presuntamente en estado de ebriedad conduc\u00eda una camioneta de lujo con la que embisti\u00f3 a un taxi, veh\u00edculo que se incendi\u00f3 y su conductor muri\u00f3 calcinado?<\/p>\n\n\n\n<p class=\"wp-block-paragraph\">El legislador fue desaforado y enfrenta, en prisi\u00f3n, un proceso penal. Pero, pero\u2026 sus hilos con el poder pol\u00edtico vinculado al crimen organizado est\u00e1n firmes e incluso uno de sus hermanos se apresta a competir por la alcald\u00eda, es decir, en agosto pr\u00f3ximo la familia Charrez y sus socios buscar\u00e1n mantener la hegemon\u00eda en el municipio de Ixmiquilpan.<\/p>\n\n\n\n<p class=\"wp-block-paragraph\">Mire Usted. En la gira que por el estado de Hidalgo realiz\u00f3 la semana pasada L\u00f3pez Obrador, el gobernador Omar Fayad present\u00f3 en sociedad \u2013en la conferencia con Andr\u00e9s Manuel\u2014el resultado de las investigaciones conjuntas de los cuerpos de seguridad nacional, en tareas interinstitucionales.&nbsp;<\/p>\n\n\n\n<p class=\"wp-block-paragraph\">El gobernador inform\u00f3 al se\u00f1or presidente que la Fiscal\u00eda General de la Rep\u00fablica, la Secretar\u00eda de la Defensa Nacional (SEDENA) y el \u00e1rea de inteligencia de la Polic\u00eda Federal, adem\u00e1s del gobierno estatal, ten\u00edan resultados de investigaciones de inteligencia contra los hermanos Charrez Pedraza, especialmente del alcalde de Ixmiquilpan, Pascual Charrez Pedraza, a quien se identific\u00f3 como uno de los 17 objetivos delincuenciales m\u00e1s buscados por el Gobierno Federal y el de Hidalgo. \u00bfM\u00e1s buscado?&nbsp;<\/p>\n\n\n\n<p class=\"wp-block-paragraph\">Pero, pero\u2026 De esas investigaciones result\u00f3 que el desaforado diputado federal de Morena Cipriano Charrez Pedraza, sujeto a proceso e interno en el Cereso de Pachuca, tambi\u00e9n est\u00e1 vinculado al crimen organizado. Y, para completar la escena, Pascual Charrez Pedraza impulsa y ha postulado a su hermano Vicente Charrez Pedraza, como candidato del Partido del Trabajo a sucederlo en la presidencia municipal de Ixmiquilpan.<\/p>\n\n\n\n<p class=\"wp-block-paragraph\">\u00bfQu\u00e9 cree? A Vicente se le identifica como cabeza del narcotr\u00e1fico en la regi\u00f3n e involucrado en la venta, manejo y robo de hidrocarburos, adem\u00e1s de secuestro y venta de protecci\u00f3n a \u201cLos Hades\u201d, principal grupo delictivo responsable de ejecuciones en el Valle del Mezquital y la zona serrana.&nbsp; Hay m\u00e1s. De acuerdo con informaci\u00f3n de la Fiscal\u00eda General de la Rep\u00fablica el presidente municipal de Ixmiquilpan \u201ctrabaja\u201d en complicidad con \u00c1ngel Montoya, conocido como \u201cEl Diablo\u201d, identificado como el operador y principal jefe de plaza, cuya influencia es tal que su esposa, Carolina Marcelo Valera, fue impuesta como S\u00edndico Procurador del Ayuntamiento Municipal.<\/p>\n\n\n\n<p class=\"wp-block-paragraph\">Desde hace una d\u00e9cada, conforme con la investigaci\u00f3n judicial, \u00c1ngel Montoya Ram\u00edrez inici\u00f3 como narcomenudista; hoy es uno de los cabecillas de las c\u00e9lulas delincuenciales m\u00e1s poderosas del estado.<\/p>\n\n\n\n<p class=\"wp-block-paragraph\">Omar Fayad Meneses, no hay duda, con su disciplina en el oficio de gobernar se anot\u00f3 una estrellita con L\u00f3pez Obrador. Pero\u2026 \u00bfproceder\u00e1 el se\u00f1or presidente contra quienes hay elementos para procesar? \u00bfAbrazos y no balazos rumbo a la elecci\u00f3n de agosto en Hidalgo y Coahuila y la intermedia de 2021? \u00bfPor qu\u00e9 contra la mam\u00e1 de El Marro s\u00ed y no toca a la mam\u00e1 de El Chapo? \u00bfPor humanidad? \u00a1Pamplinas! Digo.<\/p>\n\n\n\n<p class=\"wp-block-paragraph\"><a href=\"mailto:sanchezlimon@gmail.com\" target=\"_blank\" rel=\"noreferrer noopener\">sanchezlimon@gmail.com<\/a><\/p>\n\n\n\n<p class=\"wp-block-paragraph\"><a href=\"http:\/\/www.entresemana.mx\/\" target=\"_blank\" rel=\"noreferrer noopener\">www.entresemana.mx<\/a><\/p>\n\n\n\n<p class=\"wp-block-paragraph\"><strong>@msanchezlimon<\/strong><\/p>\n","protected":false},"excerpt":{"rendered":"<p>Ixmiquilpan, Celaya, Culiac\u00e1n, impunidad\u2026<\/p>\n","protected":false},"author":3,"featured_media":15805,"comment_status":"open","ping_status":"open","sticky":false,"template":"","format":"standard","meta":{"_monsterinsights_skip_tracking":false,"footnotes":""},"categories":[691,105,83],"tags":[],"class_list":["post-22281","post","type-post","status-publish","format-standard","has-post-thumbnail","category-691","category-entresemana","category-moises-sanchez-limon"],"_links":{"self":[{"href":"https:\/\/redsemlac.com\/semmexico\/wp-json\/wp\/v2\/posts\/22281","targetHints":{"allow":["GET"]}}],"collection":[{"href":"https:\/\/redsemlac.com\/semmexico\/wp-json\/wp\/v2\/posts"}],"about":[{"href":"https:\/\/redsemlac.com\/semmexico\/wp-json\/wp\/v2\/types\/post"}],"author":[{"embeddable":true,"href":"https:\/\/redsemlac.com\/semmexico\/wp-json\/wp\/v2\/users\/3"}],"replies":[{"embeddable":true,"href":"https:\/\/redsemlac.com\/semmexico\/wp-json\/wp\/v2\/comments?post=22281"}],"version-history":[{"count":0,"href":"https:\/\/redsemlac.com\/semmexico\/wp-json\/wp\/v2\/posts\/22281\/revisions"}],"wp:featuredmedia":[{"embeddable":true,"href":"https:\/\/redsemlac.com\/semmexico\/wp-json\/wp\/v2\/media\/15805"}],"wp:attachment":[{"href":"https:\/\/redsemlac.com\/semmexico\/wp-json\/wp\/v2\/media?parent=22281"}],"wp:term":[{"taxonomy":"category","embeddable":true,"href":"https:\/\/redsemlac.com\/semmexico\/wp-json\/wp\/v2\/categories?post=22281"},{"taxonomy":"post_tag","embeddable":true,"href":"https:\/\/redsemlac.com\/semmexico\/wp-json\/wp\/v2\/tags?post=22281"}],"curies":[{"name":"wp","href":"https:\/\/api.w.org\/{rel}","templated":true}]}}