{"id":22278,"date":"2020-06-23T18:18:31","date_gmt":"2020-06-23T18:18:31","guid":{"rendered":"https:\/\/redsemlac.com\/semmexico\/?p=22278"},"modified":"2023-07-21T16:24:51","modified_gmt":"2023-07-21T21:24:51","slug":"en-guerrero-proponen-a-martha-sanchez-nestor-para-encabezar-conapred","status":"publish","type":"post","link":"https:\/\/redsemlac.com\/semmexico\/en-guerrero-proponen-a-martha-sanchez-nestor-para-encabezar-conapred\/","title":{"rendered":"En Guerrero proponen a Martha S\u00e1nchez N\u00e9stor para encabezar CONAPRED"},"content":{"rendered":"\n<p class=\"wp-block-paragraph\"><strong>Josefina Aguilar Pastor<\/strong><\/p>\n\n\n\n<p class=\"wp-block-paragraph\">SemM\u00e9xico. Chilpancingo, Guerrero. 23 de junio de 2020.- Cerca de 40 organizaciones sociales, y alrededor de 20 activistas, se pronunciaron a favor de la postulaci\u00f3n de activista ind\u00edgena originaria de Xochistlahuaca, Martha S\u00e1nchez N\u00e9stor, como titular del Consejo Nacional para prevenir la Discriminaci\u00f3n (Conapred).<\/p>\n\n\n\n<p class=\"wp-block-paragraph\">Organizaciones guerrerenses y de otras partes del pa\u00eds, se sumaron para visibilizar los liderazgos de mujeres ind\u00edgenas y su capacidad de transformar instituciones, conformando el&nbsp;Frente Plural de Mujeres Ind\u00edgenas por la Titularidad del Conapred<strong>,&nbsp;<\/strong>integrado por la Red Nacional de Abogadas Ind\u00edgenas, la Asamblea Nacional Pol\u00edtica de Mujeres Ind\u00edgenas, la Coordinadora Nacional de Mujeres Ind\u00edgenas, la Red Nacional de Casas de las Mujeres Ind\u00edgenas y Mujeres Colibr\u00ed Colectiva L\u00e9sbica Ind\u00edgena.<\/p>\n\n\n\n<p class=\"wp-block-paragraph\">Ante la declaraci\u00f3n del presidente sobre la designaci\u00f3n de una mujer ind\u00edgena como titular del CONAPRED, mujeres ind\u00edgenas se pronunciaron y manifestaron su total respaldo a&nbsp;Martha S\u00e1nchez N\u00e9stor, originaria del&nbsp;municipio de Suljaa\u2019, Xochistlahuaca, en la regi\u00f3n de Costa Chica del estado de Guerrero.<\/p>\n\n\n\n<p class=\"wp-block-paragraph\">En el pronunciamiento dado a conocer este lunes, se\u00f1alan que el Conapred, es producto de una sociedad que demanda igualdad y justicia social, por lo que reconocen su importancia en la lucha contra la discriminaci\u00f3n racial y clasista contra pueblos, comunidades, mujeres ind\u00edgenas y afrodescendientes en M\u00e9xico, as\u00ed como otros colectivos y poblaciones que han vivido en la exclusi\u00f3n y negaci\u00f3n de derechos.<\/p>\n\n\n\n<p class=\"wp-block-paragraph\">Tambi\u00e9n se pronuncian por el cumplimiento de la recomendaci\u00f3n del Comit\u00e9 de las Naciones Unidas para la Eliminaci\u00f3n de la Discriminaci\u00f3n Racial (CERD), para que cada entidad federativa cuente con una delegaci\u00f3n encargada de recibir quejas relativas a la discriminaci\u00f3n racial y promover pol\u00edticas publicas tendientes a la eliminaci\u00f3n de esta discriminaci\u00f3n, que cuenten con recursos humanos, financieros y t\u00e9cnicos adecuados al Conapred.<\/p>\n\n\n\n<p class=\"wp-block-paragraph\">Exigen al Gobierno federal, ser coherente con los derechos de los pueblos ind\u00edgenas y de las mujeres ind\u00edgenas a incluir y respaldar la lista de candidatas del Frente plural de Mujeres, respetando sus propios procesos y formar&nbsp;parte de &nbsp;la selecci\u00f3n bajo el principio de \u201cnada sobre nosotras sin nosotras\u201d.<\/p>\n\n\n\n<p class=\"wp-block-paragraph\">Hacen un llamado a la resistencia en dignidad, a no aceptar designaciones verticales y autoritarias \u00abllamamos a la participaci\u00f3n y consenso por ello exigimos participar con voz y voto en el proceso de elecci\u00f3n de la nueva titular del Conapred junto con al \u2013Secretar\u00eda de Gobernaci\u00f3n y presidencia, nuestra voz es importante, pero solo queremos ser o\u00eddas sino consideradas en la toma de decisiones\u201d.<\/p>\n\n\n\n<p class=\"wp-block-paragraph\">Solicitan al presidente de la rep\u00fablica, y a la Secretar\u00eda de Gobernaci\u00f3n, fortalecer el Conapred con autonom\u00eda institucional y presupuesto para su operaci\u00f3n; as\u00ed como al Instituto Nacional de las Mujeres e Instituto Nacional de Pueblos Ind\u00edgenas, formar parte del proceso de elecci\u00f3n de la nueva titular con voz y voto; al consejo de dicha instituci\u00f3n, respaldar la lista de candidatas que presentan, reconociendo sus trayectorias y su proceso de selecci\u00f3n; a la sociedad en general a sumarse, entender y dialogar con la lucha de las mujeres ind\u00edgenas, demandando procesos abiertos, transparentes y apartidistas.<\/p>\n\n\n\n<p class=\"wp-block-paragraph\">\u201cSe\u00f1or Presidente de la Rep\u00fablica, desde Guerrero, le exhortamos a designar a la C. Martha S\u00e1nchez N\u00e9stor, quien es la persona id\u00f3nea para ocupar la presidencia del CONAPRED, por la amplia experiencia local, estatal, nacional e internacional en el tema. Estaremos atentas a la designaci\u00f3n\u201d, recalcan las peticionarias.<\/p>\n\n\n\n<p class=\"wp-block-paragraph\">Entre las organizaciones firmantes de esta petici\u00f3n se encuentran; Asociaci\u00f3n de mujeres ind\u00edgenas y afrodescendientes radicadas en Acapulco A.C. (AMIARA); Asociaci\u00f3n Guerrerense de Alzheimer y enfermedades similares; CAMI zihuachikahuac; Casa De La Mujer Ind\u00edgena Manos Unidas A.C. Ometepec Guerrero; Casa de la Mujer Ind\u00edgena Nllys Palomo S\u00e1nchez; Centro de Atenci\u00f3n a la Mujer Trabajadora de Chihuahua. A C.; Centro de Investigaciones y Proyectos para la igualdad de G\u00e9nero, A.C.; Comaletzin.A.C.; Comit\u00e9 de Gestor\u00eda Ind\u00edgena. 170 Pueblos Ind\u00edgenas de 4 Municipios, Chilapa, Jos\u00e9 Joaqu\u00edn de Herrera, Quechultenengo y Atlixtac.<\/p>\n\n\n\n<p class=\"wp-block-paragraph\">El Consejo para el Autodesarrollo Sustentable del Alto Balsas; Cooperativa El Zapote; Cooperativa Feminista \u00abLas Revueltas de Guerrero\u201d; Cooperativa Las Marias Xaltianguis; Cooperativa MujTbjo Altalcacos; Coordinadora Universitaria UAGRO; Coraz\u00f3n Verde A.C.; Cupasijminu S.C.; Equipos Feministas, A.C.; Frente comunitario Xochistlahuaca; Frente Progresista Guerrerense; Grupo Cultural de Escritores en Lenguas Originarias del Estado de Guerrero; y Grupo Organizado de Mujeres en Ometepec, entre otras.<\/p>\n\n\n\n<p class=\"wp-block-paragraph\">As\u00ed como las activistas; Adriana Welsh Herrera, Alfreda Gasparillo Pineda, Alma Rosa Aguirre Reyes, Ang\u00e9lica Mar\u00eda Ram\u00edrez Hern\u00e1ndez, Aurencar Estrada Ap\u00e1tiga, Brenda A. Meza Garibay, Carlos de Jes\u00fas Alejandro,&nbsp;&nbsp;Carola Carbajal,&nbsp;&nbsp;Claudia Monica Payan, Domitila Rosendo,&nbsp;&nbsp;Elvia S\u00e1nchez Caro, Felipa Gil Cort\u00e9s, Francisca Alvarez A\u00f1orve, Gloria Tello Sanchez, Guadalupe Zepeda D\u00edaz, Jos\u00e9 V\u00e1zquez Rosendo, y Laura G\u00f3mez Flores<\/p>\n","protected":false},"excerpt":{"rendered":"<p>Organizaciones guerrerenses y de otras partes del pa\u00eds, se sumaron para visibilizar los liderazgos de mujeres ind\u00edgenas y su capacidad de transformar instituciones<\/p>\n","protected":false},"author":3,"featured_media":22279,"comment_status":"open","ping_status":"open","sticky":false,"template":"","format":"standard","meta":{"_monsterinsights_skip_tracking":false,"footnotes":""},"categories":[691,54],"tags":[],"class_list":["post-22278","post","type-post","status-publish","format-standard","has-post-thumbnail","category-691","category-mujeres"],"_links":{"self":[{"href":"https:\/\/redsemlac.com\/semmexico\/wp-json\/wp\/v2\/posts\/22278","targetHints":{"allow":["GET"]}}],"collection":[{"href":"https:\/\/redsemlac.com\/semmexico\/wp-json\/wp\/v2\/posts"}],"about":[{"href":"https:\/\/redsemlac.com\/semmexico\/wp-json\/wp\/v2\/types\/post"}],"author":[{"embeddable":true,"href":"https:\/\/redsemlac.com\/semmexico\/wp-json\/wp\/v2\/users\/3"}],"replies":[{"embeddable":true,"href":"https:\/\/redsemlac.com\/semmexico\/wp-json\/wp\/v2\/comments?post=22278"}],"version-history":[{"count":0,"href":"https:\/\/redsemlac.com\/semmexico\/wp-json\/wp\/v2\/posts\/22278\/revisions"}],"wp:featuredmedia":[{"embeddable":true,"href":"https:\/\/redsemlac.com\/semmexico\/wp-json\/wp\/v2\/media\/22279"}],"wp:attachment":[{"href":"https:\/\/redsemlac.com\/semmexico\/wp-json\/wp\/v2\/media?parent=22278"}],"wp:term":[{"taxonomy":"category","embeddable":true,"href":"https:\/\/redsemlac.com\/semmexico\/wp-json\/wp\/v2\/categories?post=22278"},{"taxonomy":"post_tag","embeddable":true,"href":"https:\/\/redsemlac.com\/semmexico\/wp-json\/wp\/v2\/tags?post=22278"}],"curies":[{"name":"wp","href":"https:\/\/api.w.org\/{rel}","templated":true}]}}