{"id":22273,"date":"2020-06-23T02:33:05","date_gmt":"2020-06-23T02:33:05","guid":{"rendered":"https:\/\/redsemlac.com\/semmexico\/?p=22273"},"modified":"2023-07-21T16:24:51","modified_gmt":"2023-07-21T21:24:51","slug":"veracruz-62","status":"publish","type":"post","link":"https:\/\/redsemlac.com\/semmexico\/veracruz-62\/","title":{"rendered":"Con Reforma Integral, Veracruz desterrar\u00e1 la violencia pol\u00edtica de g\u00e9nero"},"content":{"rendered":"\n<p class=\"wp-block-paragraph\"><strong>Redacci\u00f3n<\/strong><\/p>\n\n\n\n<p class=\"wp-block-paragraph\">SemM\u00e9xico\/Billie Parker Noticias. Xalapa, Veracruz., 22 de\nJunio de 2020.- La diputada M\u00f3nica Robles Barajas, a nombre de diversos\nintegrantes de la LXV Legislatura, propuso una iniciativa con proyecto de decreto\npara reformar el entramado jur\u00eddico de Veracruz, a fin de garantizar la paridad\nsustantiva y proteger a las veracruzanas de la violencia pol\u00edtica en raz\u00f3n de\ng\u00e9nero.<\/p>\n\n\n\n<p class=\"wp-block-paragraph\">Durante la Cuarta Sesi\u00f3n Ordinaria, la tambi\u00e9n Presidenta de\nla Comisi\u00f3n Permanente de Justicia y Puntos Constitucionales, explic\u00f3 que este\ntipo de violencia contra la mujer representa una expresi\u00f3n mis\u00f3gina de miedo y\nrechazo al potencial, talento y capacidad de las veracruzanas l\u00edderes y con\nvocaci\u00f3n de poder.<\/p>\n\n\n\n<p class=\"wp-block-paragraph\">En este sentido -a\u00f1adi\u00f3- es imperativo modificar el marco\nnormativo, con el objetivo de asegurar la participaci\u00f3n de la mujer en el\nprogreso de Veracruz, ya que m\u00e1s all\u00e1 de partidos e ideolog\u00edas, la paridad de\ng\u00e9nero es la v\u00eda id\u00f3nea para que nuestra entidad transite hacia la democracia\nequitativa.<\/p>\n\n\n\n<p class=\"wp-block-paragraph\">&nbsp;\u201cNo puede haber\ncrecimiento ni bienestar equitativo, mucho menos desarrollo integral sin la\nparticipaci\u00f3n de las veracruzanas en la toma de decisiones; por tal motivo, se\nnecesita trabajar en favor de sus Derechos Humanos, de sus libertades y,\nfundamentalmente, de su empoderamiento al interior del sector p\u00fablico\u201d, coment\u00f3\nla diputada M\u00f3nica Robles.<\/p>\n\n\n\n<p class=\"wp-block-paragraph\">La legisladora afirm\u00f3 que las diferentes reformas propuestas\nsignifican un salto directo a la Democracia Paritaria, efectiva y real, que\nerradique totalmente la exclusi\u00f3n estructural de las mujeres y materialice un\nnuevo equilibrio social y una responsabilidad compartida, en las esferas tanto\np\u00fablicas como privadas, entre mujeres y hombres.<\/p>\n\n\n\n<p class=\"wp-block-paragraph\">&nbsp;\u201cEs una\nresponsabilidad institucional, salvaguardar los derechos pol\u00edtico-electorales\nde las veracruzanas que contender\u00e1n en el Proceso Electoral 2020-2021 y en los\nque vendr\u00e1n posteriormente. Urgente asegurarles paridad, igualdad y libertad en\nel desempe\u00f1o de la funci\u00f3n p\u00fablica, as\u00ed como de dirigencia y militancia\npartidista, sin violencias ni discriminaciones\u201d, expuso en la m\u00e1xima Tribuna\ndel estado.<\/p>\n\n\n\n<p class=\"wp-block-paragraph\">La diputada pidi\u00f3 a sus compa\u00f1eras y compa\u00f1eros legisladores\nsumarse a esta Iniciativa, que sin duda demostrar\u00e1 estatura pol\u00edtica y\nsororidad, as\u00ed como un respeto a la causa feminista y sus derechos: \u201cdemos un\ngiro en la espiral de la historia y empoderemos a la mujer, no permitamos que\nninguna clase de violencia inhiba su vocaci\u00f3n de servicio y el talento innato\nde las veracruzanas\u201d, sentenci\u00f3 la integrante del Grupo Legislativo de MORENA.<\/p>\n\n\n\n<p class=\"wp-block-paragraph\">La propuesta de la legisladora plantea reformar y adicionar\ndiversas disposiciones de la Ley de Acceso de las Mujeres a una Vida Libre de\nViolencia, de la Ley de Responsabilidades Administrativas, del C\u00f3digo Electoral\nde Veracruz, de la Ley Org\u00e1nica del Poder Judicial y de la Ley Org\u00e1nica de la\nFiscal\u00eda General del Estado con el fin de reconocer y salvaguardar el pleno\ngoce de los derechos de las mujeres veracruzanas.<\/p>\n","protected":false},"excerpt":{"rendered":"<p>Explic\u00f3 que este tipo de violencia contra la mujer representa una expresi\u00f3n mis\u00f3gina de miedo y rechazo al potencial, talento y capacidad de las veracruzanas l\u00edderes y con vocaci\u00f3n de poder.<\/p>\n","protected":false},"author":3,"featured_media":22274,"comment_status":"open","ping_status":"open","sticky":false,"template":"","format":"standard","meta":{"_monsterinsights_skip_tracking":false,"footnotes":""},"categories":[691,50],"tags":[],"class_list":["post-22273","post","type-post","status-publish","format-standard","has-post-thumbnail","category-691","category-congreso"],"_links":{"self":[{"href":"https:\/\/redsemlac.com\/semmexico\/wp-json\/wp\/v2\/posts\/22273","targetHints":{"allow":["GET"]}}],"collection":[{"href":"https:\/\/redsemlac.com\/semmexico\/wp-json\/wp\/v2\/posts"}],"about":[{"href":"https:\/\/redsemlac.com\/semmexico\/wp-json\/wp\/v2\/types\/post"}],"author":[{"embeddable":true,"href":"https:\/\/redsemlac.com\/semmexico\/wp-json\/wp\/v2\/users\/3"}],"replies":[{"embeddable":true,"href":"https:\/\/redsemlac.com\/semmexico\/wp-json\/wp\/v2\/comments?post=22273"}],"version-history":[{"count":0,"href":"https:\/\/redsemlac.com\/semmexico\/wp-json\/wp\/v2\/posts\/22273\/revisions"}],"wp:featuredmedia":[{"embeddable":true,"href":"https:\/\/redsemlac.com\/semmexico\/wp-json\/wp\/v2\/media\/22274"}],"wp:attachment":[{"href":"https:\/\/redsemlac.com\/semmexico\/wp-json\/wp\/v2\/media?parent=22273"}],"wp:term":[{"taxonomy":"category","embeddable":true,"href":"https:\/\/redsemlac.com\/semmexico\/wp-json\/wp\/v2\/categories?post=22273"},{"taxonomy":"post_tag","embeddable":true,"href":"https:\/\/redsemlac.com\/semmexico\/wp-json\/wp\/v2\/tags?post=22273"}],"curies":[{"name":"wp","href":"https:\/\/api.w.org\/{rel}","templated":true}]}}