{"id":22263,"date":"2020-06-23T02:00:01","date_gmt":"2020-06-23T02:00:01","guid":{"rendered":"https:\/\/redsemlac.com\/semmexico\/?p=22263"},"modified":"2023-07-21T16:24:51","modified_gmt":"2023-07-21T21:24:51","slug":"palabra-de-antigona-13","status":"publish","type":"post","link":"https:\/\/redsemlac.com\/semmexico\/palabra-de-antigona-13\/","title":{"rendered":"Palabra De Ant\u00edgona"},"content":{"rendered":"\n<h2 class=\"wp-block-heading\"> Que puede significar el miedo <\/h2>\n\n\n\n<ul class=\"wp-block-list\"><li><strong>Mujer aterrorizada del miedo, tap\u00e1ndose parte de la cara<\/strong><\/li><\/ul>\n\n\n\n<ul class=\"wp-block-list\"><li><strong>El miedo es la reacci\u00f3n que se produce ante un peligro inminente.<\/strong><\/li><\/ul>\n\n\n\n<p class=\"wp-block-paragraph\"><strong>Sara Lovera<\/strong><\/p>\n\n\n\n<p class=\"wp-block-paragraph\">SemM\u00e9xico, 22 de junio, 2020.- El miedo es uno de esos\nsentimientos que te puede paralizar. Porque lo que produce es una variedad de\nest\u00edmulos, son tan enteros, tan extensos que es imposible enumerarlos.\nCualquier cosa puede provocar miedo en una determinada persona. Probablemente\nlas amenazas an\u00f3nimas, el hostigamiento o un peligro inminente. Pero la\nviolencia generalizada, que parece no importar a los gobiernos y sus\nejecutantes, es una marca indeleble que deber\u00eda hacernos reaccionar.<\/p>\n\n\n\n<p class=\"wp-block-paragraph\">Las mujeres de Celaya, Caborca, San Mateo del Mar y\nTamaulipas han ido encerrando en su cuerpo ese miedo. Los hechos del fin de\nsemana, a los que se ve fr\u00edamente desde los despachos de quienes nos gobiernan;\na quienes lo \u00fanico que importa son las cifras -93 personas, hombres y mujeres\nse sumaron a las muertes que tienen una estad\u00edstica- y adentro, en casa, \u00bfqu\u00e9\nsucede realmente?<\/p>\n\n\n\n<p class=\"wp-block-paragraph\">Las atacadas en un bald\u00edo, violadas, tienen una experiencia\nde miedo tremendo y duradero. En los a\u00f1os 70 se identificaron algunas\nreacciones, inapetencia, insomnio y ansiedad. Tambi\u00e9n alteraci\u00f3n en el sue\u00f1o y\nla persistencia de los recuerdos. Todo ello puede incrustarse en el\ninconsciente. Por ello son desastrosas las campa\u00f1as superficiales. No es\ncuesti\u00f3n de contar hasta 10 o \u201cenamorar\u201d a los machos o suplicar a los jueces.\nPor ello es lo m\u00e1s absurdo desmantelar a las instituciones que trabajan con las\nv\u00edctimas; por eso es tan banal desautorizar las acciones, grandes o peque\u00f1as,\nque pueden afrontar ese miedo.<\/p>\n\n\n\n<p class=\"wp-block-paragraph\">El machismo y sus acciones han tatuado el miedo en miles de\nmujeres. Pero esta vez el ejercicio de la fuerza, los incendios sucesivos, las\nbalaceras intermitentes, que se sucedieron el fin de semana, tendr\u00edan que\nllamarnos a pensar, c\u00f3mo reaccionar si se supone que vivimos en un pa\u00eds que\noficialmente no est\u00e1 en guerra.<\/p>\n\n\n\n<p class=\"wp-block-paragraph\">Desde Celaya me escribi\u00f3 una amiga\/comadre, Juanita. Tras\no\u00edr la noticia de los sucesos en Celaya, Guanajuato, yo pregunt\u00e9 c\u00f3mo estaba y\nqu\u00e9 pas\u00f3. Juanita escribi\u00f3: Simult\u00e1neamente hubo como 18 ataques, quema de veh\u00edculos,\nla muebler\u00eda de una amiga m\u00eda en el bulevar totalmente quemada, parec\u00eda que\nest\u00e1bamos en Guerra.<\/p>\n\n\n\n<p class=\"wp-block-paragraph\">Los ataques empezaron desde las tres de la tarde y yo, hasta\nlas 9 y media de la noche escuch\u00e9 balaceras, sirenas de la cruz roja, de la\npolic\u00eda, de los bomberos. Impresionante los helic\u00f3pteros. F\u00edjate que unos\nempleados de un Oxxo quemado se refugiaron en los refrigeradores, entr\u00f3 un\npolic\u00eda y no vio a nadie, sin embargo, una muchacha que buscaba a su hermana,\nles dijo que buscar\u00e1n en los refer\u00eds y rescataron a varios empleados. Si,\nestuvo feo comadrita, la gente del Marro hizo este desmadre en respuesta a un\noperativo. No es la primera vez.<\/p>\n\n\n\n<p class=\"wp-block-paragraph\">Ella es una mujer que ha sufrido violencia sistem\u00e1ticamente.\nDesde que muy joven escenific\u00f3 el secuestro de su padre. El mes pasado el\nasesinato de cuatro sobrinos y la desaparici\u00f3n de tres sobrinas, quienes\naparecieron. No me cont\u00f3 c\u00f3mo. Pero ante las adversidades siempre tiene una\nactitud positiva. Una vez, hace mucho tiempo, en Zit\u00e1cuaro, unos hombres amenazaron\na su madre, se metieron a su casa, balacearon. Entonces me cont\u00f3 que lo que m\u00e1s\nverg\u00fcenza le daba, es que era de noche y sali\u00f3 despavorida y de pronto se dio\ncuenta que estaba desnuda. Lo recuerda como una situaci\u00f3n inc\u00f3moda y se r\u00ede. Ha\nenfrentado, es de Michoac\u00e1n, numerosos escenarios violentos. Incluso son de\nhecho los que marcaron su vida y la de sus hermanas. Todas huyeron con los\nnovios, porque hace 40 a\u00f1os, su pap\u00e1, un due\u00f1o de montes y bosques, si se\ncasaban, las desheredaba. Ella se muere de risa, porque escond\u00eda al susodicho\nen un ropero.<\/p>\n\n\n\n<p class=\"wp-block-paragraph\">Anoche me dijo: \u201cya decimos que para salir a la calle nos\npongamos el tapabocas, un chaleco antibalas y muchos bolillos para los sustos\nde las balaceras en cada esquina.<\/p>\n\n\n\n<p class=\"wp-block-paragraph\">Sus gestos y el maxilar de su cara se han ido transformando.\nPero todav\u00eda le brillan los ojos. Es como si el miedo lo pusiera bajo la cama\npara seguir viviendo. En Celaya la violencia parece abarcarlo todo. No hay una\npol\u00edtica efectiva para la seguridad. &nbsp;Luego me dijo, \u00bfY ya viste? \u00a1Dicen que han\nbajado los homicidios dolosos! Es como aquello de que s\u00f3lo porque yo lo digo,\nse control\u00f3 el COVID 19 y se aplan\u00f3 la curva del contagio. \u00bfS\u00ed, c\u00f3mo no? Que se\nvengan un solo d\u00eda a mi pueblo.<\/p>\n\n\n\n<p class=\"wp-block-paragraph\">En San Mateo del Mar, Oaxaca, las y los pobladores hace algunos\na\u00f1os dan una batalla frontal a los empresarios de las empresas e\u00f3licas, sin\navances. Y tienen que dormir con el miedo de las balaceras y los destrozos. M\u00e1s\nall\u00e1 de las inundaciones y las ca\u00eddas de los \u00e1rboles.<\/p>\n\n\n\n<p class=\"wp-block-paragraph\">As\u00ed que esta ma\u00f1ana me imagin\u00e9 a muchas aterradas,\ncorriendo, escondi\u00e9ndose bajo sus camas o tras sus roperos. No era una\nconflagraci\u00f3n natural, como un temblor o una lluvia en cascada, como la de los\n\u00faltimos d\u00edas en Guerrero. No. Era un asunto sin control. De armas. Que en\nalgunos lugares ya tiene a\u00f1os.<\/p>\n\n\n\n<p class=\"wp-block-paragraph\">Me hizo recordar un reportaje de televisi\u00f3n de c\u00f3mo en\nCreell, Chihuahua, hace algunos a\u00f1os. Las balaceras empezaron a las cinco de la\nma\u00f1ana. La gente se refugi\u00f3 en sus viviendas. Ha pasado una d\u00e9cada y en\nChihuahua eso sucede de vez en vez o sistem\u00e1ticamente.<\/p>\n\n\n\n<p class=\"wp-block-paragraph\">Dicen especialistas que cuando sentimos miedo creemos que\ntenemos una baja capacidad de control y de predicci\u00f3n. No obstante, necesitamos\nhacerle frente de manera inminente y, para ello, movilizamos toda una serie de\ncomportamientos.&nbsp; Hay un desgaste que\npuede resultar en, ahora decimos, \u201cque para salir a la calle nos pongamos el\ntapabocas, un chaleco antibalas y muchos bolillos para los sustos de las\nbalaceras en cada esquina.<\/p>\n\n\n\n<p class=\"wp-block-paragraph\">En cada esquina. Tremendo. Y en cada casa para todas las\nconfinadas junto a sus agresores cotidianos. Pero las autoridades cuentan un\n0.1 por ciento de disminuci\u00f3n de los homicidios dolosos y los dan como un\n\u00e9xito. Dicen las mujeres que eso es como querer tapar el sol con dedo.<\/p>\n\n\n\n<p class=\"wp-block-paragraph\">Y ante el miedo, dicen los y las especialistas nos sirve\npara \u201creaccionar\u00bb y escapar eficazmente ante cualquier peligro inminente. \u00bfY\ncu\u00e1ndo no se puede escapar? El miedo nos paraliza y nos hace fijar toda nuestra\natenci\u00f3n en el est\u00edmulo desencadenante. Por eso se denuncia un ataque sexual.<\/p>\n\n\n\n<p class=\"wp-block-paragraph\">Pero hay otras reacciones fisiol\u00f3gicas como un aumento de la\npresi\u00f3n cardiaca, sudoraci\u00f3n, dilataci\u00f3n de pupilas, descenso de la temperatura\ncorporal, aumento de conductancia de la piel, aumento del tono muscular\nllegando incluso al agarrotamiento. Y qui\u00e9n mira eso. Las dedicadas a tratar a\nlas mujeres violentadas, pero ahora no lo hacen, hay presupuesto. Es cosas de\n\u201cfif\u00eds\u201d, porque el pueblo entiende. Es como un grave desprecio a la humanidad.<\/p>\n\n\n\n<p class=\"wp-block-paragraph\">Lo que habr\u00eda que tomarse en cuenta desde las alturas, pero\nno se considera, es un hecho: los principales efectos subjetivos del miedo son:\nuna gran sensaci\u00f3n de malestar, preocupaci\u00f3n, indignaci\u00f3n y p\u00e9rdida de las\nconductas indiferentes.<\/p>\n\n\n\n<p class=\"wp-block-paragraph\">M\u00e1s del 50 por ciento de las personas que experimenta temor\npresentan silencios y en la mayor\u00eda de los casos se produce un aumento del tono\nde voz.<\/p>\n\n\n\n<p class=\"wp-block-paragraph\">Pero tambi\u00e9n el miedo, da lugar a una enorme cantidad de\ntrastornos psicol\u00f3gicos. Entre ellos trastornos obsesivos compulsivos;\ntrastornos de ansiedad; ataques de p\u00e1nico; s\u00edndrome de estr\u00e9s postraum\u00e1tico;\nfobias. Tambi\u00e9n produce un cierto grado de desasosiego y malestar. Uno que va\ncreciendo. Eso no lo entienden los pol\u00edticos, por eso no se explica el\nPresidente de la Rep\u00fablica que en su \u00faltima gira la gente ha perdido el buen\ncomportamiento y le protesta, ahora sin temor, porque han activado su capacidad\nde reaccionar, sobre todo esas mujeres que desesperadamente buscan a sus hijas\ne hijos y aquellas que exigen justicia.<\/p>\n\n\n\n<p class=\"wp-block-paragraph\">Acabo de leer que este d\u00eda la popularidad de la 4T y del\nPresidente que lleg\u00f3 a su nivel m\u00e1s bajo. Ojal\u00e1 que esa reacci\u00f3n se convierta\nen votos en 2021. Veremos.<\/p>\n","protected":false},"excerpt":{"rendered":"<p>Que puede significar el miedo<\/p>\n","protected":false},"author":3,"featured_media":9290,"comment_status":"open","ping_status":"open","sticky":false,"template":"","format":"standard","meta":{"_monsterinsights_skip_tracking":false,"footnotes":""},"categories":[691,95,69],"tags":[],"class_list":["post-22263","post","type-post","status-publish","format-standard","has-post-thumbnail","category-691","category-palabra-de-antigona","category-sara-lovera"],"_links":{"self":[{"href":"https:\/\/redsemlac.com\/semmexico\/wp-json\/wp\/v2\/posts\/22263","targetHints":{"allow":["GET"]}}],"collection":[{"href":"https:\/\/redsemlac.com\/semmexico\/wp-json\/wp\/v2\/posts"}],"about":[{"href":"https:\/\/redsemlac.com\/semmexico\/wp-json\/wp\/v2\/types\/post"}],"author":[{"embeddable":true,"href":"https:\/\/redsemlac.com\/semmexico\/wp-json\/wp\/v2\/users\/3"}],"replies":[{"embeddable":true,"href":"https:\/\/redsemlac.com\/semmexico\/wp-json\/wp\/v2\/comments?post=22263"}],"version-history":[{"count":0,"href":"https:\/\/redsemlac.com\/semmexico\/wp-json\/wp\/v2\/posts\/22263\/revisions"}],"wp:featuredmedia":[{"embeddable":true,"href":"https:\/\/redsemlac.com\/semmexico\/wp-json\/wp\/v2\/media\/9290"}],"wp:attachment":[{"href":"https:\/\/redsemlac.com\/semmexico\/wp-json\/wp\/v2\/media?parent=22263"}],"wp:term":[{"taxonomy":"category","embeddable":true,"href":"https:\/\/redsemlac.com\/semmexico\/wp-json\/wp\/v2\/categories?post=22263"},{"taxonomy":"post_tag","embeddable":true,"href":"https:\/\/redsemlac.com\/semmexico\/wp-json\/wp\/v2\/tags?post=22263"}],"curies":[{"name":"wp","href":"https:\/\/api.w.org\/{rel}","templated":true}]}}