{"id":22211,"date":"2020-06-23T01:00:30","date_gmt":"2020-06-23T01:00:30","guid":{"rendered":"https:\/\/redsemlac.com\/semmexico\/?p=22211"},"modified":"2023-07-21T16:24:51","modified_gmt":"2023-07-21T21:24:51","slug":"mujeres-de-la-sal-emprende-campana-contra-la-violencia-machista","status":"publish","type":"post","link":"https:\/\/redsemlac.com\/semmexico\/mujeres-de-la-sal-emprende-campana-contra-la-violencia-machista\/","title":{"rendered":"Mujeres de la Sal emprende campa\u00f1a contra la violencia machista"},"content":{"rendered":"\n<ul class=\"wp-block-list\"><li><strong> Son j\u00f3venes nacidas en el nuevo siglo, asentadas en la regi\u00f3n del Istmo <\/strong><\/li><\/ul>\n\n\n\n<ul class=\"wp-block-list\"><li><strong>Hoy hacen viral la campa\u00f1a #OaxacaEstadoFeminicida<\/strong><\/li><\/ul>\n\n\n\n<p class=\"wp-block-paragraph\"><strong>Soledad Jarqu\u00edn Edgar<\/strong><\/p>\n\n\n\n<p class=\"wp-block-paragraph\">SemM\u00e9xico,\nOaxaca, 22 de junio, 2020.- Se formaron hace cuatro meses y han accionado\ndiversas movilizaciones virtuales. Son j\u00f3venes nacidas, la gran mayor\u00eda de\nellas, en este milenio.<\/p>\n\n\n\n<p class=\"wp-block-paragraph\">El\nColectivo Mujeres de la Sal est\u00e1 preocupado por la violencia sistem\u00e1tica que\nviven las mujeres en algunas regiones de la entidad, como el Istmo, donde est\u00e1n\nasentadas, y se han unido con otras organizaciones feministas en Oaxaca, as\u00ed\ncomo las familias de las j\u00f3venes desaparecidas en San Juan Bautista, Tuxtepec.<\/p>\n\n\n\n<p class=\"wp-block-paragraph\">Hoy, este nuevo colectivo se hizo notar, cuando convoc\u00f3 a una movilizaci\u00f3n en el twitter para denunciar, junto con otras organizaciones o colectivos: #OaxacaEstadoFeminicida, dice una de las entrevistadas quien pidi\u00f3 se omitiera su nombre.<\/p>\n\n\n\n<p class=\"wp-block-paragraph\">A\nsu demanda se unieron otros colectivos, locales como de otras entidades del\npa\u00eds, como la Red de Abogadas Violeta quienes postearon: \u201cNos unimos a las\nexigencias de las compa\u00f1eras de Oaxaca. Contra la Violencia Feminicida. Por un\ntratamiento apegado a derecho en los casos de violencia contra mujeres. Contra\nla violencia sexual en la Universidad del Istmo. Contra las amenazas a\norganizaciones feministas\u201d.<\/p>\n\n\n\n<p class=\"wp-block-paragraph\">Previamente,\ncomo parte de su estrategia para visibilizar a #OaxacaEstadoFeminicida, Mujeres\nde la Sal han twitteado diversas infograf\u00edas se\u00f1alando que en tanto la Fiscal\u00eda\nGeneral de Oaxaca contabiliza 11 feminicidios del 1 de enero al 30 de abril,\nlas organizaciones sociales 41 reportaban 41 feminicidios; as\u00ed como los casos\nde violencia sexual, cuyo reporte oficial plantea 200 casos, en tanto las\norganizaciones hablan de 26 m\u00e1s.<\/p>\n\n\n\n<p class=\"wp-block-paragraph\">\u00a1Qu\u00e9\nalzar la voz no nos cueste la vida!, dice otra de las infograf\u00edas. Tambi\u00e9n han\ncuestionado la falta de protocolos para la b\u00fasqueda de mujeres desaparecidas o\nlas investigaciones en caso de sufrir violencia machista: \u201cEn Oaxaca, no importa\nque seamos uno de los cuatro estados con protocolos para la violencia de\ng\u00e9nero, (si) no se toman en cuenta para el apoyo y seguimiento de las\ninvestigaciones\u201d.<\/p>\n\n\n\n<p class=\"wp-block-paragraph\">Otra\nde las j\u00f3venes entrevistadas se\u00f1ala que los protocolos no se accionan, como se\ndemuestra en los casos de desaparici\u00f3n de cuatro j\u00f3venes en San Juan Bautista\nTuxtepec, una de las cuales fue localizada con vida, otra m\u00e1s (F\u00e1tima) sus\nrestos fueron localizados en una fosa com\u00fan, y todav\u00eda no se sabe a qui\u00e9n\npertenecen los restos de otras dos personas ubicadas en el mismo lugar, por tanto,\nsiguen desaparecidas Casandra e Itzel. Las familias fueron informadas que los\nresultados de las investigaciones que se hacen a los restos ser\u00e1n conocidos\nhasta dentro de dos meses.<\/p>\n\n\n\n<p class=\"wp-block-paragraph\">Y\nes que de acuerdo con las entrevistadas fueron las familias de las j\u00f3venes\ndesaparecidas quienes han se\u00f1alado la falta de protocolos en las\ninvestigaciones que se llevan a cabo en la Fiscal\u00eda y confirman, como lo\nhicieron las familias, que no fueron buscadas oportunamente. Lo que tambi\u00e9n\ncuestionan en otro de los tuits que fueron posteados hoy.<\/p>\n\n\n\n<p class=\"wp-block-paragraph\">Junto\ncon \u201cResistencia Feminista Oaxaque\u00f1a\u201d, otro colectivo, Mujeres de la Sal\ncoinciden: \u201cNo queremos Guelaguetza, queremos a nuestras hermanas de vuelta\u201d,\nItzel, F\u00e1tima y Casandra, dice una manta que tambi\u00e9n forma parte de esta\ncampa\u00f1a virtual, ya que considerando la pandemia no hay otra posibilidad.<\/p>\n\n\n\n<p class=\"wp-block-paragraph\">Mujeres\nde la Sal sostiene que lo que ha demostrado la Fiscal\u00eda General de Oaxaca, a\ncargo de Rub\u00e9n Vasconcelos, es ineficiencia m\u00e1s a\u00fan si se trata de violencia\ncontra las mujeres.<\/p>\n\n\n\n<p class=\"wp-block-paragraph\">La\nprotesta virtual de este medio d\u00eda, tambi\u00e9n fue un acto de solidaridad con la\norganizaci\u00f3n Consorcio Oaxaca, misma que sufri\u00f3 la semana pasada una amenaza de\nmuerte, \u201ceso nos revela que es peligroso alzar la voz, lo dejan todo a la\ncomplicidad y, sin duda, algo muy grande debe estar pasando\u201d, sostuvo la\nentrevistada.<\/p>\n\n\n\n<p class=\"wp-block-paragraph\">Mujeres\nde la Sal considera que el problema es grave y que las autoridades no han\npuesto suficiente inter\u00e9s, refiere mostrando el caso de Elsi Campos e hija\npeque\u00f1a, quienes desaparecieron hace unos d\u00edas en el trayecto entre Tampico,\nTamaulipas, y Salina Cruz, Oaxaca, de d\u00f3nde la joven madre es originaria. Del\ncaso, agrega, no hay \u201cbolet\u00edn de b\u00fasqueda\u201d por parte de la Fiscal\u00eda, sabemos\ndel caso por la propia familia.<\/p>\n\n\n\n<div class=\"wp-block-image\"><figure class=\"alignleft size-large is-resized\"><img loading=\"lazy\" decoding=\"async\" src=\"https:\/\/redsemlac.com\/semmexico\/wp-content\/uploads\/2020\/06\/WhatsApp-Image-2020-06-22-at-6.35.15-PM-622x1024.jpeg\" alt=\"\" class=\"wp-image-22212\" width=\"349\" height=\"575\"\/><\/figure><\/div>\n\n\n\n<p class=\"wp-block-paragraph\">Lo grave, a\u00f1ade, es que tambi\u00e9n hace unos d\u00edas, tambi\u00e9n desapareci\u00f3\nuna joven mujer con su hija, este caso en Tuxtepec, se trata de Rosa Yamilet\n\u00c1ngeles Bail\u00f3n y su peque\u00f1a hija. De este caso la Fiscal\u00eda ya emiti\u00f3 un reporte\nde b\u00fasqueda.<\/p>\n\n\n\n<p class=\"wp-block-paragraph\">En\nsuma, puntualizan las entrevistadas, creemos que es necesaria la presencia de\nun feminismo de j\u00f3venes mujeres para luchar contra la violencia machista.<\/p>\n","protected":false},"excerpt":{"rendered":"<p>Hoy hacen viral la campa\u00f1a #OaxacaEstadoFeminicida<\/p>\n","protected":false},"author":3,"featured_media":22213,"comment_status":"open","ping_status":"open","sticky":false,"template":"","format":"standard","meta":{"_monsterinsights_skip_tracking":false,"footnotes":""},"categories":[691,54],"tags":[],"class_list":["post-22211","post","type-post","status-publish","format-standard","has-post-thumbnail","category-691","category-mujeres"],"_links":{"self":[{"href":"https:\/\/redsemlac.com\/semmexico\/wp-json\/wp\/v2\/posts\/22211","targetHints":{"allow":["GET"]}}],"collection":[{"href":"https:\/\/redsemlac.com\/semmexico\/wp-json\/wp\/v2\/posts"}],"about":[{"href":"https:\/\/redsemlac.com\/semmexico\/wp-json\/wp\/v2\/types\/post"}],"author":[{"embeddable":true,"href":"https:\/\/redsemlac.com\/semmexico\/wp-json\/wp\/v2\/users\/3"}],"replies":[{"embeddable":true,"href":"https:\/\/redsemlac.com\/semmexico\/wp-json\/wp\/v2\/comments?post=22211"}],"version-history":[{"count":0,"href":"https:\/\/redsemlac.com\/semmexico\/wp-json\/wp\/v2\/posts\/22211\/revisions"}],"wp:featuredmedia":[{"embeddable":true,"href":"https:\/\/redsemlac.com\/semmexico\/wp-json\/wp\/v2\/media\/22213"}],"wp:attachment":[{"href":"https:\/\/redsemlac.com\/semmexico\/wp-json\/wp\/v2\/media?parent=22211"}],"wp:term":[{"taxonomy":"category","embeddable":true,"href":"https:\/\/redsemlac.com\/semmexico\/wp-json\/wp\/v2\/categories?post=22211"},{"taxonomy":"post_tag","embeddable":true,"href":"https:\/\/redsemlac.com\/semmexico\/wp-json\/wp\/v2\/tags?post=22211"}],"curies":[{"name":"wp","href":"https:\/\/api.w.org\/{rel}","templated":true}]}}