{"id":22208,"date":"2020-06-22T22:51:06","date_gmt":"2020-06-22T22:51:06","guid":{"rendered":"https:\/\/redsemlac.com\/semmexico\/?p=22208"},"modified":"2023-07-21T16:24:51","modified_gmt":"2023-07-21T21:24:51","slug":"epistolario-4","status":"publish","type":"post","link":"https:\/\/redsemlac.com\/semmexico\/epistolario-4\/","title":{"rendered":"Epistolario"},"content":{"rendered":"\n<h2 class=\"wp-block-heading\">\u00a1Por favor, paren!<\/h2>\n\n\n\n<p class=\"wp-block-paragraph\">Armando Rojas Ar\u00e9valo<br>\nSemM\u00e9xico, 22 de junio, 2020.- LIBERTAD te llamas, precioso nombre; lo m\u00e1s preciado del ser humano es la libertad, lo que no tiene precio. Tambi\u00e9n valiosas son la paz y tranquilidad social, lamentablemente cada vez m\u00e1s lejos de M\u00e9xico.<br>\nEsto cada vez m\u00e1s se acerca al desastre. La violencia, incontrolable. Mira: JOS\u00c9 ANTONIO Y\u00c9PEZ ORT\u00cdZ, \u201cEl Marro\u201d, cabecilla del c\u00e1rtel Santa Rosa de Lima, delincuente que le ha jurado venganza al mismo presidente, trae a su banda muy activa incendiando carros, haciendo bloqueos y amenazando que \u201caunque sea solo como un perro\u201d ser\u00e1 una piedra en el zapato del gobierno y arrasar\u00e1 con \u00e9l, por la detenci\u00f3n de su mam\u00e1, su hermana, su prima y 23 personas m\u00e1s, el s\u00e1bado en Guanajuato.<\/p>\n\n\n\n<p class=\"wp-block-paragraph\">Los enfrentamientos entre presuntos c\u00e1rteles en Caborca, Sonora, que dejaron 12 muertos regados sobre la carretera.<\/p>\n\n\n\n<p class=\"wp-block-paragraph\">La embocada a polic\u00edas de Guerrero, con seis agentes muertos.<\/p>\n\n\n\n<p class=\"wp-block-paragraph\">El cinismo del gobernador de Chiapas, RUTILIO ESCAND\u00d3N, quien, despu\u00e9s de que un escolta de su hija lesion\u00f3 de un balazo en una pierna, a su ex yerno, padre de su nieto, m\u00e1s tarde desde Palacio de Gobierno dirigi\u00f3 un mensaje de aliento y felicitaci\u00f3n a todos los pap\u00e1s, con motivo de El D\u00eda del Padre.<\/p>\n\n\n\n<p class=\"wp-block-paragraph\">Seis gobernadores en franca rebeld\u00eda, casi en asamblea permanente.<\/p>\n\n\n\n<p class=\"wp-block-paragraph\">Han cerrado 10 mil empresas formales y se han perdido m\u00e1s de un mill\u00f3n de empleos.<\/p>\n\n\n\n<p class=\"wp-block-paragraph\">Ahora se fue contra el INE. Es el m\u00e1s caro del mundo y no garantiza elecciones limpias, dijo en su ma\u00f1anera.<\/p>\n\n\n\n<p class=\"wp-block-paragraph\">VUELVO AL TEMA DE LA LIBERTAD para decirte que varios funcionarios (as) optaron por ella al retirarse del gobierno, por decisi\u00f3n propia o para evitar la descalificaci\u00f3n p\u00fablica. \u00bfCu\u00e1ntas renuncias ha habido en la presente administraci\u00f3n? Anota y ve haciendo cuentas:<\/p>\n\n\n\n<p class=\"wp-block-paragraph\">CARLOS URZ\u00daA, como secretario de Hacienda; hoy cr\u00edtico de la pol\u00edtica econ\u00f3mica. Es de los que, efectivamente, no estuvo de acuerdo y prefiri\u00f3 irse.<\/p>\n\n\n\n<p class=\"wp-block-paragraph\">TONATIUH GUILL\u00c9N L\u00d3PEZ, comisionado de Migraci\u00f3n.<\/p>\n\n\n\n<p class=\"wp-block-paragraph\">JAIME ROCH\u00cdN DEL RINC\u00d3N, comisionado ejecutivo de Atenci\u00f3n a V\u00edctimas.<\/p>\n\n\n\n<p class=\"wp-block-paragraph\">FELIPE DE JESUS MU\u00d1OZ L\u00d3PEZ, subprocurador de Delitos Federales.<\/p>\n\n\n\n<p class=\"wp-block-paragraph\">GUILLERMO GARC\u00cdA ALCOCER, presidente de la Comisi\u00f3n reguladora de Energ\u00eda.<\/p>\n\n\n\n<p class=\"wp-block-paragraph\">JOSEFA GONZ\u00c1LEZ BLANCO ORT\u00cdZ MENA, secretaria del medio ambiente.<\/p>\n\n\n\n<p class=\"wp-block-paragraph\">GERM\u00c1N MART\u00cdNEZ, director del IMSS.<\/p>\n\n\n\n<p class=\"wp-block-paragraph\">PATRICIA V\u00c1ZQUEZ DEL MERCADO, consejera de la Junta de Gobierno del Instituto para la Evaluaci\u00f3n de la Educaci\u00f3n.<\/p>\n\n\n\n<p class=\"wp-block-paragraph\">PATRICIA BUGARIN GUTI\u00c9RREZ, subsecretaria de Seguridad y Protecci\u00f3n Ciudadana.<\/p>\n\n\n\n<p class=\"wp-block-paragraph\">SIM\u00d3N LEVY, subsecretario de Planeaci\u00f3n y Pol\u00edtica Tur\u00edstica de la Secretar\u00eda de Turismo.<\/p>\n\n\n\n<p class=\"wp-block-paragraph\">GUILLERMO Z\u00da\u00d1IGA, comisionado de la Comisi\u00f3n Reguladora de Energ\u00eda.<\/p>\n\n\n\n<p class=\"wp-block-paragraph\">CLARA TORRES ARMEND\u00c1RIZ, responsable del programa de Guarder\u00edas Infantiles.<\/p>\n\n\n\n<p class=\"wp-block-paragraph\">GASPAR FRANCO HERN\u00c1NDEZ, Comisi\u00f3n Nacional de Hidrocarburos.<\/p>\n\n\n\n<p class=\"wp-block-paragraph\">EDUARDO MEDINA MORA, como ministro de la Suprema Corte de Justicia, por problemas relacionados con el lavado de dinero.<\/p>\n\n\n\n<p class=\"wp-block-paragraph\">Las m\u00e1s recientes, de hace menos de una semana:<\/p>\n\n\n\n<p class=\"wp-block-paragraph\">M\u00d3NICA MACCISE DUAYHE, CONAPRED.<\/p>\n\n\n\n<p class=\"wp-block-paragraph\">ASSA CRISTINA LAURELL, subsecretaria de Salud.<\/p>\n\n\n\n<p class=\"wp-block-paragraph\">MARA G\u00d3MEZ P\u00c9REZ, Comisi\u00f3n Ejecutiva de Atenci\u00f3n a V\u00edctimas (CEAV).<\/p>\n\n\n\n<p class=\"wp-block-paragraph\">En total 17 renuncias, de las cuales siete fueron de mujeres.<\/p>\n\n\n\n<p class=\"wp-block-paragraph\">MIENTRAS, el presidente sigue con sus cambios y las ganas de extinguir organismos aut\u00f3nomos y no aut\u00f3nomos y no hay quien lo pare. Hace unos d\u00edas dej\u00f3 abierta la posibilidad de presentar una iniciativa de reforma constitucional para eliminar a la Comisi\u00f3n Reguladora de Energ\u00eda (CRE) y otros \u00f3rganos, porque consumen parte del presupuesto.<\/p>\n\n\n\n<p class=\"wp-block-paragraph\">El \u201cmorenista\u201d que debe ser ejemplo de sinceridad y valent\u00eda, es RUTILIO ESCAND\u00d3N, gobernador de Chiapas. Hombre invisible que no se hace imponer ni en su propio pueblo (Venustiano Carranza), donde hace unos d\u00edas iracundos manifestantes trataron de incendiar la casa de su mam\u00e1 y los responsables siguen tan campantes.<\/p>\n\n\n\n<p class=\"wp-block-paragraph\">Me llega un video donde uno de los escoltas de su hija, un sujeto apellidado CONSOSP\u00d3, hiri\u00f3 de un balazo en la pierna al ex yerno del gobernador, porque se acerc\u00f3 a la camioneta que conduc\u00eda a la se\u00f1ora, al ni\u00f1o y a un acompa\u00f1ante, para ver y saludar a su hijo a trav\u00e9s de la ventanilla del veh\u00edculo. Esto ocurri\u00f3 a un costado de la Catedral de la capital, a unos pasos del Palacio de Gobierno, y a horas del mediod\u00eda.<\/p>\n\n\n\n<p class=\"wp-block-paragraph\">En el video difundido en redes sociales se observa c\u00f3mo un hombre de camisa blanca y con una pistola en la mano agrede al se\u00f1or JUAN CARLOS ARMEND\u00c1RIZ, quien presuntamente fue pareja de la hija del gobernador y reclamaba  ver a su hijo.<\/p>\n\n\n\n<p class=\"wp-block-paragraph\">La fiscal\u00eda dijo que el sujeto no est\u00e1 contratado por el gobierno, sino por una agencia privada. Lo que fuera, es guarura de la hija del gobernador. Hasta eso, \u00a1pocos\u2026tama\u00f1os para reconocer la verdad!<\/p>\n\n\n\n<p class=\"wp-block-paragraph\">DE OTRAS COSAS M\u00c1S constructivas, est\u00e1 por iniciar el ciclo de interesant\u00edsimas conferencias \u201cPara entender los futuros del mundo postpandemia\u201d, organizado por el Seminario de Estudios Prospectivos de la FCPYS-UNAM y Centre post normal Policy and futures studies. Julio 1. De la postnormalidad a la transnormalidad, ZIA SARDAR. M\u00e9xico postnormal, ANTONIO ALONSO CONCHEIRO.<\/p>\n\n\n\n<p class=\"wp-block-paragraph\">JULIO 2- Covid, la tormenta perfecta. CHRIS JONES y JORDI SIERRA. De 11 a 13 horas, evento gratuito. Informes en: investigaci\u00f3n.politicas.unam.mx\/semprospectiva. Organizan los doctores GUILLERMINA BAENA y JORDI SIERRA.<br>\narmandorojasarevalo@gmail.com<br>\nrojas.a.armando@hotmail.com<\/p>\n","protected":false},"excerpt":{"rendered":"<p>\u00a1Por favor, paren!<\/p>\n","protected":false},"author":3,"featured_media":22209,"comment_status":"open","ping_status":"open","sticky":false,"template":"","format":"standard","meta":{"_monsterinsights_skip_tracking":false,"footnotes":""},"categories":[691,82,110],"tags":[],"class_list":["post-22208","post","type-post","status-publish","format-standard","has-post-thumbnail","category-691","category-la-opinion","category-la-opinion-columnas"],"_links":{"self":[{"href":"https:\/\/redsemlac.com\/semmexico\/wp-json\/wp\/v2\/posts\/22208","targetHints":{"allow":["GET"]}}],"collection":[{"href":"https:\/\/redsemlac.com\/semmexico\/wp-json\/wp\/v2\/posts"}],"about":[{"href":"https:\/\/redsemlac.com\/semmexico\/wp-json\/wp\/v2\/types\/post"}],"author":[{"embeddable":true,"href":"https:\/\/redsemlac.com\/semmexico\/wp-json\/wp\/v2\/users\/3"}],"replies":[{"embeddable":true,"href":"https:\/\/redsemlac.com\/semmexico\/wp-json\/wp\/v2\/comments?post=22208"}],"version-history":[{"count":0,"href":"https:\/\/redsemlac.com\/semmexico\/wp-json\/wp\/v2\/posts\/22208\/revisions"}],"wp:featuredmedia":[{"embeddable":true,"href":"https:\/\/redsemlac.com\/semmexico\/wp-json\/wp\/v2\/media\/22209"}],"wp:attachment":[{"href":"https:\/\/redsemlac.com\/semmexico\/wp-json\/wp\/v2\/media?parent=22208"}],"wp:term":[{"taxonomy":"category","embeddable":true,"href":"https:\/\/redsemlac.com\/semmexico\/wp-json\/wp\/v2\/categories?post=22208"},{"taxonomy":"post_tag","embeddable":true,"href":"https:\/\/redsemlac.com\/semmexico\/wp-json\/wp\/v2\/tags?post=22208"}],"curies":[{"name":"wp","href":"https:\/\/api.w.org\/{rel}","templated":true}]}}