{"id":22205,"date":"2020-06-22T22:43:22","date_gmt":"2020-06-22T22:43:22","guid":{"rendered":"https:\/\/redsemlac.com\/semmexico\/?p=22205"},"modified":"2023-07-21T16:24:51","modified_gmt":"2023-07-21T21:24:51","slug":"mi-papa-y-yo-durante-la-contingencia-una-forma-de-dar-voz-a-la-infancia","status":"publish","type":"post","link":"https:\/\/redsemlac.com\/semmexico\/mi-papa-y-yo-durante-la-contingencia-una-forma-de-dar-voz-a-la-infancia\/","title":{"rendered":"\u201cMi pap\u00e1 y yo durante la contingencia\u201d, una forma de dar voz a la infancia"},"content":{"rendered":"\n<ul class=\"wp-block-list\"><li><strong>Lanzan convocatoria para la Muestra nacional infantil y juvenil<\/strong><\/li><li><strong>Dibujos, audios o videos sobre sus padres durante la cuarentena<\/strong><\/li><\/ul>\n\n\n\n<p class=\"wp-block-paragraph\"><strong>Redacci\u00f3n<\/strong><br> SemM\u00e9xico, Cd. de M\u00e9xico, 22 de junio, 2020.- En el marco del D\u00eda del Padre y de la Campa\u00f1a Nacional \u201cHombres en Sana Convivencia: en esta contingencia, cuidar hace la diferencia\u201d, se lanz\u00f3 la Convocatoria de la Muestra nacional infantil y juvenil \u201cMi pap\u00e1 y yo durante la pandemia\u201d.<\/p>\n\n\n\n<p class=\"wp-block-paragraph\">Esta Muestra forma parte de la Campa\u00f1a Nacional \u201cHombres en Sana Convivencia: en esta contingencia, cuidar hace la diferencia\u201d que busca promover el involucramiento de los hombres en los cuidados familiares, el trabajo dom\u00e9stico y el buen trato para la convivencia dentro del hogar durante la contingencia.<\/p>\n\n\n\n<p class=\"wp-block-paragraph\">Por su parte, la Muestra busca dar voz y conocer las impresiones y opiniones de ni\u00f1as, ni\u00f1os y adolescentes sobre el papel que juegan los pap\u00e1s o tutores en el cuidado y en la convivencia dentro del hogar durante esta contingencia por el COVID-19, as\u00ed como contribuir a que nuestra comunidad reflexione sobre las paternidades en M\u00e9xico como clave para avanzar hacia la igualdad y el buen trato.<\/p>\n\n\n\n<p class=\"wp-block-paragraph\">Los organismos convocantes son el Consejo Nacional para Prevenir la Discriminaci\u00f3n, el Sistema Nacional de Protecci\u00f3n de Ni\u00f1os, Ni\u00f1as y Adolescentes, el Instituto Nacional de las Mujeres, la Red C\u00f3mplices por la Igualdad, Once Ni\u00f1as y Ni\u00f1os, Inclusi\u00f3n Ciudadana A.C., Radio Educaci\u00f3n, la Universidad Aut\u00f3noma de Quer\u00e9taro, la Universidad Veracruzana, el Fondo de las Naciones Unidas para la Infancia y la Entidad de las Naciones Unidas para la Igualdad de G\u00e9nero y el Empoderamiento de las Mujeres, ONU Mujeres. <\/p>\n\n\n\n<p class=\"wp-block-paragraph\">La convocatoria tiene tres categor\u00edas: <br>\nDe 3 a 6 a\u00f1os de edad,<br>\nDe 7 a 11 a\u00f1os de edad y<br>\nDe 12 a 17 a\u00f1os de edad.<\/p>\n\n\n\n<p class=\"wp-block-paragraph\">Adem\u00e1s, se dividir\u00e1n en tres modalidades: dibujo, video y audio.<\/p>\n\n\n\n<p class=\"wp-block-paragraph\">Los requisitos para que ni\u00f1os, ni\u00f1as y adolescentes puedan participar son:<\/p>\n\n\n\n<p class=\"wp-block-paragraph\">Responder a ALGUNA de las siguientes preguntas: \u00bfC\u00f3mo te has sentido con tu pap\u00e1 en estos d\u00edas de Sana Distancia?, \u00bfC\u00f3mo ha sido la convivencia con \u00e9l en casa?, \u00bfQu\u00e9 te gusta y no te gusta de \u00e9l?, \u00bfQu\u00e9 significa para ti?, \u00bfQu\u00e9 hace especial tu pap\u00e1 o tutor por ti en estos d\u00edas de contingencia?, \u00bfQu\u00e9 has descubierto de tu pap\u00e1 o cuidador?, \u00bfEn qu\u00e9 te pareces a \u00e9l?, \u00bfQuieres ser como \u00e9l cuando crezcas?, \u00bfQu\u00e9 cambiar\u00edas de \u00e9l?<\/p>\n\n\n\n<p class=\"wp-block-paragraph\">Ser ni\u00f1a, ni\u00f1o o adolescente de entre 3 y 17 a\u00f1os cumplidos.<\/p>\n\n\n\n<p class=\"wp-block-paragraph\">Vivir en la Rep\u00fablica Mexicana.<\/p>\n\n\n\n<p class=\"wp-block-paragraph\">Los trabajos se recibir\u00e1n del martes 16 de junio al martes 14 de julio de 2020, antes de las 11:00 horas.<\/p>\n\n\n\n<p class=\"wp-block-paragraph\">Las participaciones se clasificar\u00e1n de acuerdo con las modalidades (dibujo, audio y video) y categor\u00edas (edades) ya mencionadas y ser\u00e1n difundidas a trav\u00e9s de las p\u00e1ginas web y redes sociales de las instancias convocantes, dando cr\u00e9dito correspondiente a las y los autores.<\/p>\n\n\n\n<p class=\"wp-block-paragraph\">Finalmente, debido a la situaci\u00f3n sanitaria que se vive por el COVID-19 y con el objetivo de cumplir con las medidas de prevenci\u00f3n, se deber\u00e1n mandar los trabajos de manera digital a cualquiera de los siguientes correos electr\u00f3nicos mipapayyo@conapred.org.mx y mipapayyo@inmujeres.gob.mx, indicando como asunto: Mi pap\u00e1 y yo durante la contingencia.<\/p>\n\n\n\n<p class=\"wp-block-paragraph\">Para mayor informaci\u00f3n y conocer a detalle la convocatoria, consulta las p\u00e1ginas web y redes sociales de las instancias convocantes o env\u00eda un correo electr\u00f3nico a mipapayyo@conapred.org.mx o mipapayyo@inmujeres.gob.mx<\/p>\n\n\n\n<p class=\"wp-block-paragraph\">SEM\/sj<\/p>\n","protected":false},"excerpt":{"rendered":"<p>Dibujos, audios o videos sobre sus padres durante la cuarentena<\/p>\n","protected":false},"author":3,"featured_media":22206,"comment_status":"open","ping_status":"open","sticky":false,"template":"","format":"standard","meta":{"_monsterinsights_skip_tracking":false,"footnotes":""},"categories":[691,51],"tags":[],"class_list":["post-22205","post","type-post","status-publish","format-standard","has-post-thumbnail","category-691","category-ejecutivo"],"_links":{"self":[{"href":"https:\/\/redsemlac.com\/semmexico\/wp-json\/wp\/v2\/posts\/22205","targetHints":{"allow":["GET"]}}],"collection":[{"href":"https:\/\/redsemlac.com\/semmexico\/wp-json\/wp\/v2\/posts"}],"about":[{"href":"https:\/\/redsemlac.com\/semmexico\/wp-json\/wp\/v2\/types\/post"}],"author":[{"embeddable":true,"href":"https:\/\/redsemlac.com\/semmexico\/wp-json\/wp\/v2\/users\/3"}],"replies":[{"embeddable":true,"href":"https:\/\/redsemlac.com\/semmexico\/wp-json\/wp\/v2\/comments?post=22205"}],"version-history":[{"count":0,"href":"https:\/\/redsemlac.com\/semmexico\/wp-json\/wp\/v2\/posts\/22205\/revisions"}],"wp:featuredmedia":[{"embeddable":true,"href":"https:\/\/redsemlac.com\/semmexico\/wp-json\/wp\/v2\/media\/22206"}],"wp:attachment":[{"href":"https:\/\/redsemlac.com\/semmexico\/wp-json\/wp\/v2\/media?parent=22205"}],"wp:term":[{"taxonomy":"category","embeddable":true,"href":"https:\/\/redsemlac.com\/semmexico\/wp-json\/wp\/v2\/categories?post=22205"},{"taxonomy":"post_tag","embeddable":true,"href":"https:\/\/redsemlac.com\/semmexico\/wp-json\/wp\/v2\/tags?post=22205"}],"curies":[{"name":"wp","href":"https:\/\/api.w.org\/{rel}","templated":true}]}}