{"id":22198,"date":"2020-06-22T20:37:36","date_gmt":"2020-06-22T20:37:36","guid":{"rendered":"https:\/\/redsemlac.com\/semmexico\/?p=22198"},"modified":"2023-07-21T16:24:51","modified_gmt":"2023-07-21T21:24:51","slug":"cuba-maltratos-y-personas-mayores-aguzar-la-mirada-en-dias-de-pandemia","status":"publish","type":"post","link":"https:\/\/redsemlac.com\/semmexico\/cuba-maltratos-y-personas-mayores-aguzar-la-mirada-en-dias-de-pandemia\/","title":{"rendered":"Cuba: Maltratos y personas mayores, aguzar la mirada en d\u00edas de pandemia"},"content":{"rendered":"\n<ul class=\"wp-block-list\"><li><strong> \u201cSociabilizar a nuestra edad es algo muy importante\u201d<\/strong><\/li><\/ul>\n\n\n\n<ul class=\"wp-block-list\"><li><strong> En la Cuba m\u00e1s del 20,8 % de la poblaci\u00f3n tiene 60 a\u00f1os y m\u00e1s y 15 % de las personas mayores viven solas<\/strong>.<\/li><\/ul>\n\n\n\n<p class=\"wp-block-paragraph\"><strong>Redacci\u00f3n<\/strong><\/p>\n\n\n\n<p class=\"wp-block-paragraph\">SemM\u00e9xico\/SEMlac,\nLa Habana, 22 junio, 2020.- Expertos, foristas e investigadores coincidieron en\nque respetar y fomentar la autonom\u00eda de las y los adultos mayores, y educar a\nlas nuevas generaciones en ese respeto, son claves para evitar las diferentes\nmanifestaciones de violencia hacia este grupo de personas.<\/p>\n\n\n\n<p class=\"wp-block-paragraph\">As\u00ed qued\u00f3\nreflejado en el foro convocado el pasado 15 de junio por la&nbsp;<a href=\"http:\/\/c%EF%BF%BDtedra%20universitaria%20del%20adulto%20mayor%20de%20la%20universidad%20de%20la%20habana\/\" target=\"_blank\" rel=\"noreferrer noopener\"><strong>\u00a1Error! Referencia de hiperv\u00ednculo no\nv\u00e1lida.<\/strong><\/a>, en su perfil de la red social Facebook, en ocasi\u00f3n de\ncelebrarse el D\u00eda Mundial de Toma de Conciencia del Abuso y Maltrato a las\nPersonas Mayores.<\/p>\n\n\n\n<p class=\"wp-block-paragraph\">Distintas\nintervenciones en este espacio de debate apuntaron a las expresiones de\nmaltrato que se observan en la cotidianidad y, en particular, al trato que\nreciben las personas mayores en el contexto de la pandemia de la covid-19.<\/p>\n\n\n\n<p class=\"wp-block-paragraph\">El reto m\u00e1s\ngrande ha sido quedarnos en casa, se\u00f1al\u00f3 Mercy Copa, una de las foristas.\n\u00abFue muy dif\u00edcil tener que delegar en hijos, amigos, familia la\nsatisfacci\u00f3n de sus necesidades personales por cuidarse del coronavirus, cuando\nesas salidas los hacen sentir \u00fatiles e independientes\u00bb, dijo.<\/p>\n\n\n\n<p class=\"wp-block-paragraph\">\u00abSociabilizar\na nuestra edad es algo muy importante y en estos momentos es casi\nimposible\u00bb, a\u00f1adi\u00f3.<\/p>\n\n\n\n<p class=\"wp-block-paragraph\">Uno de los\ndesaf\u00edos identificados por varios foristas para las personas de la tercera\nedad, no solo en Cuba, fue la disyuntiva de cuidar su salud f\u00edsica, aisl\u00e1ndose,\ny al mismo tiempo preservar su bienestar psicol\u00f3gico y hacer frente al miedo\nque genera pertenecer a un grupo de alto riesgo y que mayores complicaciones\npuede presentar ante el contagio.<\/p>\n\n\n\n<p class=\"wp-block-paragraph\">La\necuatoriana Silvia Carpio aludi\u00f3 al abandono que experimentan algunas personas\nancianas, a quienes sus familiares no las protegieron, ya fuera por la falta de\nconciencia del peligro especial que representa para ellas la enfermedad para o\npor mantenerse alejados para cuidar sus propios intereses.<\/p>\n\n\n\n<p class=\"wp-block-paragraph\">En el caso\ncubano, algunos participantes se refirieron a que hubo adultos mayores que se\nexpusieron porque no ten\u00edan nadie cercano que los apoyara en la satisfacci\u00f3n de\nnecesidades b\u00e1sicas, y no en todos los lugares funcionaron los servicios de\nmensajer\u00eda.<\/p>\n\n\n\n<p class=\"wp-block-paragraph\">De acuerdo\ncon datos de la&nbsp;<a href=\"http:\/\/www.onei.gob.cu\/\" target=\"_blank\" rel=\"noreferrer noopener\">Oficina\nNacional de Estad\u00edsticas e Informaci\u00f3n (ONEI)<\/a>, en la\nnaci\u00f3n caribe\u00f1a m\u00e1s del 20,8 por ciento de la poblaci\u00f3n tiene 60 a\u00f1os y m\u00e1s y\n15 por ciento de las personas mayores viven solas.<\/p>\n\n\n\n<p class=\"wp-block-paragraph\">Tal\nescenario demogr\u00e1fico supone para Cuba desaf\u00edos crecientes en el control de la\npandemia provocada por el coronavirus SARS-CoV-2, y la enfermedad que este\ngenera, la covid-19. Pero tambi\u00e9n obliga a&nbsp;<a href=\"http:\/\/www.redsemlac-cuba.net\/salud\/mayores,-m%C3%A1s-vulnerables-ante-la-pandemia.html\" target=\"_blank\" rel=\"noreferrer noopener\">voltear\nla mirada hacia otras realidades de este segmento poblacional en medio de la\ncrisis sanitaria<\/a>&nbsp;generada por el virus.<\/p>\n\n\n\n<p class=\"wp-block-paragraph\"><strong>Expresiones\nsilenciosas del maltrato<\/strong><\/p>\n\n\n\n<p class=\"wp-block-paragraph\"><br>\nEn ese sentido, varias reflexiones del debate se centraron en la necesidad de\nidentificar elementos que impactan en la subjetividad de este grupo etario y\nque tambi\u00e9n pueden desencadenar malos tratos, privar de&nbsp;<a href=\"http:\/\/www.redsemlac-cuba.net\/sociedad-cultura\/abogan-juristas-por-visibilizar-los-derechos-de-las-personas-mayores.html\" target=\"_blank\" rel=\"noreferrer noopener\">autonom\u00eda\ny capacidad de decisi\u00f3n<\/a>.<\/p>\n\n\n\n<p class=\"wp-block-paragraph\">Hay formas\nnaturalizadas de maltrato que no se entienden como tal y que van desde asumir\nla vejez como sin\u00f3nimo de incapacidad, hasta creer que las personas mayores no\ntienen su propio proyecto de vida, consider\u00f3 la periodista Lisandra Fari\u00f1as.<\/p>\n\n\n\n<p class=\"wp-block-paragraph\">La psic\u00f3loga\nLeela Laura S\u00e1nchez agreg\u00f3 que las expresiones \u00absilenciosas\u00bb del\nmaltrato pueden menoscabar la independencia de la persona mayor y reforzar una\nrelaci\u00f3n de dependencia que puede ser condicionante y, a la vez, detonador de\nsituaciones de malos tratos.<\/p>\n\n\n\n<p class=\"wp-block-paragraph\">Varios\nforistas comentaron sobre situaciones cotidianas que se invisibilizan, como\nencargar a los ancianos tareas asociadas al cuidado de menores y la b\u00fasqueda de\nprovisiones, porque otros miembros de la familia est\u00e1n trabajando, al tiempo\nque se ignoran las necesidades de ellos o sus intereses.<\/p>\n\n\n\n<p class=\"wp-block-paragraph\">\u00abEs\nimportant\u00edsimo considerar que, al igual que en todas las etapas de la vida, los\nmayores no somos un grupo homog\u00e9neo\u00bb, advirti\u00f3 Soledad Carvacho.<\/p>\n\n\n\n<p class=\"wp-block-paragraph\">\u00abTenemos\nmiradas diferentes, intereses diferentes. Respetar esas diferencias es vital\npara la felicidad de cada persona\u00bb.<\/p>\n\n\n\n<p class=\"wp-block-paragraph\">Ana Luisa\nHerreros manifest\u00f3 que el maltrato tiene un espectro amplio que va desde la\nagresi\u00f3n f\u00edsica y\/o verbal, que es expl\u00edcita, hasta la sobreprotecci\u00f3n y la\nsobredimensi\u00f3n del cuidado. Estas \u00faltimas, dijo, muchas veces est\u00e1n solapadas\npor las buenas intenciones.<\/p>\n\n\n\n<p class=\"wp-block-paragraph\">De ah\u00ed que\nrespetar y reforzar la autonom\u00eda comienza por escuchar la voz de las personas\nadultas mayores. \u00abCualquier acci\u00f3n pensada para ellas, pero no con ellas,\npuede ser una acci\u00f3n bien intencionada, pero que omite su capacidad de decisi\u00f3n\ny participaci\u00f3n\u00bb, expuso Soledad Carvacho.<\/p>\n\n\n\n<p class=\"wp-block-paragraph\">Al papel de\nlos medios se refiri\u00f3 Teresa Orosa, presidenta de la C\u00e1tedra, quien precis\u00f3 que\nestos son fundamentales, pues pueden reforzar tanto actitudes positivas como\npaternalistas e infantilizadoras.<\/p>\n\n\n\n<p class=\"wp-block-paragraph\">Jorge\nEnrique Torralbas abord\u00f3 la importancia de cuidar a la persona mayor en\naspectos comunes, como el tiempo adecuado en los sem\u00e1foros, la altura de los\n\u00f3mnibus al subir y la estructura de las instituciones, entre otros aspectos.<\/p>\n\n\n\n<p class=\"wp-block-paragraph\">En general,\nse habl\u00f3 de lograr entornos amigables con este grupo poblacional, una\nestrategia que contempla hacer m\u00e1s inclusivos los servicios de todo tipo.<br>\nTratar bien a las personas mayores implica respeto y comunicaci\u00f3n asertiva,\nsostuvo Ana Luisa Herreros, quien tambi\u00e9n enfatiz\u00f3 en reconocer la riqueza de\nsus experiencias y saberes para potenciar una vejez saludable.<\/p>\n\n\n\n<p class=\"wp-block-paragraph\">Para ello,\ncoincidieron varias intervenciones, se requiere educar en el buen trato desde\nlos primeros a\u00f1os de vida, tanto desde la escuela, la familia como la comunidad<\/p>\n\n\n\n<p class=\"wp-block-paragraph\">Del mismo\nmodo que los padres se muestran preocupados por la realizaci\u00f3n de la tarea de\nsus hijos, deber\u00edan preguntarles qu\u00e9 buena acci\u00f3n de solidaridad hicieron en el\nd\u00eda hacia una persona mayor, sugiri\u00f3 la profesora Teresita Mart\u00ednez P\u00e9rez.<\/p>\n\n\n\n<p class=\"wp-block-paragraph\">Nuestras\npeque\u00f1as acciones cotidianas resultan valiosas, acot\u00f3 Ana Luisa Herreros y\nexhort\u00f3 a cuestionarse si hay personas mayores en la comunidad que vivan solas\ny c\u00f3mo podemos ayudarlas. \u00abPuedo hacerles algunas compras, saber c\u00f3mo se\nsienten, regalar un abrazo con la mirada&#8230; Respetando su capacidad de decisi\u00f3n\nse puede acompa\u00f1ar y cuidar\u00bb, enfatiz\u00f3.<\/p>\n\n\n\n<p class=\"wp-block-paragraph\">SEM-SEMlac<\/p>\n","protected":false},"excerpt":{"rendered":"<p> \u201cSociabilizar a nuestra edad es algo muy importante\u201d<\/p>\n","protected":false},"author":3,"featured_media":22199,"comment_status":"open","ping_status":"open","sticky":false,"template":"","format":"standard","meta":{"_monsterinsights_skip_tracking":false,"footnotes":""},"categories":[691,135],"tags":[],"class_list":["post-22198","post","type-post","status-publish","format-standard","has-post-thumbnail","category-691","category-emergencia-sanitaria-covid-19"],"_links":{"self":[{"href":"https:\/\/redsemlac.com\/semmexico\/wp-json\/wp\/v2\/posts\/22198","targetHints":{"allow":["GET"]}}],"collection":[{"href":"https:\/\/redsemlac.com\/semmexico\/wp-json\/wp\/v2\/posts"}],"about":[{"href":"https:\/\/redsemlac.com\/semmexico\/wp-json\/wp\/v2\/types\/post"}],"author":[{"embeddable":true,"href":"https:\/\/redsemlac.com\/semmexico\/wp-json\/wp\/v2\/users\/3"}],"replies":[{"embeddable":true,"href":"https:\/\/redsemlac.com\/semmexico\/wp-json\/wp\/v2\/comments?post=22198"}],"version-history":[{"count":0,"href":"https:\/\/redsemlac.com\/semmexico\/wp-json\/wp\/v2\/posts\/22198\/revisions"}],"wp:featuredmedia":[{"embeddable":true,"href":"https:\/\/redsemlac.com\/semmexico\/wp-json\/wp\/v2\/media\/22199"}],"wp:attachment":[{"href":"https:\/\/redsemlac.com\/semmexico\/wp-json\/wp\/v2\/media?parent=22198"}],"wp:term":[{"taxonomy":"category","embeddable":true,"href":"https:\/\/redsemlac.com\/semmexico\/wp-json\/wp\/v2\/categories?post=22198"},{"taxonomy":"post_tag","embeddable":true,"href":"https:\/\/redsemlac.com\/semmexico\/wp-json\/wp\/v2\/tags?post=22198"}],"curies":[{"name":"wp","href":"https:\/\/api.w.org\/{rel}","templated":true}]}}