{"id":22195,"date":"2020-06-22T20:33:07","date_gmt":"2020-06-22T20:33:07","guid":{"rendered":"https:\/\/redsemlac.com\/semmexico\/?p=22195"},"modified":"2023-07-21T16:24:51","modified_gmt":"2023-07-21T21:24:51","slug":"cuba-activista-acude-al-derecho-en-respuesta-a-discurso-fundamentalista","status":"publish","type":"post","link":"https:\/\/redsemlac.com\/semmexico\/cuba-activista-acude-al-derecho-en-respuesta-a-discurso-fundamentalista\/","title":{"rendered":"Cuba: Activista acude al Derecho en respuesta a discurso fundamentalista"},"content":{"rendered":"\n<ul class=\"wp-block-list\"><li><strong> Denuncian a la cantante Danay Su\u00e1rez, quien equipar\u00f3 la homosexualidad con la pedofilia<\/strong><\/li><\/ul>\n\n\n\n<ul class=\"wp-block-list\"><li><strong> Muchas han sido las\u00a0repercusiones\u00a0en contra y a favor de su postura<\/strong><\/li><\/ul>\n\n\n\n<p class=\"wp-block-paragraph\"><strong>Redacci\u00f3n<\/strong><\/p>\n\n\n\n<p class=\"wp-block-paragraph\">SemM\u00e9xico\/SEMlac,\nLa Habana, 22 de junio, 2020.- El doctor Alberto Roque ha dado un paso in\u00e9dito\nen el activismo a favor de los derechos de las personas LGBTIQ (lesbianas,\ngays, bisexuales, trans, intersexuales y queers) en Cuba, al presentar una\ndemanda penal por injuria.<\/p>\n\n\n\n<p class=\"wp-block-paragraph\">\u00abOjal\u00e1\nno tuviera que escribir esta entrada, pero las personas deben asumir sus\nresponsabilidades jur\u00eddicas cuando lesionan el honor de otras personas. Las\ndisculpas p\u00fablicas no son suficientes, tampoco nuestros lamentos, ya a\u00f1ejos por\nlos siglos y siglos de acoso, persecuci\u00f3n y odio. La reparaci\u00f3n de da\u00f1os es\ntambi\u00e9n parte de las pol\u00edticas equitativas\u00bb, public\u00f3 Roque en el&nbsp;<a href=\"https:\/\/www.facebook.com\/aroqueg69\/\" target=\"_blank\" rel=\"noreferrer noopener\">perfil oficial<\/a>&nbsp;de su\nblog&nbsp;<a href=\"http:\/\/homosapiens\/\" target=\"_blank\" rel=\"noreferrer noopener\">HOMOSapiens<\/a>&nbsp;en\nFacebook.<\/p>\n\n\n\n<p class=\"wp-block-paragraph\">El conocido\nactivista y m\u00e1ster en bio\u00e9tica denunci\u00f3 a la cantante Danay Su\u00e1rez, quien\nreprodujo en su&nbsp;<a href=\"https:\/\/www.facebook.com\/danaysuarezoficial\/\" target=\"_blank\" rel=\"noreferrer noopener\">p\u00e1gina oficial de\nFacebook<\/a>&nbsp;un post que equipara la homosexualidad con la pedofilia.\nEl proceso debe tomar curso en la Sala Primera de lo Penal del Tribunal\nProvincial de La Habana.<\/p>\n\n\n\n<p class=\"wp-block-paragraph\">Roque\ncomparti\u00f3 en la red social im\u00e1genes del contrato oficial con un bufete del\nmunicipio habanero de Santo Su\u00e1rez y los argumentos que expone para la demanda\npenal.<\/p>\n\n\n\n<p class=\"wp-block-paragraph\">Refiri\u00e9ndose\na las consecuencias de la publicaci\u00f3n de la artista cubana, argument\u00f3 que\n\u00abdicho acto irresponsable constituye un delito contra el honor de un\ncolectivo de personas que produce da\u00f1os morales al afectar su reputaci\u00f3n\nsocial, rebajarlo en la opini\u00f3n p\u00fablica o exponerlo a perder la confianza\nrequerida a nivel pol\u00edtico y social\u00bb.<\/p>\n\n\n\n<p class=\"wp-block-paragraph\">Desde que\nDanay Su\u00e1rez compartiera la publicaci\u00f3n el pasado 13 de junio, muchas han sido\nlas&nbsp;<a href=\"http:\/\/www.redsemlac-cuba.net\/sociedad-cultura\/ciberactivismo-responde-a-discurso-fundamentalista.html\" target=\"_blank\" rel=\"noreferrer noopener\">repercusiones<\/a>&nbsp;en\ncontra y a favor de su postura. Tres d\u00edas despu\u00e9s, la cantante public\u00f3 un video\nen el que comienza explicando que el post compartido expone la\n\u00abfalibilidad de las ideolog\u00edas detr\u00e1s de cada condici\u00f3n o estado de una\npersona cuando estas contradicen las ense\u00f1anzas de Dios\u00bb.<\/p>\n\n\n\n<p class=\"wp-block-paragraph\">El texto\noriginal compartido por Su\u00e1rez, y escrito por la usuaria Daysis Arizmendi,\nsentencia que \u00abbajo ninguna circunstancia consideres &#8216;normal&#8217; ni &#8216;bueno&#8217;\naquello que est\u00e1 fuera del perfecto orden establecido por Dios (un hombre y una\nmujer adultos que se unen bajo un pacto de amor y compromiso exclusivo y\npermanente). Todo lo dem\u00e1s, incluyendo, desde luego, la pedofilia, es una\nperversi\u00f3n\u00bb.<\/p>\n\n\n\n<p class=\"wp-block-paragraph\">Antes esas\nafirmaciones, integrantes de la comunidad LGBTIQ en Cuba, junto a personas\nheterosexuales y cisg\u00e9neros aliadas, han remarcado el discurso de odio,\ndiscriminatorio y fundamentalista presente en el texto.<\/p>\n\n\n\n<p class=\"wp-block-paragraph\">\u00abHola,\nyo soy psiquiatra, vivo en Camag\u00fcey, soy homosexual y cristiano no\nfundamentalista. Desde luego que me sumo a la lista de quienes se sintieron\ncontrariados por las infelices aseveraciones de la muy citada publicaci\u00f3n;\npens\u00e9: \u00bfc\u00f3mo es posible que esa mujer irrespetuosa, injusta e ignorante me\nincluya dentro de esa categor\u00eda de enfermo mental a m\u00ed, que incluso hasta\npsiquiatra soy?\u00bb, coment\u00f3 Damir Rivera Ag\u00fcero en el blog&nbsp;<a href=\"https:\/\/entrediversidades.nat.cu\/2020\/06\/activista-lgbtiq-inicia-demanda-contra-danay-suarez\/?fbclid=IwAR1K1IiJUxcIy0DiMJtK2TuwfH0c0WZ7_cJXVEksjyR0o_vQkzAgvZKQi9Y\" target=\"_blank\" rel=\"noreferrer noopener\">EntreDiversidades<\/a>.<\/p>\n\n\n\n<p class=\"wp-block-paragraph\"><strong>Entre\ncreencias y derechos, los marcos que pone la ley<\/strong><\/p>\n\n\n\n<p class=\"wp-block-paragraph\"><br>\nLa vulneraci\u00f3n de los derechos de las personas LGBTIQ en el discurso suscrito\npor Danay Su\u00e1rez ha sido un punto recurrente en los an\u00e1lisis.<\/p>\n\n\n\n<p class=\"wp-block-paragraph\">La abogada\nDeyni Terry Abreu y la psic\u00f3loga Yarlenis Mestre Malfr\u00e1n exponen algunas\nconnotaciones en materia legal del mensaje difundido por la rapera cubana en su\ncomentario&nbsp;<a href=\"https:\/\/negracubanateniaqueser.com\/2020\/06\/18\/reflexiones-a-partir-del-post-de-danay-suarez\/?fbclid=IwAR2GR8UNfCk1Ey-OIM4I9LAwuV8YQqNEWtBV1rn-n0pX7wUUzPnLu0SavNg\" target=\"_blank\" rel=\"noreferrer noopener\">Reflexiones\na partir del post de Danay Su\u00e1rez: Aspectos jur\u00eddicos, religiosidad y homosexualidad<\/a>.<\/p>\n\n\n\n<p class=\"wp-block-paragraph\">\u00abCuando\nla artista replic\u00f3 semejante desprop\u00f3sito, desconoc\u00eda que hay una relaci\u00f3n\n\u00edntima, casi org\u00e1nica e integral de las personas, denominada &#8216;derechos\nsubjetivos privados&#8217;, que se viola ipso facto; derechos vitalicios de cada\nquien. Por ello, la mera manifestaci\u00f3n agrede los derechos humanos\u00bb,\nexplican las especialistas.<\/p>\n\n\n\n<p class=\"wp-block-paragraph\">Y agregan:\n\u00abLa cuesti\u00f3n, en este caso, es que estos derechos a los que nos referimos\nse reconocen desde el momento en que se adquiere la vida, est\u00e1n referidos a la\npropia libertad, al honor y cuestionarlos o ponerlos en tela de juicio ante\nterceros, es ileg\u00edtimo\u00bb.<\/p>\n\n\n\n<p class=\"wp-block-paragraph\">Adem\u00e1s de\nla existencia de mecanismos internacionales que condenan las manifestaciones de\nestigma y discriminaci\u00f3n, la actual Constituci\u00f3n de la Rep\u00fablica de Cuba, aprobada\nen 2019, incluye la orientaci\u00f3n sexual y la identidad de g\u00e9nero en el grupo de\ncondicionantes por las que se proh\u00edbe la discriminaci\u00f3n.<\/p>\n\n\n\n<p class=\"wp-block-paragraph\">\u00abTambi\u00e9n\nse viola el art\u00edculo 45, que se refiere a la limitaci\u00f3n de los derechos (en\neste caso de expresi\u00f3n y credo), al infringir en la violaci\u00f3n de los derechos\nde las personas con orientaci\u00f3n sexual homosexual y bisexual\u00bb, refiere\nAlberto Roque en sus argumentos para la denuncia penal.<\/p>\n\n\n\n<p class=\"wp-block-paragraph\">Roque\ninvoca el art\u00edculo 99 de la Carta Magna, \u00aben la que se establece el derecho\na reclamar ante los tribunales la restituci\u00f3n de los derechos y la consecuente\nreparaci\u00f3n moral\u00bb y a los art\u00edculos del C\u00f3digo Penal que tipifican los\ndelitos contra el honor.<\/p>\n\n\n\n<p class=\"wp-block-paragraph\">Desde una\nperspectiva legal y de derecho, el debate tambi\u00e9n se abre a la necesidad de una\nley que regule las actividades religiosas en el pa\u00eds, donde rige un estado\nlaico y de derecho.<\/p>\n\n\n\n<p class=\"wp-block-paragraph\">Para el\nabogado y profesor universitario&nbsp;<a href=\"http:\/\/www.redsemlac-cuba.net\/diversidad-sexual\/activistas-llaman-a-no-ser-indiferentes-ante-el-fundamentalismo-religioso.html\" target=\"_blank\" rel=\"noreferrer noopener\">Adiel\nGarc\u00eda P\u00e9rez<\/a>, \u00abuna norma jur\u00eddica tendr\u00eda en la sociedad la valiosa\nfunci\u00f3n educativa de promover el respeto hacia las creencias religiosas. Adem\u00e1s\nde limitar tanto las actitudes que puedan afectar el ejercicio de la libertad\nreligiosa, como aquellas que en nombre de esa libertad afectan los derechos e\nintereses leg\u00edtimos de la ciudadan\u00eda, colectivos, comunidades y sociedad en\ngeneral\u00bb.<\/p>\n\n\n\n<p class=\"wp-block-paragraph\">En su\nart\u00edculo&nbsp;<a href=\"https:\/\/medium.com\/q-de-cuir\/derechos-lgbtiq-y-otras-razones-para-una-ley-sobre-actividades-religiosas-en-cuba-q-de-cuir-9ce3a46701e6\" target=\"_blank\" rel=\"noreferrer noopener\">Derechos\nLGBTIQ+ y otras razones para una ley sobre actividades religiosas en Cuba<\/a>, publicado\npor la revista digital Q de Cuir, Garc\u00eda P\u00e9rez expone el tr\u00e1nsito de los\nfundamentalismos religiosos en Cuba hacia el \u00e1mbito pol\u00edtico a partir del\nrefer\u00e9ndum constitucional y la campa\u00f1a que desplegaron un grupo de iglesias\ncubanas contra el matrimonio igualitario bajo el lema: \u00abEstoy a favor del\ndise\u00f1o original\u00bb.<\/p>\n\n\n\n<p class=\"wp-block-paragraph\">\u00abActuar\nconforme a las concepciones \u00e9tico-morales y religiosas que nos inspiran no\npuede significar el menoscabo de los derechos de otras personas. Por ello, el\nmodo en que una persona vive su creencia religiosa no le permite ofender o\ndiscriminar a otra por su identidad de g\u00e9nero u orientaci\u00f3n sexual, ni\nimpedirle que ejerza libremente derechos como el de fundar una familia\u00bb,\nafirma el jurista.<\/p>\n\n\n\n<p class=\"wp-block-paragraph\">SEM-SEMlac<\/p>\n","protected":false},"excerpt":{"rendered":"<p>Muchas han sido las repercusiones en contra y a favor de su postura<\/p>\n","protected":false},"author":3,"featured_media":22196,"comment_status":"open","ping_status":"open","sticky":false,"template":"","format":"standard","meta":{"_monsterinsights_skip_tracking":false,"footnotes":""},"categories":[691,53],"tags":[],"class_list":["post-22195","post","type-post","status-publish","format-standard","has-post-thumbnail","category-691","category-internacional"],"_links":{"self":[{"href":"https:\/\/redsemlac.com\/semmexico\/wp-json\/wp\/v2\/posts\/22195","targetHints":{"allow":["GET"]}}],"collection":[{"href":"https:\/\/redsemlac.com\/semmexico\/wp-json\/wp\/v2\/posts"}],"about":[{"href":"https:\/\/redsemlac.com\/semmexico\/wp-json\/wp\/v2\/types\/post"}],"author":[{"embeddable":true,"href":"https:\/\/redsemlac.com\/semmexico\/wp-json\/wp\/v2\/users\/3"}],"replies":[{"embeddable":true,"href":"https:\/\/redsemlac.com\/semmexico\/wp-json\/wp\/v2\/comments?post=22195"}],"version-history":[{"count":0,"href":"https:\/\/redsemlac.com\/semmexico\/wp-json\/wp\/v2\/posts\/22195\/revisions"}],"wp:featuredmedia":[{"embeddable":true,"href":"https:\/\/redsemlac.com\/semmexico\/wp-json\/wp\/v2\/media\/22196"}],"wp:attachment":[{"href":"https:\/\/redsemlac.com\/semmexico\/wp-json\/wp\/v2\/media?parent=22195"}],"wp:term":[{"taxonomy":"category","embeddable":true,"href":"https:\/\/redsemlac.com\/semmexico\/wp-json\/wp\/v2\/categories?post=22195"},{"taxonomy":"post_tag","embeddable":true,"href":"https:\/\/redsemlac.com\/semmexico\/wp-json\/wp\/v2\/tags?post=22195"}],"curies":[{"name":"wp","href":"https:\/\/api.w.org\/{rel}","templated":true}]}}