{"id":22189,"date":"2020-06-22T19:41:00","date_gmt":"2020-06-22T19:41:00","guid":{"rendered":"https:\/\/redsemlac.com\/semmexico\/?p=22189"},"modified":"2023-07-21T16:24:52","modified_gmt":"2023-07-21T21:24:52","slug":"demanda-frente-plural-voz-y-voto-en-designacion-de-titular-de-conapred","status":"publish","type":"post","link":"https:\/\/redsemlac.com\/semmexico\/demanda-frente-plural-voz-y-voto-en-designacion-de-titular-de-conapred\/","title":{"rendered":"Demanda Frente Plural \u201cvoz y voto\u201d en designaci\u00f3n de titular de CONAPRED"},"content":{"rendered":"\n<ul class=\"wp-block-list\"><li><strong> Proponen a ocho posibles aspirantes<\/strong><\/li><\/ul>\n\n\n\n<ul class=\"wp-block-list\"><li><strong> Reconocen la labor de la instituci\u00f3n contra la discriminaci\u00f3n real y clasista <\/strong><\/li><\/ul>\n\n\n\n<p class=\"wp-block-paragraph\"><strong>Elda Montiel<\/strong><\/p>\n\n\n\n<p class=\"wp-block-paragraph\">SemM\u00e9xico, Cd. de M\u00e9xico, 22 de junio, 2020.- El \u201cFrente\nPlural de Mujeres Ind\u00edgenas\u201d demanda participar con voz y voto en la\ndesignaci\u00f3n de quien estar\u00e1 al frente del Consejo Nacional para Prevenir la\nDiscriminaci\u00f3n (CONAPRED) y llaman a no aceptar designaciones verticales y\nautoritarias.<\/p>\n\n\n\n<p class=\"wp-block-paragraph\">Bajo el t\u00edtulo Nada sobre nosotras sin nosotras, las\nmujeres organizadas respondieron en un comunicado a lo expresado por el\nPresidente Andr\u00e9s Manuel L\u00f3pez Obrador y propusieron a ocho mujeres que han\ntrabajado en la defensa de las mujeres en distintas organizaciones.<\/p>\n\n\n\n<p class=\"wp-block-paragraph\">Proponen a Martha S\u00e1nchez N\u00e9stor de la Coordinadora\nNacional de Mujeres Ind\u00edgenas (CONAMI), a Zenaida P\u00e9rez Guti\u00e9rrez de la\nAsamblea Nacional Pol\u00edtica de Mujeres Ind\u00edgenas (ANPMI) y Colectiva de Mujeres\nInd\u00edgenas en Movimiento (MUAFRO), y a F\u00e1tima Leonor Gamboa Estrella de la Red\nNacional de Abogadas Ind\u00edgenas (RAI) y Mujeres Colbr\u00ed Colectiva LesBica\nInd\u00edgena.<\/p>\n\n\n\n<p class=\"wp-block-paragraph\">As\u00ed como a Amaranta G\u00f3mez Regalado de la Coalici\u00f3n\nMexicana LGBTTI y Grupo de Mujeres Ind\u00edgenas de la CDMX, a Nelly Antonia Ju\u00e1rez\nAudelo de Alianza por la Reconstrucci\u00f3n de los Pueblos y Barrios originarios de\nla Ciudad de M\u00e9xico, a Rub\u00ed Celia Huerta Norberto, de Acad\u00e9micas, acad\u00e9micos,\ngestores culturales y personas originarios de las 4 regiones pur\u00e9pecha de Michoac\u00e1n,\ny a Marcelina Bautista de Trabajadoras del Hogar (CACEH), e Ismerai Betanzos\nOrdaz, independiente.&nbsp; <\/p>\n\n\n\n<p class=\"wp-block-paragraph\">El comunicado va dirigido al Jefe del Ejecutivo, a\nla Secretar\u00eda de Gobernaci\u00f3n, al Instituto Nacional de las Mujeres, al\nInstituto Nacional de los Pueblos Ind\u00edgenas, a quienes integrantes del CONAPRED\ny a la opini\u00f3n p\u00fablica. <\/p>\n\n\n\n<p class=\"wp-block-paragraph\">Detallan que el Frente est\u00e1 integrado por la Red\nNacional de Abogadas Ind\u00edgenas, la Asamblea Nacional Pol\u00edtica de Mujeres\nInd\u00edgenas, la Coordinadora Nacional de Mujeres Ind\u00edgenas, la Red Nacional de\nCasas de las Mujeres Ind\u00edgenas y Mujeres Colibr\u00ed Colectiva LesBica Ind\u00edgena.<\/p>\n\n\n\n<p class=\"wp-block-paragraph\">Dan a conocer que las mujeres ind\u00edgenas organizadas\ntomaron la decisi\u00f3n de formar una alianza para legitimar sus derechos como\npueblos y mujeres ind\u00edgenas.<\/p>\n\n\n\n<p class=\"wp-block-paragraph\">Reconocen la labor de la Conapred en la lucha contra\nla discriminaci\u00f3n real y clasista contra pueblos, comunidades, mujeres\nind\u00edgenas y afrodescendientes en el pa\u00eds, y otros colectivos como poblaciones\ncon discapacidad, identidad de g\u00e9nero, preferencia sexual o situaci\u00f3n econ\u00f3mica\nque hist\u00f3ricamente han vivido exclusi\u00f3n y negaci\u00f3n de derechos.&nbsp; <\/p>\n\n\n\n<p class=\"wp-block-paragraph\">Apoyan la recomendaci\u00f3n del Comit\u00e9 de las Naciones\nUnidas para la Eliminaci\u00f3n de la Discriminaci\u00f3n Racial (CERD) sobre la\nimportancia de dotar de recursos humanos, financieros y t\u00e9cnicos adecuados al CONAPRED\npara que cumpla su mandato de manera efectiva y se tomen las medidas para que\ncada entidad federativa cuente con una delegaci\u00f3n encargada de recibir quejas y\npromover pol\u00edticas p\u00fablicas. <\/p>\n\n\n\n<p class=\"wp-block-paragraph\">Llaman a sumarse a esta petici\u00f3n a los pueblos y\ncomunidades ind\u00edgenas, a las organizaciones de la sociedad civil, colectivas y\nredes de mujeres que luchan, feministas, acad\u00e9micas, movimiento LGBT,\njuventudes, migrantes, agrupaciones por los derechos de las personas con\ndiscapacidad y la defensa de los derechos humanos vigilar que los procesos de\ndesignaci\u00f3n sean abiertos, transparentes, aut\u00f3nomos y partidarios. <\/p>\n\n\n\n<p class=\"wp-block-paragraph\">SEM\/em\/sj<\/p>\n","protected":false},"excerpt":{"rendered":"<p> Reconocen la labor de la instituci\u00f3n contra la discriminaci\u00f3n real y clasista <\/p>\n","protected":false},"author":3,"featured_media":22190,"comment_status":"open","ping_status":"open","sticky":false,"template":"","format":"standard","meta":{"_monsterinsights_skip_tracking":false,"footnotes":""},"categories":[691,54],"tags":[],"class_list":["post-22189","post","type-post","status-publish","format-standard","has-post-thumbnail","category-691","category-mujeres"],"_links":{"self":[{"href":"https:\/\/redsemlac.com\/semmexico\/wp-json\/wp\/v2\/posts\/22189","targetHints":{"allow":["GET"]}}],"collection":[{"href":"https:\/\/redsemlac.com\/semmexico\/wp-json\/wp\/v2\/posts"}],"about":[{"href":"https:\/\/redsemlac.com\/semmexico\/wp-json\/wp\/v2\/types\/post"}],"author":[{"embeddable":true,"href":"https:\/\/redsemlac.com\/semmexico\/wp-json\/wp\/v2\/users\/3"}],"replies":[{"embeddable":true,"href":"https:\/\/redsemlac.com\/semmexico\/wp-json\/wp\/v2\/comments?post=22189"}],"version-history":[{"count":0,"href":"https:\/\/redsemlac.com\/semmexico\/wp-json\/wp\/v2\/posts\/22189\/revisions"}],"wp:featuredmedia":[{"embeddable":true,"href":"https:\/\/redsemlac.com\/semmexico\/wp-json\/wp\/v2\/media\/22190"}],"wp:attachment":[{"href":"https:\/\/redsemlac.com\/semmexico\/wp-json\/wp\/v2\/media?parent=22189"}],"wp:term":[{"taxonomy":"category","embeddable":true,"href":"https:\/\/redsemlac.com\/semmexico\/wp-json\/wp\/v2\/categories?post=22189"},{"taxonomy":"post_tag","embeddable":true,"href":"https:\/\/redsemlac.com\/semmexico\/wp-json\/wp\/v2\/tags?post=22189"}],"curies":[{"name":"wp","href":"https:\/\/api.w.org\/{rel}","templated":true}]}}