{"id":2218,"date":"2017-01-19T18:41:32","date_gmt":"2017-01-19T18:41:32","guid":{"rendered":"https:\/\/redsemlac.com\/semmexico\/?p=2218"},"modified":"2023-07-21T14:21:31","modified_gmt":"2023-07-21T19:21:31","slug":"delfina-gomez-alvarez-se-registro-y-quiere-abanderar-a-su-partido","status":"publish","type":"post","link":"https:\/\/redsemlac.com\/semmexico\/delfina-gomez-alvarez-se-registro-y-quiere-abanderar-a-su-partido\/","title":{"rendered":"Delfina G\u00f3mez \u00c1lvarez se registr\u00f3 y quiere abanderar a su partido"},"content":{"rendered":"\n<p class=\"wp-block-paragraph\"><a href=\"https:\/\/www.semmexico.com\/gallery-post.php?id=536#\">Redacci\u00f3n<\/a><\/p>\n\n\n\n<p class=\"wp-block-paragraph\"><br>SemM\u00e9xico, Cd. de M\u00e9xico, 19 enero 2017.- La diputada federal con licencia por el partido Morena, Delfina G\u00f3mez \u00c1lvarez, se registr\u00f3 en la oficinas de su partido en la Ciudad de Toluca para participar en el proceso interno de selecci\u00f3n por la candidatura a la Gubernatura del Estado de M\u00e9xico.<br>Cerca de las 11 de la ma\u00f1ana de este mi\u00e9rcoles, G\u00f3mez \u00c1lvarez acudi\u00f3 al Comit\u00e9 Ejecutivo Nacional de Morena, donde anunci\u00f3 que la precampa\u00f1a arranca el d\u00eda 23 de enero a las 11 horas en la Ciudad de Toluca y va a concluir el d\u00eda 3 de marzo.<br>Delfina G\u00f3mez labor\u00f3 cerca de 30 a\u00f1os como profesora de primaria y fue la primera alcaldesa del municipio de Texcoco por la coalici\u00f3n Movimiento Ciudadano-Partido del Trabajo.&nbsp;<br>Tiene Licenciatura en Educaci\u00f3n B\u00e1sica por la Universidad Pedag\u00f3gica Nacional (UPN), Maestr\u00eda en Pedagog\u00eda y Maestr\u00eda en Educaci\u00f3n, con especialidad en Administraci\u00f3n de Instituciones Educativas por el Instituto Tecnol\u00f3gico y de Estudios Superiores de Monterrey (ITESM).<br>Se ha desempe\u00f1ado como Secretaria de Relaciones en la delegaci\u00f3n 34 del Sindicato de Maestros al Servicio del Estado de M\u00e9xico (SMSEM) y como Secretaria general en la delegaci\u00f3n 04 del SMSEM.<br>En d\u00edas pasados le fue concedida una licencia indefinida en su cargo como diputada federal en la LXIII Legislatura por el Distrito: 38 (Texcoco de Mora).&nbsp;<br><br><\/p>\n","protected":false},"excerpt":{"rendered":"<p>Redacci\u00f3n SemM\u00e9xico, Cd. de M\u00e9xico, 19 enero 2017.- La diputada federal con licencia por el partido Morena, Delfina G\u00f3mez \u00c1lvarez, se registr\u00f3 en la oficinas de su partido en la Ciudad de Toluca para participar en el proceso interno de selecci\u00f3n por la candidatura a la Gubernatura del Estado de M\u00e9xico.Cerca de las 11 de [&hellip;]<\/p>\n","protected":false},"author":3,"featured_media":2219,"comment_status":"open","ping_status":"open","sticky":false,"template":"","format":"standard","meta":{"_monsterinsights_skip_tracking":false,"footnotes":""},"categories":[687,32],"tags":[],"class_list":["post-2218","post","type-post","status-publish","format-standard","has-post-thumbnail","category-687","category-elecciones-2017"],"_links":{"self":[{"href":"https:\/\/redsemlac.com\/semmexico\/wp-json\/wp\/v2\/posts\/2218","targetHints":{"allow":["GET"]}}],"collection":[{"href":"https:\/\/redsemlac.com\/semmexico\/wp-json\/wp\/v2\/posts"}],"about":[{"href":"https:\/\/redsemlac.com\/semmexico\/wp-json\/wp\/v2\/types\/post"}],"author":[{"embeddable":true,"href":"https:\/\/redsemlac.com\/semmexico\/wp-json\/wp\/v2\/users\/3"}],"replies":[{"embeddable":true,"href":"https:\/\/redsemlac.com\/semmexico\/wp-json\/wp\/v2\/comments?post=2218"}],"version-history":[{"count":0,"href":"https:\/\/redsemlac.com\/semmexico\/wp-json\/wp\/v2\/posts\/2218\/revisions"}],"wp:featuredmedia":[{"embeddable":true,"href":"https:\/\/redsemlac.com\/semmexico\/wp-json\/wp\/v2\/media\/2219"}],"wp:attachment":[{"href":"https:\/\/redsemlac.com\/semmexico\/wp-json\/wp\/v2\/media?parent=2218"}],"wp:term":[{"taxonomy":"category","embeddable":true,"href":"https:\/\/redsemlac.com\/semmexico\/wp-json\/wp\/v2\/categories?post=2218"},{"taxonomy":"post_tag","embeddable":true,"href":"https:\/\/redsemlac.com\/semmexico\/wp-json\/wp\/v2\/tags?post=2218"}],"curies":[{"name":"wp","href":"https:\/\/api.w.org\/{rel}","templated":true}]}}