{"id":22177,"date":"2020-06-22T16:40:52","date_gmt":"2020-06-22T16:40:52","guid":{"rendered":"https:\/\/redsemlac.com\/semmexico\/?p=22177"},"modified":"2023-07-21T16:24:52","modified_gmt":"2023-07-21T21:24:52","slug":"miradas-de-reportero-39","status":"publish","type":"post","link":"https:\/\/redsemlac.com\/semmexico\/miradas-de-reportero-39\/","title":{"rendered":"Miradas de reportero"},"content":{"rendered":"\n<h2 class=\"wp-block-heading\"> El (presunto) BOA mostr\u00f3 que el periodismo pol\u00edtico necesita actualizarse <\/h2>\n\n\n\n<p class=\"wp-block-paragraph\"><strong>Rogelio Hern\u00e1ndez L\u00f3pez<\/strong><\/p>\n\n\n\n<p class=\"wp-block-paragraph\">SemM\u00e9xico, 22 de\njunio, 2020.- &#8212; \u00bfY existe o no el BOA? \u2013 pregunt\u00f3 un joven atento a las\nnoticias de la pol\u00edtica \u2013S\u00f3lo he visto que acusan que el Presidente lo lanz\u00f3\ncomo <em>fake news<\/em> y muchos aludidos\nnegaron que lo hubiera. \u00bfExiste o no, o qu\u00e9 pasa? &#8212;<\/p>\n\n\n\n<p class=\"wp-block-paragraph\">&#8212; La neta \u2013 trat\u00e9\nde responderle&#8211; quienes reporteamos la pol\u00edtica no estamos explicando lo nuevo\ncon suficiencia. Estamos usando m\u00e9todos y formas por costumbre que poco ayudan a\nubicar situaciones ins\u00f3litas e in\u00e9ditas que ocurren en M\u00e9xico. Ese tema, del\npresunto Bloque Amplio Opositor (BOA) es un ejemplo. <\/p>\n\n\n\n<p class=\"wp-block-paragraph\">El tema del BOA\ndurante tres d\u00edas, desde el 9 de junio, alcanz\u00f3 la m\u00e1s alta tendencia en\nTwitter (trending topic) y lo siguieron la mayor\u00eda de columnistas,\narticulistas, analistas. Pero s\u00f3lo fue una polvareda m\u00e1s de las que hemos\ntestificado en los meses recientes, porque en casi todos los \u00e1ngulos lo dramatizaron\nen los dimes y diretes, lo insertaron en el infort\u00e1culo. Fueron muy pocas las\nexplicaciones de contexto y fondo.<\/p>\n\n\n\n<p class=\"wp-block-paragraph\"><strong>La sonrisa de\nAMLO<\/strong><\/p>\n\n\n\n<p class=\"wp-block-paragraph\">Quien personifica\nlas circunstancias nuevas en M\u00e9xico es, por supuesto, Andr\u00e9s Manuel L\u00f3pez Obrador,\npero adem\u00e1s parece ser de los pocos pol\u00edticos que entiende las contradicciones\nde la prensa para usarlas a su favor, por ejemplo, el infort\u00e1culo. <\/p>\n\n\n\n<p class=\"wp-block-paragraph\">El periodista\nespa\u00f1ol Juan Luis Cebri\u00e1n asegura que el infort\u00e1culo es una tara del\nperiodismo, porque deriva de las necesidades del mercado de la informaci\u00f3n\n-parafraseo al experto hispano-. Las noticias se dramatizan para convertirlas\nen mercanc\u00edas vendibles y entonces la informaci\u00f3n brinca la barrera del\nservicio social y se adentra en el espect\u00e1culo, en el show. As\u00ed se supone\ninteresar m\u00e1s a los p\u00fablicos, alterando sus sensaciones, pero en realidad se\ncrea est\u00e1tica, confusi\u00f3n, hartazgo y no se asientan las explicaciones de fondo.<\/p>\n\n\n\n<p class=\"wp-block-paragraph\">La mayor\u00eda de los\nperiodistas veteranos de la pol\u00edtica en M\u00e9xico ya constatamos que L\u00f3pez Obrador\npudo llegar a la Presidencia de la Rep\u00fablica porque es un pol\u00edtico muy distinto\na los que conoc\u00edamos porque, entre otras cosas, ha mostrado genialidad\nindividual para sembrar mensajes, imponer agendas tanto en las plazas p\u00fablicas\ncomo en los medios de comunicaci\u00f3n; que extrema las comparaciones, formula\ndicotom\u00edas entre buenos o malos, dramatiza pues y \u00e9l queda con mayor presencia\nmedi\u00e1tica.<\/p>\n\n\n\n<p class=\"wp-block-paragraph\">&nbsp;As\u00ed, ese 9 de junio \u00e9l decidi\u00f3 lanzarnos un\nse\u00f1uelo y la mayor\u00eda seguimos su carnada. D\u00edas despu\u00e9s sonriente confes\u00f3 que se\ndivirti\u00f3 con el tema.<\/p>\n\n\n\n<p class=\"wp-block-paragraph\"><strong>No hay BOA\n(todav\u00eda)<\/strong><\/p>\n\n\n\n<p class=\"wp-block-paragraph\">El documento que\nley\u00f3 el coordinador de Comunicaci\u00f3n Social de la presidencia, Jes\u00fas Ram\u00edrez\nCuevas no identifica autor\u00eda y tiene como aderezos principales dos invenciones:\nel t\u00edtulo del texto \u201cRescatemos M\u00e9xico\u201d y el dato de que ya se formaliz\u00f3 un nuevo\nfrente pol\u00edtico y hasta le pusieron el nombre de BOA. Pero quien lo redact\u00f3 lo\nhizo veros\u00edmil porque insert\u00f3 informaci\u00f3n real que, aunque fragmentada, circula\ndesde meses atr\u00e1s en casi todos los medios convencionales. Los opositores y\ncr\u00edticos s\u00ed son de a de veras peor a\u00fan no se conjuntan todos. <\/p>\n\n\n\n<p class=\"wp-block-paragraph\"><strong>Dos\ncolumnistas s\u00ed entendieron<\/strong><\/p>\n\n\n\n<p class=\"wp-block-paragraph\">\u2013La informaci\u00f3n\npol\u00edtica en general ya est\u00e1 en los medios, s\u00f3lo hay que buscarla, confirmarla y\ncomplementarla para darle sentido\u2014me coment\u00f3 varias veces Raymundo Riva Palacio.\nEso hicieron el o los documentalistas del bulo del presunto BOA. Solo tuvieron\nque <em>googlear<\/em> e inventar un nombre que\nconjuntara virtualmente a los opositores.<\/p>\n\n\n\n<p class=\"wp-block-paragraph\"><em>\u201cEl documento\nde marras <\/em>(anot\u00f3 Raymundo\nen una columna)<em> es un bomb\u00f3n para la opini\u00f3n pol\u00edtica que, cuidado, es\ndistinta a la opini\u00f3n p\u00fablica. Es decir, est\u00e1 pensado en las \u00e9lites para que\nsigan discutiendo entre s\u00ed\u2026 y tambi\u00e9n para facilitar los linchamientos a\nquienes critican o se oponen\u201d.<\/em><\/p>\n\n\n\n<p class=\"wp-block-paragraph\">Julio Hern\u00e1ndez\nL\u00f3pez, Astillero, en su estilo sard\u00f3nico explic\u00f3 el 11 de junio:<\/p>\n\n\n\n<p class=\"wp-block-paragraph\"><em>\u201cDel virtual\ndecreto presidencial de una dicotom\u00eda forzosa (no hay para d\u00f3nde hacerse) se\npas\u00f3 a la elecci\u00f3n de la forma y el contenido de un bloque opositor no\nnecesariamente precisado (aun y en esos t\u00e9rminos) por sus presuntos part\u00edcipes.\nEl conjunto de expresiones y propuestas operativas que han hecho los m\u00e1s\nrelevantes antiobradoristas fue presentado en forma de un proyecto cuasi\nconspiratorio, caricaturalmente denominado BOA (Bloque Amplio Opositor), con lo\ncual ese polo conservador fue arrojado al infierno de los ofidios\u201d.<\/em><\/p>\n\n\n\n<p class=\"wp-block-paragraph\">Una parte de esa\nexplicaci\u00f3n del fondo es que en el c\u00edrculo presidencial entienden que los adversarios\npol\u00edticos de AMLO (en partidos, empresas o grupos sociales) no encuentran formas\nnuevas para contrarrestarlo, dentro de la legalidad, que no sean la\nexageraci\u00f3n, denostaciones o mentiras. Lo mismo aplican para el periodismo\npol\u00edtico. Y el presidente sonr\u00ede.<\/p>\n\n\n\n<p class=\"wp-block-paragraph\">La mayor\u00eda de las y\nlos periodistas pol\u00edticos de todos los g\u00e9neros tampoco estamos renovando\nnuestros m\u00e9todos de an\u00e1lisis y otras formas profesionales para recuperar la\npresencia y credibilidad disminuidas. Un axioma que defendemos en el periodismo\nprofesional es que debemos actualizarnos continuamente.<\/p>\n\n\n\n<p class=\"wp-block-paragraph\"><strong>Para nuestra\nactualizaci\u00f3n<\/strong><\/p>\n\n\n\n<p class=\"wp-block-paragraph\">En los a\u00f1os\nrecientes han crecido las posibilidades de actualizarnos permanentemente en algunas\nuniversidades privadas como la Iberoamericana, en p\u00fablicas como la UNAM y la Universidad\nde Guadalajara que ofrecen sistem\u00e1ticamente cursos, talleres, diplomados,\nconferencias. Tambi\u00e9n han crecido las ofertas por iniciativa de organizaciones\nrefrescantes, como la Red de Periodistas de a Pie. En las nuevas circunstancias\nde M\u00e9xico deber\u00eda haber m\u00e1s oportunidades.<\/p>\n\n\n\n<p class=\"wp-block-paragraph\">En ese contexto\nresultar\u00e1 plausible saber que la Facultad de Ciencias de la Comunicaci\u00f3n de la Universidad\nAut\u00f3noma de Coahuila (UAdC) &#8211;que no tiene la carrera de periodista&#8211; haya\ndecidido abrir la Especialidad en Periodismo para que se actualicen colegas en\nactivo sean o no emp\u00edricos.<\/p>\n\n\n\n<p class=\"wp-block-paragraph\">La UAdC decidi\u00f3\neste a\u00f1os ahorrar en otros gastos y poder ofrecer becas institucionales para\nque al menos diez colegas tomen los cursos de la especialidad que impartir\u00e1n periodistas\ny maestros expertos: Gerardo Albarr\u00e1n, Periodismo con \u00e9tica; Jacobo Garc\u00eda, Fotoperiodismo;\nRoberto Pi\u00f1\u00f3n, Protocolos de seguridad para el periodista; Mar\u00eda Eugenia\nArriaga, Periodismo desde los derechos humanos; Eddie Mac\u00edas, Informaci\u00f3n\ngr\u00e1fica; Miguel S\u00e1nchez, Aplicaciones digitales para el periodista, Alberto\nEscorcia, Periodismo 3.0 y Rogelio Hern\u00e1ndez L\u00f3pez, Periodismo Pol\u00edtico.<\/p>\n\n\n\n<p class=\"wp-block-paragraph\">Para Periodismo\nPol\u00edtico se propuso un programa que podr\u00eda servir de gu\u00eda a otros colegas que\nno puedan participar en ese curso y les interese tomarlo con disciplina autodidacta.<\/p>\n\n\n\n<p class=\"wp-block-paragraph\">El hilo conductor\nser\u00e1 que ante los cambios pol\u00edticos acelerados en M\u00e9xico el mayor el reto para\nlas y los periodistas es conocer y\/o actualizarse en los m\u00e9todos para entender y\nexplicar el nuevo r\u00e9gimen que se abre paso y las resistencias que enfrenta. Las\netapas del curso de cinco semanas ser\u00e1n tres:<\/p>\n\n\n\n<p class=\"wp-block-paragraph\">&nbsp;Primero reactivos &#8211;para responder\nsinceramente\u2014de autoevaluaci\u00f3n de conocimiento y pr\u00e1ctica en torno al periodismo\npol\u00edtico; el reporterismo como la actividad esencial del periodismo; y el\nc\u00f3digo \u00e9tico personal al hacer periodismo. La lectura central obligatoria ser\u00e1\nel <em>Manual para un nuevo periodismo<\/em> de Raymundo Riva Palacio <\/p>\n\n\n\n<p class=\"wp-block-paragraph\">En la segunda etapa,\nel tema eje es el m\u00e9todo: El m\u00e9todo cient\u00edfico de conocimiento; los m\u00e9todos de\nlas ciencias sociales y para la pol\u00edtica; el m\u00e9todo de la f\u00edsica de las\nsociedades. Las lecturas obligatorias ser\u00e1n: <em>En defensa de la Pol\u00edtica<\/em>\nde Bernard Crick con Pr\u00f3logo de Jos\u00e9 Woldenberg y <em>Masa cr\u00edtica, cambio, caos\ny complejidad<\/em> de Philip Ball.<\/p>\n\n\n\n<p class=\"wp-block-paragraph\">En tercer t\u00e9rmino,\nel tema eje ser\u00e1 el Cambio y resistencia en la actualidad mexicana. Los\nsubtemas para discutir partir\u00e1n de los ensayos del periodista profesor: <em>Para\nentender a Andr\u00e9s Manuel L\u00f3pez Obrador propongo la cartilla \u00e9tica de Dussel;\nTres presiones causan los arranques del presidente<\/em>. El libro base ser\u00e1 <em>Encabronados<\/em>\nde Julio Hern\u00e1ndez L\u00f3pez y como lecturas obligatorias dos diarios de\ninformaci\u00f3n general de Coahuila.<\/p>\n\n\n\n<p class=\"wp-block-paragraph\">La evaluaci\u00f3n final\npara cada periodista alumno tendr\u00e1 como factor central un reportaje cronicado con\nel hilo conductor de: <em>Tres a\u00f1os de gobierno Coahuila, &nbsp;sus actores y urgencias.<\/em> Todos tendr\u00e1n que\nasignarse un subtema entre los siguientes: \u00c9tica y el plan de gobierno; Relaciones\ncon el gobierno federal; La econom\u00eda y los programas sociales; Seguridad\np\u00fablica; Comunicaci\u00f3n, prensa y gobierno; Gobierno y cultura. <\/p>\n\n\n\n<p class=\"wp-block-paragraph\">En la UadC se\nconsolida otra opci\u00f3n para la actualizaci\u00f3n continua. Si este ejemplo se\nextendiera es mucho m\u00e1s probable que de las y los periodistas estar\u00edamos mejor preparados\npara entender mejor las intenciones de filtraciones, los se\u00f1uelos de las y los\npol\u00edticos, sean del partido que sean y por supuesto para informar de ellos con\nclaridad, con precisi\u00f3n, con los antecedentes y contextos suficientes. <\/p>\n","protected":false},"excerpt":{"rendered":"<p>El (presunto) BOA mostr\u00f3 que el periodismo pol\u00edtico necesita actualizarse<\/p>\n","protected":false},"author":3,"featured_media":8473,"comment_status":"open","ping_status":"open","sticky":false,"template":"","format":"standard","meta":{"_monsterinsights_skip_tracking":false,"footnotes":""},"categories":[691,106,85],"tags":[],"class_list":["post-22177","post","type-post","status-publish","format-standard","has-post-thumbnail","category-691","category-mirada-de-reportero","category-rogelio-hernandez-lopez"],"_links":{"self":[{"href":"https:\/\/redsemlac.com\/semmexico\/wp-json\/wp\/v2\/posts\/22177","targetHints":{"allow":["GET"]}}],"collection":[{"href":"https:\/\/redsemlac.com\/semmexico\/wp-json\/wp\/v2\/posts"}],"about":[{"href":"https:\/\/redsemlac.com\/semmexico\/wp-json\/wp\/v2\/types\/post"}],"author":[{"embeddable":true,"href":"https:\/\/redsemlac.com\/semmexico\/wp-json\/wp\/v2\/users\/3"}],"replies":[{"embeddable":true,"href":"https:\/\/redsemlac.com\/semmexico\/wp-json\/wp\/v2\/comments?post=22177"}],"version-history":[{"count":0,"href":"https:\/\/redsemlac.com\/semmexico\/wp-json\/wp\/v2\/posts\/22177\/revisions"}],"wp:featuredmedia":[{"embeddable":true,"href":"https:\/\/redsemlac.com\/semmexico\/wp-json\/wp\/v2\/media\/8473"}],"wp:attachment":[{"href":"https:\/\/redsemlac.com\/semmexico\/wp-json\/wp\/v2\/media?parent=22177"}],"wp:term":[{"taxonomy":"category","embeddable":true,"href":"https:\/\/redsemlac.com\/semmexico\/wp-json\/wp\/v2\/categories?post=22177"},{"taxonomy":"post_tag","embeddable":true,"href":"https:\/\/redsemlac.com\/semmexico\/wp-json\/wp\/v2\/tags?post=22177"}],"curies":[{"name":"wp","href":"https:\/\/api.w.org\/{rel}","templated":true}]}}