{"id":22175,"date":"2020-06-22T16:39:17","date_gmt":"2020-06-22T16:39:17","guid":{"rendered":"https:\/\/redsemlac.com\/semmexico\/?p=22175"},"modified":"2023-07-21T16:24:52","modified_gmt":"2023-07-21T21:24:52","slug":"botella-al-mar-34","status":"publish","type":"post","link":"https:\/\/redsemlac.com\/semmexico\/botella-al-mar-34\/","title":{"rendered":"Botella al Mar"},"content":{"rendered":"\n<h2 class=\"wp-block-heading\">La mujer es la negra del mundo<\/h2>\n\n\n\n<p class=\"wp-block-paragraph\"><strong>Martha\nCanseco Gonz\u00e1lez<\/strong><\/p>\n\n\n\n<p class=\"wp-block-paragraph\">SemM\u00e9xico, 22 de junio, 2020.- El pasado 14 de\njunio, a trav\u00e9s de la cadena Discovery, la periodista norteamericana Oprah\nWinfrey present\u00f3 un programa especial donde platic\u00f3 con diferentes\nintelectuales afroamericanos, hombres y mujeres, acerca de la situaci\u00f3n actual\nde esa minor\u00eda en el vecino pa\u00eds del norte.<\/p>\n\n\n\n<p class=\"wp-block-paragraph\">Claro todo en el marco del asesinato de George Floyd\nen Minnesota a manos de tres polic\u00edas blancos, que le oprimieron el cuello y\notras partes del cuerpo hasta asfixiarlo y las manifestaciones de repudio, no\nsolo en Estados Unidos sino tambi\u00e9n en el resto del mundo.<\/p>\n\n\n\n<p class=\"wp-block-paragraph\">El programa se llam\u00f3 \u00bfY ahora hacia d\u00f3nde vamos? que\nes una pregunta pertinente que se est\u00e1 haciendo la comunidad negra en el vecino\ndel norte. Durante dos horas hablaron sobre la situaci\u00f3n que aqueja a los\nafroamericanos en la llamada econom\u00eda m\u00e1s importante del mundo, y en serio que\nen varias ocasiones parec\u00eda que estaban hablando de la condici\u00f3n de las mujeres\nmexicanas, solo que con la enorme diferencia de que all\u00e1 matan a un hombre\nnegro y el pa\u00eds se incendia, ac\u00e1 matan a diez mujeres al d\u00eda y \u00a1no pasa nada!<\/p>\n\n\n\n<p class=\"wp-block-paragraph\">Hablaron, por ejemplo, de la herida de la esclavitud\ns\u00ed, a cuatrocientos a\u00f1os de que se aboliera la esclavitud, esa herida sigue\nsangrando y ha trascendido a las y los descendientes de los esclavizados.<\/p>\n\n\n\n<p class=\"wp-block-paragraph\">\u00a1Imag\u00ednense!, a las primeras que esclaviz\u00f3 el ser\nhumano, fue a las mujeres, miles de a\u00f1os llevamos as\u00ed cargando con esta herida\nque supura todo el tiempo porque el suplicio no termina, llevamos las mujeres\nla herida del patriarcado.<\/p>\n\n\n\n<p class=\"wp-block-paragraph\">Uno de los invitados de Oprah asegur\u00f3 que Estados\nUnidos debe pedir perd\u00f3n a la poblaci\u00f3n negra por haberlos esclavizado y continuar\nmaltrat\u00e1ndolos a\u00fan ahora. Y ese hombre hacia ver la importancia de que la\nsociedad toda pidiera perd\u00f3n, porque dijo, s\u00ed no se reconoce todo lo malo que\nse ha hecho contra esa poblaci\u00f3n minoritaria, las cosas continuar\u00e1n exactamente\nigual.<\/p>\n\n\n\n<p class=\"wp-block-paragraph\">Lo mismo pasa ac\u00e1 en M\u00e9xico con las mujeres. Hace\nunos a\u00f1os algunos hombres empezaron a hablar por las redes sociales de un\n\u201cborr\u00f3n y cuenta nueva\u201d con respecto a la violencia de g\u00e9nero, exig\u00edan que las\nmujeres olvid\u00e1ramos todo lo que el machismo nos ha, y nos sigue violentando.<\/p>\n\n\n\n<p class=\"wp-block-paragraph\">Por supuesto la idea no prosper\u00f3. Tan sencillo como\nesto: Si, el machismo mexicano no reconoce y acepta sus cr\u00edmenes cometidos\ncontra las mujeres todos los d\u00edas, seguir\u00e1 prevaleciendo la idea de que tienen\nraz\u00f3n en hacerlo y que lo que hacen est\u00e1 bien.<\/p>\n\n\n\n<p class=\"wp-block-paragraph\">En la emisi\u00f3n se habl\u00f3 adem\u00e1s de posibles escenarios\nque podr\u00edan aliviar la situaci\u00f3n de la poblaci\u00f3n negra, se insisti\u00f3 en la\nnecesidad urgente de redistribuir la riqueza, de reconstruir todo el sistema de\nsalud y garantizar mayor acceso a toda la poblaci\u00f3n. Por supuesto eso mismo en\nM\u00e9xico no nos caer\u00eda nada mal sobre todo porque y como lo indican las encuestas\ndel INEGI, son las mexicanas las que tienen menor acceso a la riqueza y a un\nsistema de salud que de verdad atienda sus necesidades.<\/p>\n\n\n\n<p class=\"wp-block-paragraph\">Ante las elecciones presidenciales de noviembre en\nEstados Unidos, los invitados de Oprah lo ven como una oportunidad, no s\u00f3lo de\nsacar a Trump de la presidencia sino de mejorar el papel pol\u00edtico de las y los\nnegros.<\/p>\n\n\n\n<p class=\"wp-block-paragraph\">Claro no dejaron de reconocer que cuando el sistema\nhegem\u00f3nico no quiere que pase nada, \u00a1no pasa nada!, dec\u00edan, tuvimos a un\npresidente negro durante 8 a\u00f1os en la Casa Blanca y la situaci\u00f3n realmente no\nmejor\u00f3 para nosotres, hemos hecho nuestro mejor esfuerzo, hemos ido a la\nuniversidad, nos hemos preparado y el nivel de riqueza que puede alcanzar una\npersona de color, no se compara a la que tiene la poblaci\u00f3n blanca.<\/p>\n\n\n\n<p class=\"wp-block-paragraph\">Por supuesto que ni para las y los afroamericanos,\ndem\u00e1s minor\u00edas, incluyendo a la poblaci\u00f3n hispana y a las mujeres en todo el\nmundo nada cambiar\u00e1 si no se modifican a fondo las estructuras patriarcales que\ndan vida al sistema de dominaci\u00f3n, abuso y violencia. Aqu\u00ed en M\u00e9xico, las\nmujeres votamos desde hace 67 a\u00f1os, muchas mujeres han llegado al Congreso\nnacional y a los estatales, sin embargo, el gigantesco edificio del orden\npatriarcal sigue intacto.<\/p>\n\n\n\n<p class=\"wp-block-paragraph\">Como ver\u00e1n las castigadas minor\u00edas del sistema\nhegem\u00f3nico, tenemos muchas coincidencias en cuanto a discriminaciones,\nviolencias, falta de oportunidades y acceso a los recursos en general. <\/p>\n\n\n\n<p class=\"wp-block-paragraph\">S\u00ed el piso fuera parejo para todas, todos y todes en\neste mundo, sin lugar a dudas estar\u00edamos mucho mejor.<\/p>\n\n\n\n<p class=\"wp-block-paragraph\">En uno de los segmentos que se presentaron en la\nemisi\u00f3n especial, una mujer negra durante un discurso callejero en Los \u00c1ngeles\ntermin\u00f3 diciendo: \u00a1Den gracias de que la poblaci\u00f3n negra no quiere venganza\ns\u00f3lo quiere igualdad! Y lo retomo, \u00a1den gracias que las mujeres no queremos\nvenganza, s\u00f3lo queremos igualdad!<\/p>\n\n\n\n<p class=\"wp-block-paragraph\">Por cierto \u201cLa mujer es la negra del mundo\u201d, es una\ncanci\u00f3n escrita hace muchos a\u00f1os por John Lennon y Yoko Ono, que da nombre a\nuno de sus mejores \u00e1lbumes.<\/p>\n\n\n\n<p class=\"wp-block-paragraph\">Aqu\u00ed algunas partes de la letra en espa\u00f1ol: La mujer\nes la negra del mundo. S\u00ed, ella es, piensa en eso. La mujer es la negra del\nmundo. Piensa en eso y haz algo. La hacemos pintar su rostro y bailar. Si ella\nno acepta ser esclava, decimos que no nos ama. S\u00ed es genuina decimos que\nintenta ser un hombre. Mientras la sobajamos fingimos que es superior a nosotros.\nSabes, la mujer es la negra del mundo. Si no me crees, \u00e9chale una mirada a la\nque est\u00e1 contigo. <\/p>\n\n\n\n<p class=\"wp-block-paragraph\">La mujer es la esclava de los esclavos. Ah, s\u00ed, t\u00fa\nme crees, grita. La hacemos tener y criar a nuestros hijos. Y entonces la\ndejamos en casa por ser una madre vieja y gorda. Le decimos, la casa es el\n\u00fanico lugar donde debe estar. Entonces nos quejamos de que ella es muy poco\nmundana para ser nuestra amiga. La insultamos todos los d\u00edas en la televisi\u00f3n.\nY nos preguntamos por qu\u00e9 no tiene agallas o confianza en s\u00ed misma. Cuando es\njoven matamos su prop\u00f3sito de ser libre. Esto es lo que preferimos olvidar,\npero seguro entiendes el mensaje. <\/p>\n\n\n\n<p class=\"wp-block-paragraph\">botellalmar2017@gmail.com<\/p>\n","protected":false},"excerpt":{"rendered":"<p>La mujer es la negra del mundo<\/p>\n","protected":false},"author":3,"featured_media":9095,"comment_status":"open","ping_status":"open","sticky":false,"template":"","format":"standard","meta":{"_monsterinsights_skip_tracking":false,"footnotes":""},"categories":[691,98,84],"tags":[],"class_list":["post-22175","post","type-post","status-publish","format-standard","has-post-thumbnail","category-691","category-botella-al-mar","category-martha-canseco"],"_links":{"self":[{"href":"https:\/\/redsemlac.com\/semmexico\/wp-json\/wp\/v2\/posts\/22175","targetHints":{"allow":["GET"]}}],"collection":[{"href":"https:\/\/redsemlac.com\/semmexico\/wp-json\/wp\/v2\/posts"}],"about":[{"href":"https:\/\/redsemlac.com\/semmexico\/wp-json\/wp\/v2\/types\/post"}],"author":[{"embeddable":true,"href":"https:\/\/redsemlac.com\/semmexico\/wp-json\/wp\/v2\/users\/3"}],"replies":[{"embeddable":true,"href":"https:\/\/redsemlac.com\/semmexico\/wp-json\/wp\/v2\/comments?post=22175"}],"version-history":[{"count":0,"href":"https:\/\/redsemlac.com\/semmexico\/wp-json\/wp\/v2\/posts\/22175\/revisions"}],"wp:featuredmedia":[{"embeddable":true,"href":"https:\/\/redsemlac.com\/semmexico\/wp-json\/wp\/v2\/media\/9095"}],"wp:attachment":[{"href":"https:\/\/redsemlac.com\/semmexico\/wp-json\/wp\/v2\/media?parent=22175"}],"wp:term":[{"taxonomy":"category","embeddable":true,"href":"https:\/\/redsemlac.com\/semmexico\/wp-json\/wp\/v2\/categories?post=22175"},{"taxonomy":"post_tag","embeddable":true,"href":"https:\/\/redsemlac.com\/semmexico\/wp-json\/wp\/v2\/tags?post=22175"}],"curies":[{"name":"wp","href":"https:\/\/api.w.org\/{rel}","templated":true}]}}