{"id":22164,"date":"2020-06-20T17:50:54","date_gmt":"2020-06-20T17:50:54","guid":{"rendered":"https:\/\/redsemlac.com\/semmexico\/?p=22164"},"modified":"2023-07-21T16:24:52","modified_gmt":"2023-07-21T21:24:52","slug":"diputadas-priistas-dicen-no-a-extinguir-el-fideicomiso-del-bachillerato-general","status":"publish","type":"post","link":"https:\/\/redsemlac.com\/semmexico\/diputadas-priistas-dicen-no-a-extinguir-el-fideicomiso-del-bachillerato-general\/","title":{"rendered":"Diputadas priistas dicen no a extinguir el fideicomiso del bachillerato general"},"content":{"rendered":"\n<ul class=\"wp-block-list\"><li><strong>Ello, dicen, trunca la preparaci\u00f3n acad\u00e9mica de las y los m\u00e1s vulnerables<\/strong><\/li><li><strong>Se pretende despojar 145 millones de pesos a las y los j\u00f3venes y al personal docente<\/strong><\/li><\/ul>\n\n\n\n<p class=\"wp-block-paragraph\"><strong>Redacci\u00f3n<\/strong><\/p>\n\n\n\n<p class=\"wp-block-paragraph\">SemM\u00e9xico. Ciudad de M\u00e9xico.\n20 de junio 2020.- Al menos un mill\u00f3n de estudiantes, de los cuales 621 mil\ntienen una discapacidad, est\u00e1n en riesgo de perder sus estudios de nivel de\nense\u00f1anza media, por la arbitrariedad del Gobierno federal de extinguir el\nFideicomiso del Bachillerato General en sus Modalidades no Escolarizada y\nMixta, denunci\u00f3 el Grupo Parlamentario del PRI en la C\u00e1mara de Diputados.<\/p>\n\n\n\n<p class=\"wp-block-paragraph\">Las diputadas federales,\nMartha Garay Cadena, presidenta de la Comisi\u00f3n de Grupos Vulnerables y\nHortensia Noro\u00f1a Quezada, secretaria de Comisi\u00f3n de Igualdad de G\u00e9nero,\nadvirtieron que despojar de los 145 millones de pesos al fideicomiso, implica\ntruncar el deseo de preparaci\u00f3n acad\u00e9mica de esta poblaci\u00f3n escolar vulnerable\ny adem\u00e1s el despido de profesores y personal administrativo.<\/p>\n\n\n\n<p class=\"wp-block-paragraph\">Noro\u00f1a Quezada enjuici\u00f3: \u201cel\nGobierno federal empe\u00f1a el futuro de este mill\u00f3n de j\u00f3venes estudiantes y sus\nprofesores, al quitarles recursos previamente asignados y ahora ese dinero\np\u00fablico se va a regalar como d\u00e1divas proselitistas para intentar mantener los\nniveles perdidos de popularidad y aprobaci\u00f3n entre quienes votar\u00e1n el pr\u00f3ximo\na\u00f1o\u201d.<\/p>\n\n\n\n<p class=\"wp-block-paragraph\">La solicitud a la que se\nsum\u00f3 el resto del Grupo Parlamentario del PRI, es que no se retiren los\nrecursos del fideicomiso, en el entendido de que no son gastos superfluos o de\npropaganda o publicidad gubernamental, su destino es una causa social, atender\na los alumnos que, por razones circunstanciales y ajenas a su responsabilidad,\nno pueden continuar sus estudios bajo el sistema escolarizado; sin embargo,\ntienen el derecho Constitucional de asegurar su acceso al Sistema Educativo\nNacional.<\/p>\n\n\n\n<p class=\"wp-block-paragraph\">Asimismo, piden a las Secretar\u00edas de Hacienda y Cr\u00e9dito P\u00fablico y de Educaci\u00f3n P\u00fablica, salvaguarden los derechos de la plantilla docente, muchos de ellos, personal capacitado en lenguaje de se\u00f1as, sistema Braille o software que atiende a las personas con discapacidad visual y que est\u00e1n adscritos a los Centros de Atenci\u00f3n para Estudiantes con Discapacidad (CAED).<\/p>\n\n\n\n<p class=\"wp-block-paragraph\">La diputada por el estado de\nCoahuila, Martha Garay Cadena, explic\u00f3 que los CAED, forman parte de un\nprograma de estudios a nivel medio superior para las personas que tienen alg\u00fan\ntipo de discapacidad: auditiva, motriz, visual o intelectual.<\/p>\n\n\n\n<p class=\"wp-block-paragraph\">El plan de estudios es el\nmismo que se cursa en preparatoria abierta, la diferencia radica en la\nmetodolog\u00eda, por ejemplo, en el bachillerato no escolarizado las asesor\u00edas se\nimparten en lenguaje de se\u00f1as o en sistema Braille, \u201cel objetivo es reducir las\nbrechas que existen para las personas con discapacidad, establecido en la\nConvenci\u00f3n Sobre los Derechos de las Personas con Discapacidad que M\u00e9xico\nsuscribi\u00f3\u201d.<\/p>\n\n\n\n<p class=\"wp-block-paragraph\">Por su parte la diputada por\nel estado de Jalisco, Hortensia Noro\u00f1a Quezada, asegur\u00f3 que esta pol\u00edtica de\n\u201causteridad republicana\u201d para desaparecer los fideicomisos no traer\u00e1 ning\u00fan\nbeneficio social, por el contrario, \u201cen esta administraci\u00f3n de simulaci\u00f3n y\nenga\u00f1o, se descubre como una medida dr\u00e1stica y de voracidad presupuestaria\u201d.<\/p>\n\n\n\n<p class=\"wp-block-paragraph\">La pol\u00edtica de extinci\u00f3n de\nfideicomisos estima recaudar, en cifras oficiales, entre 150 y 250 mil millones\nde pesos, la diputada priista insisti\u00f3 en remarcar que por m\u00e1s que intentan\njustificar, la medida es negativa y potencialmente regresiva, y contrasta con\nel supuesto logro de haber dominado la pandemia.<\/p>\n\n\n\n<p class=\"wp-block-paragraph\">Concluy\u00f3, no nos queda otra\nalternativa que levantar la voz ante estas injusticias y evidenciar que la\nocurrencia combinada con la desesperaci\u00f3n pol\u00edtico-electoral nos ha salido en\nmenos de un a\u00f1o y medio, profundamente cara.<\/p>\n\n\n\n<p class=\"wp-block-paragraph\">SEM\/sl<\/p>\n","protected":false},"excerpt":{"rendered":"<p>Al menos un mill\u00f3n de estudiantes, de los cuales 621 mil tienen una discapacidad, est\u00e1n en riesgo de perder sus estudios de nivel de ense\u00f1anza media, por la arbitrariedad del Gobierno federal de extinguir el Fideicomiso del Bachillerato General en sus Modalidades no Escolarizada y Mixta<\/p>\n","protected":false},"author":3,"featured_media":22165,"comment_status":"open","ping_status":"open","sticky":false,"template":"","format":"standard","meta":{"_monsterinsights_skip_tracking":false,"footnotes":""},"categories":[691,50],"tags":[],"class_list":["post-22164","post","type-post","status-publish","format-standard","has-post-thumbnail","category-691","category-congreso"],"_links":{"self":[{"href":"https:\/\/redsemlac.com\/semmexico\/wp-json\/wp\/v2\/posts\/22164","targetHints":{"allow":["GET"]}}],"collection":[{"href":"https:\/\/redsemlac.com\/semmexico\/wp-json\/wp\/v2\/posts"}],"about":[{"href":"https:\/\/redsemlac.com\/semmexico\/wp-json\/wp\/v2\/types\/post"}],"author":[{"embeddable":true,"href":"https:\/\/redsemlac.com\/semmexico\/wp-json\/wp\/v2\/users\/3"}],"replies":[{"embeddable":true,"href":"https:\/\/redsemlac.com\/semmexico\/wp-json\/wp\/v2\/comments?post=22164"}],"version-history":[{"count":0,"href":"https:\/\/redsemlac.com\/semmexico\/wp-json\/wp\/v2\/posts\/22164\/revisions"}],"wp:featuredmedia":[{"embeddable":true,"href":"https:\/\/redsemlac.com\/semmexico\/wp-json\/wp\/v2\/media\/22165"}],"wp:attachment":[{"href":"https:\/\/redsemlac.com\/semmexico\/wp-json\/wp\/v2\/media?parent=22164"}],"wp:term":[{"taxonomy":"category","embeddable":true,"href":"https:\/\/redsemlac.com\/semmexico\/wp-json\/wp\/v2\/categories?post=22164"},{"taxonomy":"post_tag","embeddable":true,"href":"https:\/\/redsemlac.com\/semmexico\/wp-json\/wp\/v2\/tags?post=22164"}],"curies":[{"name":"wp","href":"https:\/\/api.w.org\/{rel}","templated":true}]}}