{"id":22161,"date":"2020-06-20T17:44:29","date_gmt":"2020-06-20T17:44:29","guid":{"rendered":"https:\/\/redsemlac.com\/semmexico\/?p=22161"},"modified":"2023-07-21T16:24:52","modified_gmt":"2023-07-21T21:24:52","slug":"cerca-de-1500-personas-y-organizaciones-llaman-a-mantener-conapred","status":"publish","type":"post","link":"https:\/\/redsemlac.com\/semmexico\/cerca-de-1500-personas-y-organizaciones-llaman-a-mantener-conapred\/","title":{"rendered":"Cerca de 1500 personas y organizaciones llaman a mantener CONAPRED"},"content":{"rendered":"\n<ul class=\"wp-block-list\"><li><strong>El organismo responde a las personas\nexcluidas, muchas las m\u00e1s pobres<\/strong><\/li><li><strong>Piden su fortalecimiento, respeto a su\nindependencia y capacidad de gesti\u00f3n <\/strong><\/li><\/ul>\n\n\n\n<p class=\"wp-block-paragraph\"><strong>Elda\nMontiel Toral <\/strong><\/p>\n\n\n\n<p class=\"wp-block-paragraph\">SemM\u00e9xico. Ciudad de M\u00e9xico. 20 de\njunio 2020.- Un llamado a fortalecer al Consejo\nNacional para Prevenir la Discriminaci\u00f3n en M\u00e9xico (CONAPRED) en su independencia\nde ley y capacidad de gesti\u00f3n hacen en un comunicado a la opini\u00f3n p\u00fablica m\u00e1s\nde 420 organizaciones de la sociedad civil de todo el pa\u00eds, defensoras de\nderechos humanos, feministas, y m\u00e1s de 500 adhesiones ciudadanas entre destacadas\ny destacados l\u00edderes de opini\u00f3n, periodistas, pol\u00edticas, acad\u00e9micas,\nlegisladoras. Se sum\u00f3 el Frente\nNacional Feminista con 152 organizaciones y el Grupo de Trabajo Sobre Pol\u00edtica\nMigratoria-GTPM. <\/p>\n\n\n\n<p class=\"wp-block-paragraph\">En el comunicado hacen un recuento sobre la actuaci\u00f3n e &nbsp;importancia del organismo, que anualmente\natiende al menos &nbsp;6 mil quejas de\npersonas que han sido discriminadas, la califican &nbsp;como una instituci\u00f3n clave para el Estado Mexicano &nbsp;por su &nbsp;&nbsp;impulso al pleno desarrollo &nbsp;de las personas contra la discriminaci\u00f3n y por\nla igualdad de todas y todos los mexicanos.<\/p>\n\n\n\n<p class=\"wp-block-paragraph\">Esta instituci\u00f3n, destacan,\nresponde a las necesidades de los grupos hist\u00f3ricamente olvidados e invisibles\ncomo son los grupos de personas con discapacidad, trabajadoras del hogar,\npoblaci\u00f3n afro mexicana e ind\u00edgena, migrantes, refugiadas y personas que se\nidentifican como LGBTTTIQ y a la mitad de la poblaci\u00f3n que son las mujeres.<\/p>\n\n\n\n<p class=\"wp-block-paragraph\">A la petici\u00f3n\nfirmada, que circula en medios y redes sociales, se sum\u00f3 el jueves, una\npetici\u00f3n en Change.rg, pide directamente al presidente Andr\u00e9s Manuel L\u00f3pez\nObrador, desde las personas con discapacidad que rectifique. Al filo de las 11\nhoras de este s\u00e1bado ten\u00eda cerca de 6 mil firmas, individuales y colectivas.<\/p>\n\n\n\n<p class=\"wp-block-paragraph\">La carta detalla que\nhaber presionado para la renuncia de su titular y arg\u00fcir sobre la pertinencia\nde desaparecer al CONAPRED son acciones que representan un grave retroceso, por\nlo que hacen un en\u00e9rgico llamado a detener los ataques y el discurso que descalifica\na CONAPRED y en cambio piden a reforzar su misi\u00f3n y fortalecer su trabajo con\nmayores asignaciones presupuestarias y el compromiso de respetar y promover su valiosa\nmisi\u00f3n.<\/p>\n\n\n\n<p class=\"wp-block-paragraph\">El CONAPRED no s\u00f3lo\natiende quejas ha impulsado di\u00e1logo, legislaci\u00f3n, pol\u00edticas y acuerdos de\ncoordinaci\u00f3n entre dependencias y \u00f3rdenes de gobierno, en beneficio de las\npersonas m\u00e1s excluidas\u2014que muchas veces son tambi\u00e9n las m\u00e1s pobres. <\/p>\n\n\n\n<p class=\"wp-block-paragraph\">En el comunicado, organizaciones\ny personas est\u00e1n convencidas de los\nlogros que el CONAPRED y la sociedad mexicana ha construido, juntas, en los\n\u00faltimos diecisiete a\u00f1os, y de los retos en el futuro para avanzar en la disminuci\u00f3n\nde la discriminaci\u00f3n y la desigualdad.<\/p>\n\n\n\n<p class=\"wp-block-paragraph\">Tan s\u00f3lo durante este\ngobierno, en la emergencia sanitaria que vive el pa\u00eds, desarroll\u00f3 junto con la\nSecretar\u00eda de Salud y organizaciones de la sociedad civil, la Gu\u00eda para la\nProtecci\u00f3n de la Salud de las Personas con Discapacidad en el contexto de\nCovid-19.<\/p>\n\n\n\n<p class=\"wp-block-paragraph\">Al igual que formul\u00f3 recomendaciones a la Secretar\u00eda de Econom\u00eda para generar\npol\u00edticas de recuperaci\u00f3n econ\u00f3mica incluyentes.<\/p>\n\n\n\n<p class=\"wp-block-paragraph\">Impuls\u00f3 cambios en\nlas legislaciones de seguridad social y federal del trabajo para reconocer los\nderechos de las trabajadoras del hogar. <\/p>\n\n\n\n<p class=\"wp-block-paragraph\">Impuls\u00f3 con\norganizaciones afro el reconocimiento de los pueblos y comunidades afro\nmexicanas en el art\u00edculo segundo constitucional, como pueblos originarios de la\nNaci\u00f3n mexicana.<\/p>\n\n\n\n<p class=\"wp-block-paragraph\">Resolvi\u00f3 casos de\neducaci\u00f3n inclusiva y de discriminaci\u00f3n laboral hacia personas con VIH que\natrajo la Suprema Corte de Justicia de la Naci\u00f3n y respald\u00f3 la decisi\u00f3n del\nCONAPRED. <\/p>\n\n\n\n<p class=\"wp-block-paragraph\">Acompa\u00f1\u00f3 las\ndiscusiones en la SCJN sobre casos de derechos de personas trans y trabajadoras\ndel hogar, que finalmente lograron sentencias protectoras de derechos humanos. <\/p>\n\n\n\n<p class=\"wp-block-paragraph\">Certific\u00f3 mediante la\nNorma Mexicana en Igualdad y No Discriminaci\u00f3n a 471 centros de trabajo\np\u00fablicos y privados para proteger contra la discriminaci\u00f3n laboral a mujeres\nembarazadas, personas mayores, j\u00f3venes, ind\u00edgenas y otras poblaciones.<\/p>\n\n\n\n<p class=\"wp-block-paragraph\">Coordin\u00f3 un programa\ngubernamental (en el que participa toda la Administraci\u00f3n P\u00fablica Federal) para\neliminar la discriminaci\u00f3n y cumplir el mandato de no dejar a nadie atr\u00e1s y a\nnadie afuera.<\/p>\n\n\n\n<p class=\"wp-block-paragraph\">Destacan que el\nCONAPRED es una de las pocas instituciones habilitada en el pa\u00eds para conocer\ncasos de discriminaci\u00f3n de empresas y particulares, adem\u00e1s de casos con\nresponsabilidad de servidores p\u00fablicos federales y la \u00fanica cuyas decisiones\nson jur\u00eddicamente vinculantes<\/p>\n\n\n\n<p class=\"wp-block-paragraph\">Por lo anterior las organizaciones y ciudadanas y ciudadanos, as\u00ed como\nlos frentes feministas se suman al llamado de la Asamblea Constitutiva del\nCONAPRED y le piden a\nsu Junta de Gobierno para presentar un diagn\u00f3stico de capacidades y necesidades\nsobre las cuales fortalecer la capacidad de atenci\u00f3n y resoluci\u00f3n de quejas, y\nsus funciones de prevenci\u00f3n por medio de pol\u00edticas, recomendaciones y campa\u00f1as\nde difusi\u00f3n y divulgaci\u00f3n.<\/p>\n\n\n\n<p class=\"wp-block-paragraph\"><strong>Change.org<\/strong><\/p>\n\n\n\n<p class=\"wp-block-paragraph\">La petici\u00f3n en\nChange, promovida por Adriana P\u00e9rez y dirigida para Andr\u00e9s Manuel L\u00f3pez\nobrador, presidente M\u00e9xico) se\u00f1alan:<\/p>\n\n\n\n<p class=\"wp-block-paragraph\">Las organizaciones de\nla sociedad civil que trabajan por los derechos de las personas con\ndiscapacidad reconocen en el trabajo del Conapred el mayor impulso que ha\ntenido esta agenda desde la creaci\u00f3n de dicho organismo. <\/p>\n\n\n\n<p class=\"wp-block-paragraph\">Desde el Conapred se\nimpuls\u00f3 la Convenci\u00f3n de los Derechos de las Personas con Discapacidad, ahora\naprobada a nivel mundial y ratificada por M\u00e9xico. Los avances que ha habido en\nnuestra agenda han sido acompa\u00f1ados por esta instituci\u00f3n durante los \u00faltimos 17\na\u00f1os.<\/p>\n\n\n\n<p class=\"wp-block-paragraph\">En raz\u00f3n de ello,\nsolicitamos al presidente de la Rep\u00fablica el fortalecimiento del Conapred, de\nsu estructura y de los recursos necesarios para poder acompa\u00f1ar con mayor\nfuerza la igualdad de derechos de quienes tenemos en M\u00e9xico una discapacidad,\npues a\u00fan con los programas de apoyo del gobierno federal no tenemos acceso a la\neducaci\u00f3n, a la accesibilidad f\u00edsica, al empleo, a la seguridad social y a\nmuchas otras condiciones necesarias para una vida digna.<\/p>\n\n\n\n<p class=\"wp-block-paragraph\">A las 11:30 de hoy llevaba\nm\u00e1s de 6 mil adhesiones.<\/p>\n","protected":false},"excerpt":{"rendered":"<p>Piden su fortalecimiento, respeto a su independencia y capacidad de gesti\u00f3n <\/p>\n","protected":false},"author":3,"featured_media":22162,"comment_status":"open","ping_status":"open","sticky":false,"template":"","format":"standard","meta":{"_monsterinsights_skip_tracking":false,"footnotes":""},"categories":[691,54],"tags":[],"class_list":["post-22161","post","type-post","status-publish","format-standard","has-post-thumbnail","category-691","category-mujeres"],"_links":{"self":[{"href":"https:\/\/redsemlac.com\/semmexico\/wp-json\/wp\/v2\/posts\/22161","targetHints":{"allow":["GET"]}}],"collection":[{"href":"https:\/\/redsemlac.com\/semmexico\/wp-json\/wp\/v2\/posts"}],"about":[{"href":"https:\/\/redsemlac.com\/semmexico\/wp-json\/wp\/v2\/types\/post"}],"author":[{"embeddable":true,"href":"https:\/\/redsemlac.com\/semmexico\/wp-json\/wp\/v2\/users\/3"}],"replies":[{"embeddable":true,"href":"https:\/\/redsemlac.com\/semmexico\/wp-json\/wp\/v2\/comments?post=22161"}],"version-history":[{"count":0,"href":"https:\/\/redsemlac.com\/semmexico\/wp-json\/wp\/v2\/posts\/22161\/revisions"}],"wp:featuredmedia":[{"embeddable":true,"href":"https:\/\/redsemlac.com\/semmexico\/wp-json\/wp\/v2\/media\/22162"}],"wp:attachment":[{"href":"https:\/\/redsemlac.com\/semmexico\/wp-json\/wp\/v2\/media?parent=22161"}],"wp:term":[{"taxonomy":"category","embeddable":true,"href":"https:\/\/redsemlac.com\/semmexico\/wp-json\/wp\/v2\/categories?post=22161"},{"taxonomy":"post_tag","embeddable":true,"href":"https:\/\/redsemlac.com\/semmexico\/wp-json\/wp\/v2\/tags?post=22161"}],"curies":[{"name":"wp","href":"https:\/\/api.w.org\/{rel}","templated":true}]}}