{"id":21905,"date":"2020-06-16T01:25:03","date_gmt":"2020-06-16T01:25:03","guid":{"rendered":"https:\/\/redsemlac.com\/semmexico\/?p=21905"},"modified":"2023-07-21T16:24:19","modified_gmt":"2023-07-21T21:24:19","slug":"trabajador-de-la-cndh-denuncia-despido-injustificado","status":"publish","type":"post","link":"https:\/\/redsemlac.com\/semmexico\/trabajador-de-la-cndh-denuncia-despido-injustificado\/","title":{"rendered":"Trabajador de la CNDH denuncia despido injustificado"},"content":{"rendered":"\n<p class=\"wp-block-paragraph\"><strong>Redacci\u00f3n La Jornada<\/strong><\/p>\n\n\n\n<p class=\"wp-block-paragraph\">SemM\u00e9xico\/La Jornada. Ciudad de M\u00e9xico. 15 de junio 2020.- Tras\n19 a\u00f1os y ocho meses de labor en la Comisi\u00f3n Nacional de los Derechos Humanos\n(CNDH) y trascender a cuatro ombudsperson, L\u00e1zaro Serran\u00eda \u00c1lvarez, colaborador\ndel \u00e1rea de comunicaci\u00f3n social, denunci\u00f3 p\u00fablicamente que la actual administraci\u00f3n\ndel organismo \u201cha violado flagrantemente mis derechos humanos laborales\u201d,\ndebido a que no se le deposit\u00f3 la \u00faltima quincena, por lo que exigi\u00f3 una\nexplicaci\u00f3n.<\/p>\n\n\n\n<p class=\"wp-block-paragraph\">Un par de horas despu\u00e9s que se hiciera p\u00fablica esa denuncia,\nla directora general de Comunicaci\u00f3n Social del organismo Alejandra Ezeta,\ninform\u00f3 en el grupo de whatsapp de la fuente que se trata de un cese y que ella\nasume la responsabilidad del mismo. Sin embargo, pasadas las siete de la noche,\nla CNDH emiti\u00f3 un comunicado donde desminti\u00f3 a su propia jefa de prensa y\nasever\u00f3 que no existe tal el despido ni falta de pago, sino que el colaborador\n\u201cse ha negado a pasar a recoger su cheque (quincenal) en el \u00e1rea de Recursos\nHumanos\u201d.<\/p>\n\n\n\n<p class=\"wp-block-paragraph\">Serran\u00eda fue informado de su despido hasta el mediod\u00eda de\nayer, tras comenzar a averiguar por qu\u00e9 no se le deposit\u00f3 su salario de la\nquincena de junio (el pasado d\u00eda 10). Afirm\u00f3 que en el transcurso de los\n\u00faltimos d\u00edas, le cancelaron su correo electr\u00f3nico institucional y \u201cprohibieron\u201d\na sus compa\u00f1eros dirigirle la palabra.<\/p>\n\n\n\n<p class=\"wp-block-paragraph\">En su denuncia se\u00f1al\u00f3 que la propia Ezeta le coment\u00f3 v\u00eda\ntelef\u00f3nica que el despido \u201cfue decisi\u00f3n del licenciado (Francisco) Estrada\u201d,\nquien es el secretario ejecutivo de la CNDH, y a quien fuentes al interior de\nla Comisi\u00f3n consultadas sobre este caso se refirieron como \u201cel cerebro y la\nmano ejecutora\u201d de la actual presidenta Rosario Piedra Ibarra.<\/p>\n\n\n\n<p class=\"wp-block-paragraph\">&nbsp;\u201cNo entiendo por qu\u00e9\nal medio d\u00eda me dijo que era responsabilidad del licenciado Estrada y horas\ndespu\u00e9s, en el chat de la fuente, ella asume la responsabilidad de mi despido\u201d,\nindic\u00f3 Serran\u00eda \u00c1lvarez en entrevista.<\/p>\n\n\n\n<p class=\"wp-block-paragraph\">En su denuncia reclam\u00f3 que si se trata de un recorte de\npersonal m\u00e1s, \u201clo entender\u00eda, pero hasta para eso hay formas y la principal es\nenterar al trabajador de una decisi\u00f3n de despido, son las m\u00ednimas atenciones de\nrespeto a los preceptos de la Ley Federal del Trabajo y a sus derechos humanos,\n(lo que precisamente no se da) en la casa de los derechos humanos\u201d.<\/p>\n\n\n\n<p class=\"wp-block-paragraph\">De acuerdo con fuentes del organismo, \u00e9ste es apenas uno de\nvarios casos de \u201cdespidos injustificados\u201d, pues desde que Piedra Ibarra asumi\u00f3\nla presidencia el noviembre pasado, hay al menos 300 personas separadas de sus\nempleos, \u201ca algunos se les oblig\u00f3 a firmar su renuncia con s\u00f3lo tres meses de\nsueldo como compensaci\u00f3n y a otros se les despidi\u00f3 sin previo aviso ni\nindemnizaci\u00f3n\u201d, acusaron.<\/p>\n\n\n\n<p class=\"wp-block-paragraph\">Al respecto, funcionarios de la CNDH se\u00f1alaron que se trata\nde ajustes para la reestructuraci\u00f3n de la dependencia, aunque no confirmaron el\nn\u00famero de empleados cesados ni si se les dio o no el finiquito correspondiente.<\/p>\n\n\n\n<p class=\"wp-block-paragraph\">Agreg\u00f3: \u201cAs\u00ed como muchos de mis compa\u00f1eros, estoy siendo\nv\u00edctima de flagrante violaci\u00f3n de mis derechos humanos laborales, precisamente\npor mi patr\u00f3n, la CNDH\u201d, acus\u00f3 el ex colaborador, tambi\u00e9n en el chat para\nperiodistas de la fuente.<\/p>\n\n\n\n<p class=\"wp-block-paragraph\">&nbsp;\u201cNo s\u00e9 si es un\ncastigo, no veo la causa, o una medida disciplinaria fuera de norma, no s\u00e9 por\nqu\u00e9; no he sabido nada del tema, pero necesito mi salario, ahora s\u00ed por\nemergencia, ya que desde hace tres semanas tengo dificultad para respirar; no\nse me ha diagnosticado Covid-19, pero tampoco se me ha descartado\u201d; apunt\u00f3\nadem\u00e1s que en el ISSSTE no se le ha querido atender.<\/p>\n\n\n\n<p class=\"wp-block-paragraph\">&nbsp;\u201cConsidero que se\nest\u00e1 cometiendo una injusticia ya que, durante los casi 20 a\u00f1os que llevo\nlaborando en la CNDH siempre he tenido un comportamiento \u00e9tico, profesional e\ninstitucional, bajo las \u00f3rdenes de cuatro ombudsperson nacionales y 11\ndirectores generales de comunicaci\u00f3n, a quienes he servido fiel y\ndisciplinadamente desde el a\u00f1o 2001, y nunca tuve problema alguno (\u2026) No s\u00e9 si\nla presidenta Piedra Ibarra sabe de estos actos anticonstitucionales contra los\nempleados de la CNDH. Yo creo que no, porque no lo permitir\u00eda\u201d, enfatiz\u00f3\nSerran\u00eda \u00c1lvarez.<\/p>\n\n\n\n<p class=\"wp-block-paragraph\">En punto de las siete de la noche, el organismo emiti\u00f3 un\ncomunicado en el que contradijo a su propia directora de comunicaci\u00f3n social.\nBajo el t\u00edtulo \u201cLa CNDH desmiente el cese de labores de uno de sus\ncolaboradores\u201d, en el documento se afirm\u00f3 que no hay tal despido ni falta de\npago de la quincena de L\u00e1zaro Serran\u00eda.<\/p>\n\n\n\n<p class=\"wp-block-paragraph\">\u00a0\u201cPor el momento, no existe constancia de cese y se han respetado en todo momento sus derechos laborales. El se\u00f1or Serran\u00eda \u00c1lvarez se ha negado a pasar a recoger su cheque en el \u00e1rea de Recursos Humanos de la CNDH, el cual corresponde a la primera quincena de junio, a pesar de que se le notific\u00f3 con tiempo y de que la ley permite que los salarios de los trabajadores se realicen a trav\u00e9s de dep\u00f3sitos o cheques. La CNDH refrenda su compromiso de respetar y promover los derechos humanos, en este caso, en particular, los derechos laborales de sus trabajadores\u201d, apunt\u00f3 en el comunicado.<\/p>\n\n\n\n<p class=\"wp-block-paragraph\">SEM\/LaJornada<\/p>\n","protected":false},"excerpt":{"rendered":"<p>Denunci\u00f3 p\u00fablicamente que la actual administraci\u00f3n del organismo \u201cha violado flagrantemente mis derechos humanos laborales\u201d, debido a que no se le deposit\u00f3 la \u00faltima quincena, por lo que exigi\u00f3 una explicaci\u00f3n.<\/p>\n","protected":false},"author":3,"featured_media":21906,"comment_status":"open","ping_status":"open","sticky":false,"template":"","format":"standard","meta":{"_monsterinsights_skip_tracking":false,"footnotes":""},"categories":[691,56],"tags":[],"class_list":["post-21905","post","type-post","status-publish","format-standard","has-post-thumbnail","category-691","category-redes"],"_links":{"self":[{"href":"https:\/\/redsemlac.com\/semmexico\/wp-json\/wp\/v2\/posts\/21905","targetHints":{"allow":["GET"]}}],"collection":[{"href":"https:\/\/redsemlac.com\/semmexico\/wp-json\/wp\/v2\/posts"}],"about":[{"href":"https:\/\/redsemlac.com\/semmexico\/wp-json\/wp\/v2\/types\/post"}],"author":[{"embeddable":true,"href":"https:\/\/redsemlac.com\/semmexico\/wp-json\/wp\/v2\/users\/3"}],"replies":[{"embeddable":true,"href":"https:\/\/redsemlac.com\/semmexico\/wp-json\/wp\/v2\/comments?post=21905"}],"version-history":[{"count":0,"href":"https:\/\/redsemlac.com\/semmexico\/wp-json\/wp\/v2\/posts\/21905\/revisions"}],"wp:featuredmedia":[{"embeddable":true,"href":"https:\/\/redsemlac.com\/semmexico\/wp-json\/wp\/v2\/media\/21906"}],"wp:attachment":[{"href":"https:\/\/redsemlac.com\/semmexico\/wp-json\/wp\/v2\/media?parent=21905"}],"wp:term":[{"taxonomy":"category","embeddable":true,"href":"https:\/\/redsemlac.com\/semmexico\/wp-json\/wp\/v2\/categories?post=21905"},{"taxonomy":"post_tag","embeddable":true,"href":"https:\/\/redsemlac.com\/semmexico\/wp-json\/wp\/v2\/tags?post=21905"}],"curies":[{"name":"wp","href":"https:\/\/api.w.org\/{rel}","templated":true}]}}