{"id":21824,"date":"2020-06-15T17:44:03","date_gmt":"2020-06-15T17:44:03","guid":{"rendered":"https:\/\/redsemlac.com\/semmexico\/?p=21824"},"modified":"2023-07-21T16:24:21","modified_gmt":"2023-07-21T21:24:21","slug":"prolongar-el-aislamiento-6-meses-provocaria-31-millones-de-mujeres-violentadas","status":"publish","type":"post","link":"https:\/\/redsemlac.com\/semmexico\/prolongar-el-aislamiento-6-meses-provocaria-31-millones-de-mujeres-violentadas\/","title":{"rendered":"Prolongar el aislamiento 6 meses, provocar\u00eda 31 millones de mujeres violentadas"},"content":{"rendered":"\n<ul class=\"wp-block-list\"><li><strong>Las mujeres est\u00e1n impuestas a un mayor control de sus abusadores: Michael Bachelet<\/strong><\/li><\/ul>\n\n\n\n<ul class=\"wp-block-list\"><li><strong> Llam\u00f3 a reabrir las actividades de manera progresiva y cuidadosa; en AL aumentan los contagios<\/strong><\/li><\/ul>\n\n\n\n<p class=\"wp-block-paragraph\"><strong>Elda Montiel<\/strong><\/p>\n\n\n\n<p class=\"wp-block-paragraph\">SemM\u00e9xico, Cd. de M\u00e9xico, 15 de junio, 2020.- Seis\nmeses m\u00e1s de confinamiento podr\u00edan dejar 31 millones de casos de violencia en\ncasa en todo el mundo, advirti\u00f3 la Alta Comisionada para los Derechos Humanos\nde las Naciones Unidas (ONUDH), Michelle Bachelet,\npor lo que urgi\u00f3 respuestas innovadoras con perspectiva de g\u00e9nero, que\ncontemplen las necesidades de mujeres y ni\u00f1as, contra la pandemia de COVID 19.<\/p>\n\n\n\n<p class=\"wp-block-paragraph\">Significa, agreg\u00f3 que en tres meses se sumar\u00e1n\nal menos 15 millones m\u00e1s de mujeres en alto riesgo y viviendo violencia de\npareja, estimaciones de UNFPA que revelan el tama\u00f1o del desaf\u00edo al que deben\nresponder los gobiernos.<strong><\/strong><\/p>\n\n\n\n<p class=\"wp-block-paragraph\">Lo dijo durante el Conversatorio\na distancia Derechos Humanos de las Mujeres: Retos ante el Covid 19, organizado\npor la Comisi\u00f3n de Igualdad de G\u00e9nero del Senado de la Rep\u00fablica Mexicana, este\nfin de semana.<\/p>\n\n\n\n<p class=\"wp-block-paragraph\">Destac\u00f3 que la crisis sanitaria por COVID 19 ha estado acompa\u00f1ada de un aumento de la violencia de\ng\u00e9nero en todos los pa\u00edses, pues las medidas restrictivas han provocado que las\nv\u00edctimas est\u00e9n impuestas a un mayor control de sus abusadores. <\/p>\n\n\n\n<p class=\"wp-block-paragraph\">La expresidenta de Chile dijo que la enfermedad -COVID\n19- infecta a todas las personas por igual, pero sus impactos son diferenciados\ny han revelado como discriminan. <\/p>\n\n\n\n<p class=\"wp-block-paragraph\">\u201cLas mujeres y ni\u00f1as se encuentran actualmente en un\nalto riesgo no por incapacidad, sino debido a la discriminaci\u00f3n preexistente y la\ndesigualdad. Ello es grave, especialmente para las mujeres en Am\u00e9rica Latina,\nmuchas trabajadoras del sector informal, trabajadoras del hogar, ind\u00edgenas,\nafrodescendientes, mujeres con discapacidad, migrantes, mujeres con VIH, todas\nlas pertenecientes a la comunidad LGBTTI\u201d.<\/p>\n\n\n\n<p class=\"wp-block-paragraph\">Pidi\u00f3 a los y las legisladoras, a quienes gobiernan contar\ncon datos desagregados por cada una de las caracter\u00edsticas de las mujeres y les\npidi\u00f3 dejar de identificar a las mujeres como los grupos m\u00e1s vulnerables,\nporque son la mitad de la poblaci\u00f3n. <\/p>\n\n\n\n<p class=\"wp-block-paragraph\">Precis\u00f3\nque la violencia contra las mujeres era una problem\u00e1tica muy visible desde\nantes de la pandemia, que se exacerb\u00f3, por lo que plante\u00f3 como positivo que los\nservicios de apoyo sean declarados como esenciales, por lo que deben permanecer\nabiertos, especialmente los albergues y refugios, a la par de innovar con\nsistemas accesibles para alertar a las autoridades y proteger a las v\u00edctimas. <\/p>\n\n\n\n<p class=\"wp-block-paragraph\">Antes de la COVID, indic\u00f3, ya sab\u00edamos que una de\ncada tres mujeres ser\u00eda v\u00edctima de una violencia. En Am\u00e9rica Latina el nivel de\nfeminicidio es alto, en Brasil aumento 85 por ciento este a\u00f1o comparado con el anterior.\nEn Argentina las llamadas de apoyo aumentaron en 89 por ciento en abril; en\nChile 70 puntos porcentuales en la primera semana de la cuarentena y en M\u00e9xico\nhubo un aumento significativo en el servicio de 911, en m\u00e1s de 30 por ciento.<\/p>\n\n\n\n<p class=\"wp-block-paragraph\">Cit\u00f3\nlos casos de Chile y Espa\u00f1a donde existen palabras clave en las farmacias para\nque se pueda auxiliar a las v\u00edctimas sin comprometerlas. En Per\u00fa han abierto\nnuevos albergues. Y precis\u00f3 que es muy importante informar a las v\u00edctimas sobre\nlos servicios disponibles y qu\u00e9 deben hacer para acceder a ellos.<\/p>\n\n\n\n<p class=\"wp-block-paragraph\">La\nex responsable de ONU Mujeres y ahora Subsecretaria de la ONU para los derechos\nhumanos destac\u00f3 que desde su oficina se han emitido directrices en el marco de\nlos derechos humanos que incluyen: garantizar que las trabajadoras de salud\ntengan acceso adecuado a equipos de protecci\u00f3n personal y que todas las mujeres\ntengan acceso a atenci\u00f3n m\u00e9dica, incluidos los servicios de salud sexual y\nreproductiva.<\/p>\n\n\n\n<p class=\"wp-block-paragraph\">La\nagenda requiere de promover la igualdad de responsabilidades en el asunto del\ncuidado, cargado s\u00f3lo a las mujeres, tanto como declarar los servicios\nrelacionados con la violencia de g\u00e9nero como esenciales. <\/p>\n\n\n\n<p class=\"wp-block-paragraph\">Pensando\nen la situaci\u00f3n econ\u00f3mica, ya precarias para las mujeres, hizo \u00e9nfasis en la\nimportancia de los incentivos econ\u00f3micos sensibles al g\u00e9nero, tanto como las\nredes de seguridad social que, desde su \u00f3ptica, deber\u00edan alcanzar y empoderar a\ntodas las mujeres y las ni\u00f1as.<\/p>\n\n\n\n<p class=\"wp-block-paragraph\">Michelle Bachelet llam\u00f3 a los pa\u00edses a reabrir las\nactividades de manera progresiva y cuidadosa, ya que en los pa\u00edses de Am\u00e9rica\nLatina las tasas de infecci\u00f3n y mortalidad han aumentado, en primer lugar, se\nencuentra Brasil, le siguen Per\u00fa, Chile y M\u00e9xico. <\/p>\n\n\n\n<p class=\"wp-block-paragraph\">Lo anterior, para que las subsecuentes oleadas de\nCOVID 19 puedan superarse y, sobre todo, \u201creconstruirnos mejor, no s\u00f3lo para\nlas mujeres sino para todos, mejorar la econom\u00eda inclusiva y sostenible\u201d. <\/p>\n\n\n\n<p class=\"wp-block-paragraph\">Expres\u00f3 que uno de sus deseos es que cuando se tenga\nuna vacuna segura, esta sea un producto p\u00fablico global, accesible a todas y\ntodos.<\/p>\n\n\n\n<p class=\"wp-block-paragraph\">Tambi\u00e9n\nllam\u00f3 a respetar la naturaleza y a los animales, ya que el COVID 19 como el \u00e9bola\nvienen de animales no dom\u00e9sticos.&nbsp; <\/p>\n\n\n\n<p class=\"wp-block-paragraph\"><strong>La paridad legislativa en M\u00e9xico, ejemplo para AL<\/strong><\/p>\n\n\n\n<p class=\"wp-block-paragraph\">En\nsu intervenci\u00f3n en el mismo foro virtual Mar\u00eda Noel, Directora Regional de ONU\nMujeres para las Am\u00e9ricas y el Caribe, reconoci\u00f3 a M\u00e9xico como l\u00edder en el\ntrabajo legislativo hacia la igualdad y la paridad; refiri\u00f3 que 75 por ciento\nde los congresos de la regi\u00f3n est\u00e1n dominados por hombres, as\u00ed como 85 por\nciento de las alcald\u00edas, \u201ces un tema de poder y no querer deja el poder\u201d. <\/p>\n\n\n\n<p class=\"wp-block-paragraph\">As\u00ed\ncomo mirar al cuidado como un trabajo. M\u00e9xico es un ejemplo que queremos para\nlos otros pa\u00edses.<\/p>\n\n\n\n<p class=\"wp-block-paragraph\">Durante\neste encuentro virtual &nbsp;estuvieron\npresentes: Marcelo Ebrard Casaub\u00f3n, Secretario de Relaciones Exteriores; Martha\nLuc\u00eda Micher Camarena, presidenta de la Comisi\u00f3n para la Igualdad de G\u00e9nero en\nel Senado mexicano; Bel\u00e9n Sanz Luque, representante de ONU Mujeres en M\u00e9xico;\nM\u00f3nica Fern\u00e1ndez Balboa, Presidenta de la Mesa Directiva del Senado de la Rep\u00fablica;\nRicardo Monreal \u00c1vila, presidente de la Junta de Coordinaci\u00f3n Pol\u00edtica del\nSenado de la Rep\u00fablica; adem\u00e1s de senadoras integrantes de la Comisi\u00f3n para la\nIgualdad de G\u00e9nero. <br>\n<br>\n<\/p>\n\n\n\n<p class=\"wp-block-paragraph\">SEM\/em\/sj<\/p>\n","protected":false},"excerpt":{"rendered":"<p>Seis meses m\u00e1s de confinamiento podr\u00edan dejar 31 millones de casos de violencia en casa en todo el mundo, advirti\u00f3 la Alta Comisionada para los Derechos Humanos de las Naciones Unidas (ONUDH)<\/p>\n","protected":false},"author":3,"featured_media":21825,"comment_status":"open","ping_status":"open","sticky":false,"template":"","format":"standard","meta":{"_monsterinsights_skip_tracking":false,"footnotes":""},"categories":[691,50],"tags":[],"class_list":["post-21824","post","type-post","status-publish","format-standard","has-post-thumbnail","category-691","category-congreso"],"_links":{"self":[{"href":"https:\/\/redsemlac.com\/semmexico\/wp-json\/wp\/v2\/posts\/21824","targetHints":{"allow":["GET"]}}],"collection":[{"href":"https:\/\/redsemlac.com\/semmexico\/wp-json\/wp\/v2\/posts"}],"about":[{"href":"https:\/\/redsemlac.com\/semmexico\/wp-json\/wp\/v2\/types\/post"}],"author":[{"embeddable":true,"href":"https:\/\/redsemlac.com\/semmexico\/wp-json\/wp\/v2\/users\/3"}],"replies":[{"embeddable":true,"href":"https:\/\/redsemlac.com\/semmexico\/wp-json\/wp\/v2\/comments?post=21824"}],"version-history":[{"count":0,"href":"https:\/\/redsemlac.com\/semmexico\/wp-json\/wp\/v2\/posts\/21824\/revisions"}],"wp:featuredmedia":[{"embeddable":true,"href":"https:\/\/redsemlac.com\/semmexico\/wp-json\/wp\/v2\/media\/21825"}],"wp:attachment":[{"href":"https:\/\/redsemlac.com\/semmexico\/wp-json\/wp\/v2\/media?parent=21824"}],"wp:term":[{"taxonomy":"category","embeddable":true,"href":"https:\/\/redsemlac.com\/semmexico\/wp-json\/wp\/v2\/categories?post=21824"},{"taxonomy":"post_tag","embeddable":true,"href":"https:\/\/redsemlac.com\/semmexico\/wp-json\/wp\/v2\/tags?post=21824"}],"curies":[{"name":"wp","href":"https:\/\/api.w.org\/{rel}","templated":true}]}}