{"id":21821,"date":"2020-06-15T16:58:54","date_gmt":"2020-06-15T16:58:54","guid":{"rendered":"https:\/\/redsemlac.com\/semmexico\/?p=21821"},"modified":"2023-07-21T16:24:21","modified_gmt":"2023-07-21T21:24:21","slug":"mexicanas-no-estan-dispuestas-a-aceptar-ni-un-callate-mas","status":"publish","type":"post","link":"https:\/\/redsemlac.com\/semmexico\/mexicanas-no-estan-dispuestas-a-aceptar-ni-un-callate-mas\/","title":{"rendered":"Mexicanas no est\u00e1n dispuestas a aceptar \u201cni un \u00a1c\u00e1llate! m\u00e1s\u201d"},"content":{"rendered":"\n<p class=\"wp-block-paragraph\"><strong>* La contingencia sanitaria ha generado un cambio<\/strong><\/p>\n\n\n\n<p class=\"wp-block-paragraph\"><strong>* Funcionarias federales hablan bien de su trabajo<\/strong><\/p>\n\n\n\n<p class=\"wp-block-paragraph\"><strong>Sara Lovera<\/strong><\/p>\n\n\n\n<p class=\"wp-block-paragraph\">SemM\u00e9xico, Cd. de M\u00e9xico, 15 de junio, 2020.- S\u00ed\naumentaron las llamadas de auxilio por violencia contra las mujeres en casa,\nello se debe a que el gobierno \u201clo estamos propiciando\u201d, por las campa\u00f1as No\nest\u00e1s Sola y Alas para el Cambio, que invitan a las mujeres a acudir a los\nservicios de prevenci\u00f3n y atenci\u00f3n de todo el pa\u00eds y por la colaboraci\u00f3n de 250\norganizaciones de la sociedad civil, dijo Luz Rosales Esteva, directora del\nInstituto de Desarrollo Social (INDESOL), \u00f3rgano desconcentrado de la\nSecretar\u00eda del Bienestar.<\/p>\n\n\n\n<p class=\"wp-block-paragraph\">Antes la presidenta del Instituto Nacional de las\nMujeres, Nadine Gasman Silverman hab\u00eda dicho que durante los 100 d\u00edas de\nconfinamiento por la pandemia del COVID-19 en M\u00e9xico, las llamadas al 911 y en\nbusca de servicios de apoyo creci\u00f3 la petici\u00f3n de auxilio entre 20 y 30 por\nciento. &nbsp;<\/p>\n\n\n\n<p class=\"wp-block-paragraph\">Ambas destacaron que se trata de una situaci\u00f3n\nin\u00e9dita que ha servido para incidir en la conciencia de hombres y mujeres para\nla sana convivencia y ha dejado claro a las mexicanas que ning\u00fan acto de\nviolencia es aceptable, ni el m\u00e1s sutil de \u201cc\u00e1llate\u201d a su escalamiento que pone\nen riesgo la vida de las mujeres. <\/p>\n\n\n\n<p class=\"wp-block-paragraph\">La directora de INDESOL incluso lleg\u00f3 a decir que,\nsi se comparan las cifras con las de hace un a\u00f1o, se puede ver la diferencia.\nNo explic\u00f3 si al alza o a la baja, en violencia contra las mujeres y consider\u00f3\nque a todas y todos nos toca parar esa violencia \u201cque nos duele\u201d.<\/p>\n\n\n\n<p class=\"wp-block-paragraph\">Hablaron a los medios por todos los medios p\u00fablicos,\ncomo cada d\u00eda a las 17 horas desde el Sal\u00f3n de la Tesorer\u00eda del Palacio Nacional\nsobre los Avances y Resultados de los Programas de Bienestar y Reactivaci\u00f3n\nEcon\u00f3mica. SemM\u00e9xico estuvo presente v\u00eda virtual. Esta conferencia que preside\nla Secretaria del Trabajo, Luisa Mar\u00eda Alcalde, y que el s\u00e1bado se destin\u00f3 a analizar\nc\u00f3mo las medidas del gobierno inciden en la vida de las mujeres. <\/p>\n\n\n\n<p class=\"wp-block-paragraph\">Ambas funcionarias sostuvieron que en este gobierno\nse da prioridad a las pobres y que las campa\u00f1as para parar la violencia se\nhacen a trav\u00e9s de 410 instituciones y en mil 500 municipios, que se destinan\nmensajes a los hombres y que se ha propiciado la sana convivencia y la paz en\nlos hogares.<\/p>\n\n\n\n<p class=\"wp-block-paragraph\">Por ello las y los periodistas preguntaron sobre las\nllamadas de auxilio. Ambas funcionarias, primero las minimizaron, y dijeron que\nvivimos una situaci\u00f3n in\u00e9dita, \u201cque nos ha hecho reflexionar\u201d y que\n\u201cafortunadamente\u201d se est\u00e1 propiciando que aumente el reparto del trabajo de\ncuidados. La presidenta de INMUJERES quiso dejar muy claro que \u201cantes de la\npandemia no nos iba bien a las mujeres\u201d y que estos tres meses han permitido\ntrabajar de la mano de los institutos o secretar\u00edas de las mujeres. <\/p>\n\n\n\n<p class=\"wp-block-paragraph\">Luego anunci\u00f3 que este lunes empezar\u00e1 a circular un\nbolet\u00edn informativo sobre c\u00f3mo vamos. Y explic\u00f3, ampliamente, para que quede\nclaro que de los programas de Bienestar, que llegar\u00e1n al 70 por ciento de las\nfamilias \u2013\u201cque llegar\u00e1n\u201d dijo- la mitad favorece a las mujeres. \u201cLo m\u00e1s\nimportante es que llegar\u00e1n a las m\u00e1s pobres\u201d. Tanto que inform\u00f3 que incluso el\nprograma Sembrando Vida abri\u00f3 la posibilidad de cerrar la brecha entre las\nind\u00edgenas y campesinas, que las beneficiar\u00e1 en el usufructo de la tierra.<\/p>\n\n\n\n<p class=\"wp-block-paragraph\">Rosales Esteva explic\u00f3 c\u00f3mo desde el INDESOL -donde\nse administra el Programa de Apoyo a las Instancias de Mujeres en las\nEntidades Federativas (PAIMEF)- orienta sobre la prevenci\u00f3n y atenci\u00f3n de la\nviolencia contra las mujeres para parar la violencia de g\u00e9nero ha abierto\nmuchas puertas a las mujeres, en \u201ccualquiera que abra\u201d encontrar\u00e1 atenci\u00f3n y\nservicios.&nbsp; <\/p>\n\n\n\n<p class=\"wp-block-paragraph\">Agreg\u00f3 que el trabajo de Alas para el Cambio est\u00e1\nprobando la colaboraci\u00f3n de toda la sociedad. Inform\u00f3 que se han suscrito\nconvenios con 54 instancias gubernamentales y en las 32 entidades del pa\u00eds. Que\nINDESOL trabaja de la mano con las instancias de las mujeres en todo el pa\u00eds.<\/p>\n\n\n\n<p class=\"wp-block-paragraph\">El mensaje que dieron, en forma reiterada, es que\nsiguen los mandatos del presidente Andr\u00e9s Manuel L\u00f3pez Obrador, en que todos\nsus esfuerzos, programas y tareas est\u00e1n destinadas a las mujeres y a los\nhombres m\u00e1s pobres.<\/p>\n\n\n\n<p class=\"wp-block-paragraph\">La presidenta de INMUJERES aleccion\u00f3 a las y los\nperiodistas sobre lo que es esa instituci\u00f3n; dijo que lo que est\u00e1n haciendo\nresponde a lo que pidieron 5 mil mujeres en todo el pa\u00eds, durante la consulta\npara construir el Programa Nacional de Igualdad, donde destaca la urgencia de\ncerrar brechas en el terreno de lo econ\u00f3mico, la seguridad y la paz; tener\ntrabajos dignos y bien remunerados y el reconocimiento al trabajo de\ncuidados&nbsp; -o doble jornada- para que las\nmujeres puedan acceder a su empoderamiento o libertad.<\/p>\n\n\n\n<p class=\"wp-block-paragraph\">En ese sentido, Luisa Mar\u00eda Alcalde Luj\u00e1n se\u00f1al\u00f3 que\nel trabajo de cuidados es lo que impide que crezca la participaci\u00f3n econ\u00f3mica y\nlaboral de las mujeres.<\/p>\n\n\n\n<p class=\"wp-block-paragraph\">Nadine Gasman Silverman destac\u00f3 que los servicios\nque se prestan para atender a las mujeres son considerados como \u201cesenciales\u201d\ndurante esta emergencia sanitaria, por lo que no hay ninguna raz\u00f3n para aceptar\nla violencia en el confinamiento.<\/p>\n\n\n\n<p class=\"wp-block-paragraph\">\u201cLas instancias estatales y municipales de las\nmujeres reportan, dependiendo del lugar, un aumento m\u00e1s o menos entre 20 y 30\npor ciento de servicios, estamos recolectando la informaci\u00f3n\u201d, dijo y ah\u00ed\nanunci\u00f3 que dar\u00e1n cifras actualizadas en un bolet\u00edn que hoy se har\u00e1 el primero.<\/p>\n\n\n\n<p class=\"wp-block-paragraph\">Por su parte, la directora general del INDESOL, Luz\nRosales Esteva hizo una larga alocuci\u00f3n sobre como las situaciones extremas de\nviolencia en casa \u201ccuando ya no hay remedio\u201d se atienden a trav\u00e9s de los\nrefugios, &nbsp;algunos estatales y otros de\nla sociedad civil donde se brinda protecci\u00f3n cuando el riesgo, incluso, puede\nproducir la muerte &nbsp;de las mujeres.<\/p>\n\n\n\n<p class=\"wp-block-paragraph\">SEM\/sl\/sj<\/p>\n","protected":false},"excerpt":{"rendered":"<p>Funcionarias federales hablan bien de su trabajo<\/p>\n","protected":false},"author":3,"featured_media":21822,"comment_status":"open","ping_status":"open","sticky":false,"template":"","format":"standard","meta":{"_monsterinsights_skip_tracking":false,"footnotes":""},"categories":[691,51],"tags":[],"class_list":["post-21821","post","type-post","status-publish","format-standard","has-post-thumbnail","category-691","category-ejecutivo"],"_links":{"self":[{"href":"https:\/\/redsemlac.com\/semmexico\/wp-json\/wp\/v2\/posts\/21821","targetHints":{"allow":["GET"]}}],"collection":[{"href":"https:\/\/redsemlac.com\/semmexico\/wp-json\/wp\/v2\/posts"}],"about":[{"href":"https:\/\/redsemlac.com\/semmexico\/wp-json\/wp\/v2\/types\/post"}],"author":[{"embeddable":true,"href":"https:\/\/redsemlac.com\/semmexico\/wp-json\/wp\/v2\/users\/3"}],"replies":[{"embeddable":true,"href":"https:\/\/redsemlac.com\/semmexico\/wp-json\/wp\/v2\/comments?post=21821"}],"version-history":[{"count":0,"href":"https:\/\/redsemlac.com\/semmexico\/wp-json\/wp\/v2\/posts\/21821\/revisions"}],"wp:featuredmedia":[{"embeddable":true,"href":"https:\/\/redsemlac.com\/semmexico\/wp-json\/wp\/v2\/media\/21822"}],"wp:attachment":[{"href":"https:\/\/redsemlac.com\/semmexico\/wp-json\/wp\/v2\/media?parent=21821"}],"wp:term":[{"taxonomy":"category","embeddable":true,"href":"https:\/\/redsemlac.com\/semmexico\/wp-json\/wp\/v2\/categories?post=21821"},{"taxonomy":"post_tag","embeddable":true,"href":"https:\/\/redsemlac.com\/semmexico\/wp-json\/wp\/v2\/tags?post=21821"}],"curies":[{"name":"wp","href":"https:\/\/api.w.org\/{rel}","templated":true}]}}