{"id":21819,"date":"2020-06-15T16:52:50","date_gmt":"2020-06-15T16:52:50","guid":{"rendered":"https:\/\/redsemlac.com\/semmexico\/?p=21819"},"modified":"2023-07-21T16:24:21","modified_gmt":"2023-07-21T21:24:21","slug":"miradas-de-reportero-38","status":"publish","type":"post","link":"https:\/\/redsemlac.com\/semmexico\/miradas-de-reportero-38\/","title":{"rendered":"Miradas de reportero"},"content":{"rendered":"\n<h2 class=\"wp-block-heading\"> C\u00f3digo \u00e9tico obligatorio para la prensa en la CDMX ayudar\u00e1 a su credibilidad <\/h2>\n\n\n\n<p class=\"wp-block-paragraph\"><strong>Rogelio Hern\u00e1ndez L\u00f3pez<\/strong><\/p>\n\n\n\n<p class=\"wp-block-paragraph\">SemM\u00e9xico, 15 de junio, 2020.- Esa noticia del 9 de\njunio la manejaron pocos medios y le dieron poca relevancia.<\/p>\n\n\n\n<p class=\"wp-block-paragraph\">Por ley, en la Ciudad de M\u00e9xico ya existe una\ndefinici\u00f3n m\u00e1s precisa del periodista profesional, que ahora tendr\u00e1 cuatro\nderechos vigentes para ampliar su libertad y todas las empresas deber\u00e1n tener,\npara el 5 de diciembre, un c\u00f3digo de \u00e9tica y un comit\u00e9 de vigilancia para\ncumplirlo. <\/p>\n\n\n\n<p class=\"wp-block-paragraph\">Lo trascendente de esta ley es que ser\u00e1 obligatorio\npara la prensa disimular menos, ser m\u00e1s transparente y tambi\u00e9n le ayudar\u00e1 a\nobtener o mejorar sus \u00edndices de credibilidad. Tendr\u00e1 que cambiar ciertas pr\u00e1cticas,\npor ejemplo:<\/p>\n\n\n\n<p class=\"wp-block-paragraph\">&#8212; Revelar su orientaci\u00f3n pol\u00edtica y comprometerse a\nmantenerla;<\/p>\n\n\n\n<p class=\"wp-block-paragraph\">&#8212; Definir mejor sus pol\u00edticas editoriales y\ntransparentarlas;<\/p>\n\n\n\n<p class=\"wp-block-paragraph\">&#8212; Ajustar sus m\u00e9todos y t\u00e9cnicas para generar\ninformaci\u00f3n;<\/p>\n\n\n\n<p class=\"wp-block-paragraph\">&#8212; Liberar la conciencia de sus trabajadores;<\/p>\n\n\n\n<p class=\"wp-block-paragraph\">&#8212; Crear instancias internas para salvaguardar sus c\u00f3digos\nde \u00e9tica.<\/p>\n\n\n\n<p class=\"wp-block-paragraph\">Todo eso, no es poco. Es previsible que esta ley no\nla entender\u00e1n ni aceptar\u00e1n f\u00e1cilmente varios empresarios de medios. Veremos\nreacciones diversas.<\/p>\n\n\n\n<p class=\"wp-block-paragraph\"><strong>Ley que mejora<\/strong><\/p>\n\n\n\n<p class=\"wp-block-paragraph\">Hace 14 a\u00f1os naci\u00f3 en el antiguo Distrito Federal la\nley pionera en reconocer tres derechos para periodistas. <\/p>\n\n\n\n<p class=\"wp-block-paragraph\">El 7 de junio de 2006 fue publicada la <em>Ley del\nSecreto Profesional del Periodista.<\/em> En 11 art\u00edculos creo la primera definici\u00f3n\noficial de periodista y la separ\u00f3 del colaborador period\u00edstico; reconoci\u00f3 la\nactividad como del \u201cinter\u00e9s p\u00fablico\u201d; estableci\u00f3 \u201cel secreto profesional de las\nfuentes\u201d y liber\u00f3 el acceso a la informaci\u00f3n ya generada y a la que se est\u00e9\ngenerando en actos p\u00fablicos. <\/p>\n\n\n\n<p class=\"wp-block-paragraph\">En la nueva ley de 2020, que sustituye a la anterior,\nse mejoraron todas esas partes y se a\u00f1adi\u00f3 el derecho profesional del\nperiodista de no crear informaci\u00f3n sesgada por inducciones u \u00f3rdenes de sus\nempleadores (cl\u00e1usula de conciencia).<\/p>\n\n\n\n<p class=\"wp-block-paragraph\">Otro avance, tambi\u00e9n importante es que explica mejor\nla definici\u00f3n de periodista profesional y la separa de lo que son los\ncolaboradores period\u00edsticos. <\/p>\n\n\n\n<p class=\"wp-block-paragraph\">El 8 de junio de 2020 la Gaceta Oficial de la Ciudad\nDe M\u00e9xico y el Diario Oficial de la Federaci\u00f3n publicaron el Decreto por el que\nse abroga la ley de 2006 y se expide la Ley del Secreto Profesional y Cl\u00e1usula\nde Conciencia para el Ejercicio Period\u00edstico de la Ciudad de M\u00e9xico. <\/p>\n\n\n\n<p class=\"wp-block-paragraph\">A juicio de este reportero de los asuntos del\nperiodismo desde 1996, los contenidos renovados y agregados que hacen de avanzada\nesta nueva ley son: <\/p>\n\n\n\n<p class=\"wp-block-paragraph\">Art\u00edculo 1.- La presente Ley es de orden p\u00fablico<strong><em>,\ninter\u00e9s social<\/em><\/strong> y de observancia general en el territorio de la Ciudad\nde M\u00e9xico\u2026 (subrayados de RHL) <\/p>\n\n\n\n<p class=\"wp-block-paragraph\">Art\u00edculo 2.- Para los efectos de esta Ley se\nentender\u00e1 por: <\/p>\n\n\n\n<p class=\"wp-block-paragraph\"><strong><em>I. C\u00f3digo de \u00e9tica<\/em><\/strong>: (nuevo) documento resultado de la autorregulaci\u00f3n de medios de\ncomunicaci\u00f3n, elaborado a partir de la colaboraci\u00f3n de las personas integrantes\ndel medio que contenga directrices de conducta, considerando <strong><em>los\nprincipios de responsabilidad social<\/em><\/strong>, acceso y participaci\u00f3n del\np\u00fablico, y la pluralidad de ideas;<\/p>\n\n\n\n<p class=\"wp-block-paragraph\"><strong><em>II. Estatuto de redacci\u00f3n<\/em><\/strong>: (nuevo) regulaci\u00f3n interna de medios de\ncomunicaci\u00f3n que contenga directrices sobre la forma en que se pretenden <strong><em>regular\ny ordenar las relaciones profesionales<\/em><\/strong> de las personas integrantes del\nmedio\u2026<\/p>\n\n\n\n<p class=\"wp-block-paragraph\"><strong><em>III. Persona colaboradora period\u00edstica:<\/em><\/strong> (separada de periodista) toda persona que hace del\nejercicio de las libertades de expresi\u00f3n y\/o informaci\u00f3n su <strong><em>actividad\nprincipal o complementaria<\/em><\/strong>, ya sea de manera espor\u00e1dica o regular, sin\nque se requiera registro gremial, remuneraci\u00f3n o acreditaci\u00f3n alguna para su\nejercicio; y <\/p>\n\n\n\n<p class=\"wp-block-paragraph\"><strong><em>IV. Persona periodista:<\/em><\/strong> (mejorado) toda persona que hace del ejercicio de\nlas libertades de expresi\u00f3n y\/o informaci\u00f3n su actividad, <strong><em>de manera\npermanente<\/em><\/strong>. <strong><em>Las personas f\u00edsicas,<\/em><\/strong> cuyo trabajo consiste\nen buscar, recibir, recabar, almacenar, generar, procesar, editar, comentar,\nopinar, difundir, publicar o proveer informaci\u00f3n a trav\u00e9s de cualquier medio de\ndifusi\u00f3n y comunicaci\u00f3n que puede ser impreso, radioel\u00e9ctrico, digital o\nimagen, <strong><em>que acredite experiencia o estudios o en su caso t\u00edtulo para\nejercer el periodismo. <\/em><\/strong><\/p>\n\n\n\n<p class=\"wp-block-paragraph\"><strong><em>Art\u00edculo 4.- El secreto profesional<\/em><\/strong> (mejorado) es el derecho inalienable que tienen las\npersonas periodistas y personas colaboradoras period\u00edsticas de mantener el <strong><em>secreto\nde la identidad de las fuentes <\/em><\/strong><\/p>\n\n\n\n<p class=\"wp-block-paragraph\"><strong><em>Art\u00edculo 6.- La cl\u00e1usula de conciencia<\/em><\/strong> (nuevo) es el derecho que tienen las personas\nperiodistas y personas colaboradoras period\u00edsticas que les permite solicitar la\nrescisi\u00f3n o terminaci\u00f3n de la relaci\u00f3n profesional que las une con la empresa\neditora de un medio de comunicaci\u00f3n, <strong><em>cuando \u00e9ste manifieste un cambio\nsustancial<\/em><\/strong>, (en) criterios o principios editoriales (\u2026) Las personas\nperiodistas y personas colaboradoras period\u00edsticas <strong><em>podr\u00e1n negarse<\/em><\/strong>,\nde manera motivada a realizar una instrucci\u00f3n de sus superiores en el medio\npara el que labora, <strong><em>a participar en la elaboraci\u00f3n de informaciones\ncontrarias a sus principios ideol\u00f3gicos, \u00e9ticos o de conciencia, o a firmar\ninformaciones elaboradas por \u00e9stos que hayan sido alteradas\u2026<\/em><\/strong><\/p>\n\n\n\n<p class=\"wp-block-paragraph\"><strong><em>Los medios de comunicaci\u00f3n establecer\u00e1n C\u00f3digos de \u00c9tica y Estatutos de Redacci\u00f3n propios, para salvaguardar la cl\u00e1usula de conciencia de las personas periodistas y personas colaboradoras period\u00edsticas<\/em><\/strong>. (\u2026) <\/p>\n\n\n\n<p class=\"wp-block-paragraph\"><strong><em>Los C\u00f3digos de \u00c9tica atender\u00e1n la autorregulaci\u00f3n de\nlos medios.<\/em><\/strong><\/p>\n\n\n\n<p class=\"wp-block-paragraph\">Para efectos de la presente Ley, <strong><em>los Estatutos\nde Redacci\u00f3n deber\u00e1n ser publicados y contener como m\u00ednimo: <\/em><\/strong><\/p>\n\n\n\n<p class=\"wp-block-paragraph\"><strong><em>I. La creaci\u00f3n y regulaci\u00f3n de su Comit\u00e9 Profesional\ncomo \u00f3rgano de representaci\u00f3n profesional al interior del medio de\ncomunicaci\u00f3n; <\/em><\/strong><\/p>\n\n\n\n<p class=\"wp-block-paragraph\">Art\u00edculo 8.- Las personas periodistas y personas\ncolaboradoras period\u00edsticas podr\u00e1n ejercer su derecho de <strong><em>acceso a la informaci\u00f3n\nconforme a la legislaci\u00f3n aplicable<\/em><\/strong>. <\/p>\n\n\n\n<p class=\"wp-block-paragraph\">Art\u00edculo 9.- Las personas periodistas y personas\ncolaboradoras period\u00edsticas <strong><em>tendr\u00e1n acceso a los actos p\u00fablicos que\ndesarrollen las autoridades, o a los de car\u00e1cter p\u00fablico que desarrollen los\nparticulares. No se podr\u00e1 prohibir la presencia de ning\u00fan periodista en estos\nactos<\/em><\/strong>. <\/p>\n\n\n\n<p class=\"wp-block-paragraph\">TRANSITORIOS \u2026 QUINTO. <strong><em>Los medios de\ncomunicaci\u00f3n ubicados en la Ciudad de M\u00e9xico tendr\u00e1n un plazo de ciento ochenta\nd\u00edas naturales, a partir de la entrada en vigor del presente Decreto, para\nhacer p\u00fablicos sus respectivos C\u00f3digos de \u00c9tica y sus Estatutos de Redacci\u00f3n.<\/em><\/strong><\/p>\n\n\n\n<p class=\"wp-block-paragraph\">El plazo comenz\u00f3 el 8 de junio cu el decreto fue\npublicado. Los seis meses de d\u00edas naturales vencen el 5 de diciembre. (Texto\ncompleto de la nueva ley en: <a href=\"http:\/\/data.consejeria.cdmx.gob.mx\/portal_old\/uploads\/gacetas\/d64d156a650e493bbf0725b94f282a89.pdf)\">http:\/\/data.consejeria.cdmx.gob.mx\/portal_old\/uploads\/gacetas\/d64d156a650e493bbf0725b94f282a89.pdf)<\/a> <\/p>\n\n\n\n<p class=\"wp-block-paragraph\"><strong>Ayuda para permanecer<\/strong><\/p>\n\n\n\n<p class=\"wp-block-paragraph\">Como toda persona profesional sabe, la credibilidad\nes una cualidad indispensable para relaciones sociales sanas. En periodismo &#8211;mucho\nse ha escrito&#8211;, ser cre\u00edble para las fuentes de informaci\u00f3n y los p\u00fablicos\nsignifica confianza y es la base de un periodismo bien apreciado socialmente.<\/p>\n\n\n\n<p class=\"wp-block-paragraph\">En estos d\u00edas la <em>Fundaci\u00f3n Gabo<\/em> difundi\u00f3 el\nbalance de un panel de periodistas veteranos y expertos en desarrollo\nprofesional del periodismo con una advertencia:<\/p>\n\n\n\n<p class=\"wp-block-paragraph\"><em>\u201cEl futuro de los medios es h\u00edbrido, pero queda\nclaro que, ante la crisis econ\u00f3mica y period\u00edstica, el \u00e9xito del periodismo\nest\u00e1 en la credibilidad y la \u00e9tica en los medios y los periodistas.\u201d<\/em><\/p>\n\n\n\n<p class=\"wp-block-paragraph\">En 1999, cuando la editorial Grijalbo me public\u00f3\naquella investigaci\u00f3n sobre las condiciones de las y los periodistas (<em>S\u00f3lo\npara periodistas. Manual de supervivencia en los medios mexicanos<\/em>) yo\nsuger\u00eda, y ahora lo reitero, que la credibilidad no deber\u00eda tomarse como mero asunto\nmoral sino tambi\u00e9n como factor medible de negocio y para la aceptaci\u00f3n social de\ntoda la industria. <\/p>\n\n\n\n<p class=\"wp-block-paragraph\">Pero en 2015 ya eran demasiados los s\u00edntomas en la\nca\u00edda de la estima social a los medios. <\/p>\n\n\n\n<p class=\"wp-block-paragraph\"><br>\nEn la investigaci\u00f3n de Omar Ra\u00fal Mart\u00ednez (<em>\u00c9tica y autorregulaci\u00f3n,<\/em> Edit.\nCDHDF) se mostr\u00f3 que era irrisoria la cantidad de medios privados y sociales\nque ten\u00edan c\u00f3digos de \u00e9tica, y que menos todav\u00eda hab\u00edan nombrado defensores de\nla informaci\u00f3n que velaran por la vigencia de esos c\u00f3digos. Solo cumpl\u00edan los\nmedios p\u00fablicos, &nbsp;<a href=\"https:\/\/cdhcm.org.mx\/wp-content\/uploads\/2015\/06\/etica-y-autorregulacion.pdf\">https:\/\/cdhcm.org.mx\/wp-content\/uploads\/2015\/06\/etica-y-autorregulacion.pdf<\/a><\/p>\n\n\n\n<p class=\"wp-block-paragraph\">Con la nueva ley en la Ciudad de M\u00e9xico las nuevas\nobligaciones de los medios de prensa les servir\u00e1n para al menos intentar la recuperaci\u00f3n\nde la aceptaci\u00f3n social perdida. Y, de paso, disminuir\u00e1 estigmas que\nvulnerabilizan a las personas periodistas.<\/p>\n\n\n\n<p class=\"wp-block-paragraph\">El punto de partida es que los empresarios de los\nmedios tendr\u00e1n que ser sinceros \u2013como recomiendan Pulitzer y Kapuscinski\u2014 al\nhacer o revisar sus c\u00f3digos de \u00e9tica y los estatutos o manuales de redacci\u00f3n y\ndecir p\u00fablicamente c\u00f3mo son y a qu\u00e9 aspiran realmente.<\/p>\n\n\n\n<p class=\"wp-block-paragraph\">Esa sinceridad es indispensable para ya no tratar de\ndisimular las malas pr\u00e1cticas con posiciones p\u00fablicas supuestamente \u201cas\u00e9pticas,\nneutrales, objetivas\u201d que a la larga no enga\u00f1an. Siempre se sabe qui\u00e9n es qui\u00e9n.<\/p>\n","protected":false},"excerpt":{"rendered":"<p>C\u00f3digo \u00e9tico obligatorio para la prensa en la CDMX ayudar\u00e1 a su credibilidad<\/p>\n","protected":false},"author":3,"featured_media":8473,"comment_status":"open","ping_status":"open","sticky":false,"template":"","format":"standard","meta":{"_monsterinsights_skip_tracking":false,"footnotes":""},"categories":[691,106,85],"tags":[],"class_list":["post-21819","post","type-post","status-publish","format-standard","has-post-thumbnail","category-691","category-mirada-de-reportero","category-rogelio-hernandez-lopez"],"_links":{"self":[{"href":"https:\/\/redsemlac.com\/semmexico\/wp-json\/wp\/v2\/posts\/21819","targetHints":{"allow":["GET"]}}],"collection":[{"href":"https:\/\/redsemlac.com\/semmexico\/wp-json\/wp\/v2\/posts"}],"about":[{"href":"https:\/\/redsemlac.com\/semmexico\/wp-json\/wp\/v2\/types\/post"}],"author":[{"embeddable":true,"href":"https:\/\/redsemlac.com\/semmexico\/wp-json\/wp\/v2\/users\/3"}],"replies":[{"embeddable":true,"href":"https:\/\/redsemlac.com\/semmexico\/wp-json\/wp\/v2\/comments?post=21819"}],"version-history":[{"count":0,"href":"https:\/\/redsemlac.com\/semmexico\/wp-json\/wp\/v2\/posts\/21819\/revisions"}],"wp:featuredmedia":[{"embeddable":true,"href":"https:\/\/redsemlac.com\/semmexico\/wp-json\/wp\/v2\/media\/8473"}],"wp:attachment":[{"href":"https:\/\/redsemlac.com\/semmexico\/wp-json\/wp\/v2\/media?parent=21819"}],"wp:term":[{"taxonomy":"category","embeddable":true,"href":"https:\/\/redsemlac.com\/semmexico\/wp-json\/wp\/v2\/categories?post=21819"},{"taxonomy":"post_tag","embeddable":true,"href":"https:\/\/redsemlac.com\/semmexico\/wp-json\/wp\/v2\/tags?post=21819"}],"curies":[{"name":"wp","href":"https:\/\/api.w.org\/{rel}","templated":true}]}}