{"id":21817,"date":"2020-06-15T16:50:12","date_gmt":"2020-06-15T16:50:12","guid":{"rendered":"https:\/\/redsemlac.com\/semmexico\/?p=21817"},"modified":"2023-07-21T16:24:21","modified_gmt":"2023-07-21T21:24:21","slug":"botella-al-mar-33","status":"publish","type":"post","link":"https:\/\/redsemlac.com\/semmexico\/botella-al-mar-33\/","title":{"rendered":"Botella al Mar"},"content":{"rendered":"\n<h2 class=\"wp-block-heading\"> Todos los d\u00edas son 8 de marzo <\/h2>\n\n\n\n<p class=\"wp-block-paragraph\"><strong>Martha Canseco Gonz\u00e1lez<\/strong><\/p>\n\n\n\n<p class=\"wp-block-paragraph\">SemM\u00e9xico, 15 de junio, 2020.- Con motivo de la\npandemia el pasado 16 de abril, la fil\u00f3sofa y feminista espa\u00f1ola Amelia Valc\u00e1rcel\nescribi\u00f3 para el diario El Pa\u00eds, un art\u00edculo sobre el miedo, ah\u00ed dijo: \u201cNos\navisa Montaigne de que el miedo trastorna el juicio, vuelve insensata a la\npersona m\u00e1s prudente y llega incluso a provocar alucinaciones. Cuando el miedo\nse ha vuelto la emoci\u00f3n prevalente como en las grandes pestes, las guerras de religi\u00f3n,\nlas hambrunas y los desastres, se han buscado adem\u00e1s chivos expiatorios. La\ndin\u00e1mica es conocida: Se instala el rumor, crece, se embala, adviene el miedo,\nse pierde el camino y comienza la b\u00fasqueda del responsable que ha de pagar por\ntodo\u201d (hasta aqu\u00ed la cita).<\/p>\n\n\n\n<p class=\"wp-block-paragraph\">Cuando el miedo, una emoci\u00f3n natural, se aprovecha\npara sacar raja pol\u00edtica es de una bajeza monumental. Eso est\u00e1 pasando en\nM\u00e9xico con la oposici\u00f3n y tambi\u00e9n en Espa\u00f1a donde el Partido Popular y Vox\ntrataron de matar dos p\u00e1jaros de un tiro, como bien lo dice Pepa Bueno.\nIniciaron una causa judicial contra el delegado del gobierno del PSOE en\nMadrid, Jos\u00e9 Manuel Franco, por el manejo de la pandemia y por haber permitido\nla marcha del 8 de marzo, donde aseguran miles de personas se contagiaron por\nculpa de las feministas.<\/p>\n\n\n\n<p class=\"wp-block-paragraph\">La semana pasada, la jueza Carmen Rodr\u00edguez Medel,\narchiv\u00f3 el caso bajo el argumento de que es imposible determinar que Franco\nten\u00eda, a principios de marzo, toda la informaci\u00f3n sobre el comportamiento de la\npandemia y que era fundamental la sana distancia, igualmente se\u00f1al\u00f3, que la\nmarcha de mujeres no fue la \u00fanica concentraci\u00f3n de personas de esos d\u00edas,\nsigui\u00f3 habiendo fiestas, reuniones, la gente viaj\u00f3 en el transporte p\u00fablico,\nlos hipermercados funcionaban con normalidad.<\/p>\n\n\n\n<p class=\"wp-block-paragraph\">En este marco resalta la respuesta que dio la\nMinistra de Igualdad de Espa\u00f1a Irene Montero en el Congreso a una diputada de\noposici\u00f3n que insisti\u00f3 en culpar a la marcha feminista, le dijo m\u00e1s o menos as\u00ed:\n\u201cLe dec\u00eda que yo y usted tambi\u00e9n acudimos a la movilizaci\u00f3n del 8 de marzo,\nporque los derechos que usted y yo gozamos son consecuencia de la movilizaci\u00f3n\ny de la lucha de las mujeres. Que gracias a las movilizaciones como la del 8 de\nmarzo tenemos el divorcio, el aborto. <\/p>\n\n\n\n<p class=\"wp-block-paragraph\">Es m\u00e1s se\u00f1or\u00eda, durante esta crisis, curiosamente,\ntodos los d\u00edas, todos los d\u00edas, han sido 8 de marzo porque han sido las mujeres\nlas que han estado al frente en las profesiones que se han revelado esenciales,\ndesde las sanitarias, las de limpieza, las trabajadoras del hogar y han sido\nlas mujeres las que han llevado sobre sus hombros la sobrecarga de cuidados que\nha implicado esta crisis en las familias. Ustedes criminalizan el 8 de marzo\ndiciendo que las movilizaciones feministas traen muerte, yo le dir\u00eda se\u00f1or\u00eda\nque las movilizaciones feministas lo que traen son supervivientes de la\nviolencia machista, supervivientes del suelo pegajoso y aqu\u00ed va a estar este\ngobierno para seguir defendiendo el feminismo. Vigilen, ahora que est\u00e1n muy\nocupados con el 8 de marzo, a la se\u00f1ora Ayuso que ha prohibido trasladar a los\nancianos a los hospitales, vigilen\u201d.<\/p>\n\n\n\n<p class=\"wp-block-paragraph\">\u00a1Como quisiera que hubiera una Irene Montero en este\npa\u00eds!<\/p>\n\n\n\n<p class=\"wp-block-paragraph\">Y mientras eso ocurre en Espa\u00f1a, recordar que ac\u00e1 en\nM\u00e9xico, el empresario \u00d3scar David Hern\u00e1ndez Carranza qui\u00e9n se liga a s\u00ed mismo\ncon la COPARMEX, intent\u00f3 v\u00eda judicial, detener las conferencias de prensa del\nDoctor Hugo L\u00f3pez Gatell, una jueza desecho la solicitud se\u00f1alando que la\ninformaci\u00f3n que a diario da el Doctor es de inter\u00e9s nacional.<\/p>\n\n\n\n<p class=\"wp-block-paragraph\">Lo escrib\u00ed en este mismo espacio hace meses cuando\nlas redes se inundaron de insultos y comentarios machistas en torno a la marcha\ny el paro de mujeres del 8 y 9 de marzo en todo el pa\u00eds. En ese momento nos\nrepudiaron por salir a las calles a exigir un alto a la violencia machista y el\nrespeto a nuestros m\u00e1s elementales derechos, pero que seguro se iban a quedar\ncalladitos ante el papel de las mujeres en la emergencia sanitaria.<\/p>\n\n\n\n<p class=\"wp-block-paragraph\">As\u00ed ha sido, lo que m\u00e1s le repatea al machismo\nmexicano es tener que aceptar y reconocer que nos necesitan, que al igual que\nen el resto del mundo, han sido las mujeres de M\u00e9xico a quienes la carga de\ntrabajo se les ha cuadruplicado o m\u00e1s.<\/p>\n\n\n\n<p class=\"wp-block-paragraph\">Y que lo que ya no se vale para nosotras, \u00a1es dar\ntodo a cambio de nada!<\/p>\n\n\n\n<p class=\"wp-block-paragraph\">\u00a1No queremos monumentos! solo sirven para que les\ncaguen las palomas encima, lo que queremos es el respeto total a nuestros derechos\nhumanos y que de una vez y para siempre dejen de violentarnos.<\/p>\n\n\n\n<p class=\"wp-block-paragraph\">En M\u00e9xico tambi\u00e9n, durante esta pandemia, \u00a1todos los\nd\u00edas han sido 8 de marzo!<\/p>\n\n\n\n<p class=\"wp-block-paragraph\">botellalmar2017@gmail.com <\/p>\n","protected":false},"excerpt":{"rendered":"<p>Todos los d\u00edas son 8 de marzo<\/p>\n","protected":false},"author":3,"featured_media":9095,"comment_status":"open","ping_status":"open","sticky":false,"template":"","format":"standard","meta":{"_monsterinsights_skip_tracking":false,"footnotes":""},"categories":[691,98,84],"tags":[],"class_list":["post-21817","post","type-post","status-publish","format-standard","has-post-thumbnail","category-691","category-botella-al-mar","category-martha-canseco"],"_links":{"self":[{"href":"https:\/\/redsemlac.com\/semmexico\/wp-json\/wp\/v2\/posts\/21817","targetHints":{"allow":["GET"]}}],"collection":[{"href":"https:\/\/redsemlac.com\/semmexico\/wp-json\/wp\/v2\/posts"}],"about":[{"href":"https:\/\/redsemlac.com\/semmexico\/wp-json\/wp\/v2\/types\/post"}],"author":[{"embeddable":true,"href":"https:\/\/redsemlac.com\/semmexico\/wp-json\/wp\/v2\/users\/3"}],"replies":[{"embeddable":true,"href":"https:\/\/redsemlac.com\/semmexico\/wp-json\/wp\/v2\/comments?post=21817"}],"version-history":[{"count":0,"href":"https:\/\/redsemlac.com\/semmexico\/wp-json\/wp\/v2\/posts\/21817\/revisions"}],"wp:featuredmedia":[{"embeddable":true,"href":"https:\/\/redsemlac.com\/semmexico\/wp-json\/wp\/v2\/media\/9095"}],"wp:attachment":[{"href":"https:\/\/redsemlac.com\/semmexico\/wp-json\/wp\/v2\/media?parent=21817"}],"wp:term":[{"taxonomy":"category","embeddable":true,"href":"https:\/\/redsemlac.com\/semmexico\/wp-json\/wp\/v2\/categories?post=21817"},{"taxonomy":"post_tag","embeddable":true,"href":"https:\/\/redsemlac.com\/semmexico\/wp-json\/wp\/v2\/tags?post=21817"}],"curies":[{"name":"wp","href":"https:\/\/api.w.org\/{rel}","templated":true}]}}